{"id":56732,"date":"2010-04-11T02:01:07","date_gmt":"2010-04-11T00:01:07","guid":{"rendered":"http:\/\/www.schoene-nachrichten.de\/?p=56732"},"modified":"2010-04-10T19:31:20","modified_gmt":"2010-04-10T17:31:20","slug":"kohlhaeuser-wehr-rueckte-36-mal-aus","status":"publish","type":"post","link":"https:\/\/www.fuldaernachrichten.de\/?p=56732","title":{"rendered":"Kohlh\u00e4user Wehr r\u00fcckte 36 Mal aus"},"content":{"rendered":"<p><strong>Fulda (cp).<\/strong> Im Jahresr\u00fcckblick anl\u00e4sslich der Jahreshauptversammlung der Freiwilligen Feuerwehr Fulda-Kohlhaus berichtete Wehrf\u00fchrer und 1. Vorsitzender Peter Goldmann, dass die Wehr insgesamt 36 Mal zu Brandeins\u00e4tzen, technischen Hilfeleistungen, Brandsicherheitsdiensten und anderen Eins\u00e4tzen gerufen wurde. Da die Kohlh\u00e4user Feuerwehr f\u00fcr die Thematik \u201eWespen und Hautfl\u00fcgler\u201c\u00c2\u00a0 im gesamten Stadtgebiet Fulda verantwortlich ist, stand diese Thematik bei 27 der 36 Eins\u00e4tze im Fokus des Geschehens.<!--more--><br \/>\n<strong><br \/>\nHohe Ausbildungsquote<\/strong><\/p>\n<p>Goldmann lobte vor allem das hohe Engagement seiner Kameraden im Bereich der Ausbildung. Mit 1.204 Ausbildungsstunden im vergangenen Jahr lag die Ausbildungsquote der Wehr deutlich \u00fcber den geforderten j\u00e4hrlichen Ausbildungsstunden je Feuerwehrmann. Insgesamt nahmen f\u00fcnf Mitglieder der Einsatzabteilung an weiterf\u00fchrenden Lehrg\u00e4ngen auf Stadtebene sowie an der Hessischen Landesfeuerwehrschule in Kassel teil. Besonders erw\u00e4hnte der Wehrf\u00fchrer in diesem Zusammenhang den Gruppenf\u00fchrerlehrgang von Matth\u00e4us Labus und f\u00fchrte aus, dass die Kohlh\u00e4user Wehr nun zuk\u00fcnftig auf einen weiteren Gruppenf\u00fchrer im Einsatz- und Ausbildungsdienst zur\u00fcckgreifen k\u00f6nne. In seinem Jahresbericht verwies Goldmann au\u00dferdem auf zahlreiche Aktivit\u00e4ten der Wehr, wie zum Beispiel die Bereichs\u00fcbung im Kindergarten Kohlhaus, die das Zusammenspiel der Fuldaer Nachbarwehren aus Bronnzell, Edelzell und Kohlhaus trainierte und als Vorbereitung auf den Ernstfall diente.<\/p>\n<p><strong>Bef\u00f6rderungen und Ehrungen<\/strong><\/p>\n<p>Ortsvorsteher Reinhard Kremser dankte den Feuerwehrangeh\u00f6rigen f\u00fcr die im vergangenen Jahr geleistete Arbeit und stellte fest, dass die Jugend das Kapital eines jeden Vereins sei. Auch Stefanie Mathes von der Gesamtjugendfeuerwehr der Stadt Fulda lobte in ihrer Ansprache die Jugendarbeit im Stadtteil, welche durch Matth\u00e4us Labus und Thorsten Heitz den anwesenden G\u00e4sten dargestellt wurde.<\/p>\n<p>Thomas Helmer, der die Gru\u00dfworte des Leiters der Feuerwehr Fulda \u00fcberbrachte, bef\u00f6rderte Jan Bergheuer zum Feuerwehrmann, Benedikt Heum\u00fcller und Florian Orth zum Hauptfeuerwehrmann sowie Matth\u00e4us Labus \u2013 unter anderem aufgrund seiner Zusatzausbildung an der Hessischen Landesfeuerwehrschule \u2013 zum L\u00f6schmeister. F\u00fcr 25 Jahre Treue zum Verein wurde das passive Mitglied Norbert Wolf und f\u00fcr 40 Jahre wurde Wiliam Becker geehrt.<\/p>\n","protected":false},"excerpt":{"rendered":"<div class=\"tmnf_excerpt\"><p>Fulda (cp). Im Jahresr\u00fcckblick anl\u00e4sslich der Jahreshauptversammlung der Freiwilligen Feuerwehr Fulda-Kohlhaus berichtete Wehrf\u00fchrer und 1. Vorsitzender Peter Goldmann, dass die Wehr insgesamt 36 Mal zu Brandeins\u00e4tzen, technischen Hilfeleistungen, Brandsicherheitsdiensten und anderen Eins\u00e4tzen gerufen wurde. Da die Kohlh\u00e4user Feuerwehr f\u00fcr die Thematik \u201eWespen und Hautfl\u00fcgler\u201c\u00c2\u00a0 im gesamten Stadtgebiet Fulda verantwortlich ist, stand diese Thematik bei 27 &hellip;<\/p>\n<\/div>","protected":false},"author":1,"featured_media":0,"comment_status":"closed","ping_status":"closed","sticky":false,"template":"","format":"standard","meta":{"footnotes":""},"categories":[1,71],"tags":[],"class_list":["post-56732","post","type-post","status-publish","format-standard","hentry","category-startseite","category-feuerwehr"],"_links":{"self":[{"href":"https:\/\/www.fuldaernachrichten.de\/index.php?rest_route=\/wp\/v2\/posts\/56732","targetHints":{"allow":["GET"]}}],"collection":[{"href":"https:\/\/www.fuldaernachrichten.de\/index.php?rest_route=\/wp\/v2\/posts"}],"about":[{"href":"https:\/\/www.fuldaernachrichten.de\/index.php?rest_route=\/wp\/v2\/types\/post"}],"author":[{"embeddable":true,"href":"https:\/\/www.fuldaernachrichten.de\/index.php?rest_route=\/wp\/v2\/users\/1"}],"replies":[{"embeddable":true,"href":"https:\/\/www.fuldaernachrichten.de\/index.php?rest_route=%2Fwp%2Fv2%2Fcomments&post=56732"}],"version-history":[{"count":3,"href":"https:\/\/www.fuldaernachrichten.de\/index.php?rest_route=\/wp\/v2\/posts\/56732\/revisions"}],"predecessor-version":[{"id":56751,"href":"https:\/\/www.fuldaernachrichten.de\/index.php?rest_route=\/wp\/v2\/posts\/56732\/revisions\/56751"}],"wp:attachment":[{"href":"https:\/\/www.fuldaernachrichten.de\/index.php?rest_route=%2Fwp%2Fv2%2Fmedia&parent=56732"}],"wp:term":[{"taxonomy":"category","embeddable":true,"href":"https:\/\/www.fuldaernachrichten.de\/index.php?rest_route=%2Fwp%2Fv2%2Fcategories&post=56732"},{"taxonomy":"post_tag","embeddable":true,"href":"https:\/\/www.fuldaernachrichten.de\/index.php?rest_route=%2Fwp%2Fv2%2Ftags&post=56732"}],"curies":[{"name":"wp","href":"https:\/\/api.w.org\/{rel}","templated":true}]}}