{"id":56723,"date":"2010-04-11T02:29:33","date_gmt":"2010-04-11T00:29:33","guid":{"rendered":"http:\/\/www.schoene-nachrichten.de\/?p=56723"},"modified":"2010-04-10T19:29:41","modified_gmt":"2010-04-10T17:29:41","slug":"75-jahre-freiwillige-feuerwehr-kaemmerzell","status":"publish","type":"post","link":"https:\/\/www.fuldaernachrichten.de\/?p=56723","title":{"rendered":"75 Jahre Freiwillige Feuerwehr K\u00e4mmerzell"},"content":{"rendered":"<p><strong>Fulda (cp). <\/strong>Die Freiwillige Feuerwehr K\u00e4mmerzell feiert in diesem Jahr ihr 75-j\u00e4hriges Jubil\u00e4um. Im Rahmen ihrer Jahreshauptversammlung betonte Wehrf\u00fchrer Thomas G\u00f6tz, wie wichtig es sei, dass sich immer Menschen finden, die sich in ihrer Freizeit ehrenamtlich f\u00fcr den Schutz und die Sicherheit der Mitmenschen engagieren. Obwohl die Freiwillige Feuerwehr Fulda-K\u00e4mmerzell im vergangenen Jahr keinen Einsatz hatte, waren die 20 Aktiven mit 1080 Ausbildungsstunden bestens vorbereitet. Denn nur durch regelm\u00e4\u00dfige Weiterbildung k\u00f6nne das immer breiter werdende Einsatzspektrum bew\u00e4ltigt werden, so G\u00f6tz. Es folgten Gru\u00dfworte vom SPD-Stadtverordneten Werner L\u00fcth, von der CDU-Stadtverordneten Patricia Micheel-Sprenger, der Ortvorsteherin Rita Wehner und dem stellvertretenden Vorsitzenden des Karnevalvereins K\u00e4mmerzell Christian G\u00f6tz, der die gegenseitige Unterst\u00fctzung der Vereine lobte.<!--more--><\/p>\n<p><strong>Engagierte Jugendarbeit<\/strong><\/p>\n<p>Auch die acht Mitglieder z\u00e4hlende Truppe der Jugendfeuerwehr leistete 306 Stunden feuerwehrtechnische Ausbildung und 125 Stunden allgemeine Jugendarbeit beim Hutzelfeuer, bei der Osterputzaktion, der Altpapiersammlung und der Krippenschau, wie Jugendfeuerwehrwart Manfred G\u00fcnther berichtete. Der stellvertretende Stadtjugendfeuerwehrwart\u00c2\u00a0 Christian Kanne bedankte sich f\u00fcr die geleistete Jugendarbeit und die gute Zusammenarbeit. Au\u00dferdem betonte er, wie wichtig die \u00dcbernahme von Verantwortung sei, verwies auf das Ablegen der Leistungsspange und regte an, wieder am Stadtpokal 2010 teilzunehmen.<\/p>\n<p><strong>Zusammenarbeit mit anderen Feuerwehren<\/strong><\/p>\n<p>Thomas Helmer, stellvertretender Bereichsleiter Abteilung Einsatz und Organisation der Feuerwehr Fulda, ging daraufhin auf die anstehenden Investitionen im Feuerwehrwesen der Stadt Fulda ein. Ebenso betonte er die Wichtigkeit von regelm\u00e4\u00dfigen Ausbildungen in Feuerwehrtechnik und Erste Hilfe. Die Zusammenarbeit mit anderen Feuerwehren sei notwendig, um Sonderaufgaben erfolgreich zu bew\u00e4ltigen. So sind die Wehren der Stadtteile Gl\u00e4serzell, K\u00e4mmerzell und L\u00fcderm\u00fcnd mit dem Gew\u00e4sserschutz beauftragt.<\/p>\n<p><strong>Jubil\u00e4umsfeier am 30. Mai 2010<\/strong><\/p>\n<p>Der 1. Vorsitzender des 149 Mitglieder z\u00e4hlenden Vereins, Uwe D\u00f6ll, gab anschlie\u00dfend einen \u00dcberblick \u00fcber die kulturellen Aktivit\u00e4ten und bedankte sich besonders bei den Mitgliedern, die bei der Renovierung des Feuerwehrhauses geholfen haben und motivierte zugleich auch zur tatkr\u00e4ftigen Unterst\u00fctzung, damit die restlichen Arbeiten rechtzeitig zum 75-j\u00e4hrigen Jubil\u00e4um fertig gestellt sind. Die Jubil\u00e4umsfeier ist f\u00fcr den 30. Mai 2010 geplant. Schlie\u00dflich gab der Sprecher der Seniorengruppe Klaus Jost einen \u00dcberblick \u00fcber die Wanderungen und Ausfl\u00fcge im vergangenen Jahr, bei denen 14 Senioren zweimal im Monat auf unterschiedlichen Strecken um K\u00e4mmerzell sowie in Rh\u00f6n und Vogelberg unterwegs waren.<\/p>\n<p><strong>Der Vorstand:<\/strong><br \/>\nWehrf\u00fchrer: \u00c2\u00a0\u00c2\u00a0 \u00c2\u00a0\u00c2\u00a0\u00c2\u00a0 \u00c2\u00a0\u00c2\u00a0\u00c2\u00a0 \u00c2\u00a0Thomas G\u00f6tz<br \/>\nStellv. Wehrf\u00fchrer:\u00c2\u00a0\u00c2\u00a0 \u00c2\u00a0\u00c2\u00a0\u00c2\u00a0 \u00c2\u00a0Florian Haas<br \/>\nJugendfeuerwehrwart: \u00c2\u00a0\u00c2\u00a0 \u00c2\u00a0\u00c2\u00a0\u00c2\u00a0 \u00c2\u00a0Manfred G\u00fcnther<br \/>\nStellv. Jugendfeuerwehrwart: \u00c2\u00a0\u00c2\u00a0 \u00c2\u00a0Franz-Josef Hartung<br \/>\n1. Vorsitzender: \u00c2\u00a0\u00c2\u00a0 \u00c2\u00a0\u00c2\u00a0\u00c2\u00a0 \u00c2\u00a0\u00c2\u00a0\u00c2\u00a0 \u00c2\u00a0Uwe D\u00f6ll<br \/>\n2. Vorsitzender: \u00c2\u00a0\u00c2\u00a0 \u00c2\u00a0\u00c2\u00a0\u00c2\u00a0 \u00c2\u00a0\u00c2\u00a0\u00c2\u00a0 \u00c2\u00a0Franz-Josef Hartung<br \/>\nSchriftf\u00fchrer: \u00c2\u00a0\u00c2\u00a0 \u00c2\u00a0\u00c2\u00a0\u00c2\u00a0 \u00c2\u00a0\u00c2\u00a0\u00c2\u00a0 \u00c2\u00a0Lothar G\u00e4rtner<br \/>\nKassierer: \u00c2\u00a0\u00c2\u00a0 \u00c2\u00a0\u00c2\u00a0\u00c2\u00a0 \u00c2\u00a0\u00c2\u00a0\u00c2\u00a0 \u00c2\u00a0\u00c2\u00a0\u00c2\u00a0 \u00c2\u00a0Edmund Roth<br \/>\nPressewart: \u00c2\u00a0\u00c2\u00a0 \u00c2\u00a0\u00c2\u00a0\u00c2\u00a0 \u00c2\u00a0\u00c2\u00a0\u00c2\u00a0 \u00c2\u00a0\u00c2\u00a0\u00c2\u00a0 \u00c2\u00a0Matthias Diehl<\/p>\n","protected":false},"excerpt":{"rendered":"<div class=\"tmnf_excerpt\"><p>Fulda (cp). Die Freiwillige Feuerwehr K\u00e4mmerzell feiert in diesem Jahr ihr 75-j\u00e4hriges Jubil\u00e4um. Im Rahmen ihrer Jahreshauptversammlung betonte Wehrf\u00fchrer Thomas G\u00f6tz, wie wichtig es sei, dass sich immer Menschen finden, die sich in ihrer Freizeit ehrenamtlich f\u00fcr den Schutz und die Sicherheit der Mitmenschen engagieren. Obwohl die Freiwillige Feuerwehr Fulda-K\u00e4mmerzell im vergangenen Jahr keinen Einsatz &hellip;<\/p>\n<\/div>","protected":false},"author":1,"featured_media":0,"comment_status":"closed","ping_status":"closed","sticky":false,"template":"","format":"standard","meta":{"footnotes":""},"categories":[1,71,72,44],"tags":[],"class_list":["post-56723","post","type-post","status-publish","format-standard","hentry","category-startseite","category-feuerwehr","category-jugend","category-kultur"],"_links":{"self":[{"href":"https:\/\/www.fuldaernachrichten.de\/index.php?rest_route=\/wp\/v2\/posts\/56723","targetHints":{"allow":["GET"]}}],"collection":[{"href":"https:\/\/www.fuldaernachrichten.de\/index.php?rest_route=\/wp\/v2\/posts"}],"about":[{"href":"https:\/\/www.fuldaernachrichten.de\/index.php?rest_route=\/wp\/v2\/types\/post"}],"author":[{"embeddable":true,"href":"https:\/\/www.fuldaernachrichten.de\/index.php?rest_route=\/wp\/v2\/users\/1"}],"replies":[{"embeddable":true,"href":"https:\/\/www.fuldaernachrichten.de\/index.php?rest_route=%2Fwp%2Fv2%2Fcomments&post=56723"}],"version-history":[{"count":3,"href":"https:\/\/www.fuldaernachrichten.de\/index.php?rest_route=\/wp\/v2\/posts\/56723\/revisions"}],"predecessor-version":[{"id":56748,"href":"https:\/\/www.fuldaernachrichten.de\/index.php?rest_route=\/wp\/v2\/posts\/56723\/revisions\/56748"}],"wp:attachment":[{"href":"https:\/\/www.fuldaernachrichten.de\/index.php?rest_route=%2Fwp%2Fv2%2Fmedia&parent=56723"}],"wp:term":[{"taxonomy":"category","embeddable":true,"href":"https:\/\/www.fuldaernachrichten.de\/index.php?rest_route=%2Fwp%2Fv2%2Fcategories&post=56723"},{"taxonomy":"post_tag","embeddable":true,"href":"https:\/\/www.fuldaernachrichten.de\/index.php?rest_route=%2Fwp%2Fv2%2Ftags&post=56723"}],"curies":[{"name":"wp","href":"https:\/\/api.w.org\/{rel}","templated":true}]}}