{"id":56555,"date":"2010-04-09T02:37:32","date_gmt":"2010-04-09T00:37:32","guid":{"rendered":"http:\/\/www.schoene-nachrichten.de\/?p=56555"},"modified":"2010-04-09T08:07:07","modified_gmt":"2010-04-09T06:07:07","slug":"vierzig-jahre-und-kein-bisschen-alt-kindertagesstaette-spatzennest-in-edelzell-feiert-geburtstag","status":"publish","type":"post","link":"https:\/\/www.fuldaernachrichten.de\/?p=56555","title":{"rendered":"Vierzig Jahre und kein bisschen alt: Kindertagesst\u00e4tte &#8220;Spatzennest&#8221; in Edelzell feiert Geburtstag"},"content":{"rendered":"<p><a href=\"http:\/\/www.schoene-nachrichten.de\/wp-content\/uploads\/2010\/04\/100409_Spatzennest1.jpg\"><img decoding=\"async\" src=\"http:\/\/www.schoene-nachrichten.de\/wp-content\/uploads\/2010\/04\/100409_Spatzennest1.jpg\" alt=\"100409_Spatzennest1\" width=\"560\" class=\"alignnone size-medium wp-image-56558\" srcset=\"https:\/\/www.fuldaernachrichten.de\/wp-content\/uploads\/2010\/04\/100409_Spatzennest1.jpg 600w, https:\/\/www.fuldaernachrichten.de\/wp-content\/uploads\/2010\/04\/100409_Spatzennest1-265x176.jpg 265w\" sizes=\"(max-width: 600px) 100vw, 600px\" \/><\/a><\/p>\n<p><strong>Fulda<\/strong> (hm). Vierzig Jahre und eine neue Gruppe \u2013 das sind gleich zwei Gr\u00fcnde zum Geburtstag feiern. Deshalb haben die Kinder und Erzieherinnen ein buntes Programm vorbereitet und m\u00f6chten sich allen Neugierigen, Ehemaligen und Zuk\u00fcnftigen vorstellen: Am Samstag, 24. April 2010 von 11:30 bis 14:30 Uhr hat der Kinder-garten seine T\u00fcren zur Besichtigung ge\u00f6ffnet. Der Elterbeirat sorgt mit der Gulaschkanone f\u00fcr das leibliche Wohl der Besucher. Ab 15:00 Uhr zeigen die Kindergartenkinder im B\u00fcrgerhaus das Singspiel &#8220;Die Vogelhochzeit&#8221;. Dabei werden sie vom Chor &#8220;Blauspatzen&#8221; unterst\u00fctzt. Anschlie\u00dfend gibt es im B\u00fcrgerhaus Kaffee und Kuchen.<\/p>\n<p>\u201eBedenkt man, wie alles begann,\u201c so B\u00fcrgermeister Dr. Dippel, \u201e ist der Kindergarten heute als Tagesst\u00e4tte mit acht Krippen- und 62 Kindergartenpl\u00e4tzen als moderne Kinderbetreuung im Ort voll etabliert.\u201c Die ersten \u201eEdelzeller\u201c, die die Einrichtung vor 40 Jahren als Kinder erlebten, werden das Geb\u00e4ude heute wesentlich ver\u00e4ndert vorfinden. Seit damals sind rund 1000 Kinder in der Kindertagesst\u00e4tte Edelzell betreut worden.<\/p>\n<p><a href=\"http:\/\/www.schoene-nachrichten.de\/wp-content\/uploads\/2010\/04\/100409_Spatzennest2.jpg\"><img decoding=\"async\" class=\"alignnone size-medium wp-image-56559\" title=\"100409_Spatzennest2\" src=\"http:\/\/www.schoene-nachrichten.de\/wp-content\/uploads\/2010\/04\/100409_Spatzennest2-265x176.jpg\" alt=\"100409_Spatzennest2\" width=\"265\" height=\"176\" srcset=\"https:\/\/www.fuldaernachrichten.de\/wp-content\/uploads\/2010\/04\/100409_Spatzennest2-265x176.jpg 265w, https:\/\/www.fuldaernachrichten.de\/wp-content\/uploads\/2010\/04\/100409_Spatzennest2.jpg 600w\" sizes=\"(max-width: 265px) 100vw, 265px\" \/><\/a> <a href=\"http:\/\/www.schoene-nachrichten.de\/wp-content\/uploads\/2010\/04\/100409_Spatzennest3.jpg\"><img decoding=\"async\" class=\"alignnone size-medium wp-image-56560\" title=\"100409_Spatzennest3\" src=\"http:\/\/www.schoene-nachrichten.de\/wp-content\/uploads\/2010\/04\/100409_Spatzennest3-265x176.jpg\" alt=\"100409_Spatzennest3\" width=\"265\" height=\"176\" srcset=\"https:\/\/www.fuldaernachrichten.de\/wp-content\/uploads\/2010\/04\/100409_Spatzennest3-265x176.jpg 265w, https:\/\/www.fuldaernachrichten.de\/wp-content\/uploads\/2010\/04\/100409_Spatzennest3.jpg 600w\" sizes=\"(max-width: 265px) 100vw, 265px\" \/><\/a><\/p>\n<p>Die R\u00e4umlichkeiten wurden \u00fcber die Jahre den Bed\u00fcrfnissen der mo-dernen Kinderbetreuung angepasst. So kann der Kindergarten heute aufwarten mit einem gro\u00dfz\u00fcgigen Turnraum, einer Cafeteria, kindgerechten, modernen Sanit\u00e4ranlagen. Au\u00dferdem f\u00fchlen sich die kleinen und gro\u00dfen Besucher in den freundlichen, lichtdurchfluteten Gruppen-r\u00e4umen pudelwohl. Mit der Einf\u00fchrung der Krippenpl\u00e4tze im Sommer 2009 wurde das Geb\u00e4ude noch einmal baulich an diese Herausforderung angepasst. So wurden ein separater Schlaf- und Wickelraum, sowie eine speziell f\u00fcr Kleinkinder ausgestattete Au\u00dfenanlage geschaffen.<\/p>\n<p>Die Kindertagesst\u00e4tte, die sich seit ihrem 25-j\u00e4hrigen Bestehen &#8220;Spatzennest&#8221; nennt, bietet ihren Sch\u00fctzlingen unterschiedliche M\u00f6glichkeiten der individuellen Entwicklung. Zum Beispiel sind die Erzieherinnen f\u00fcr das Sucht- und Gewaltpr\u00e4ventionsprogramm &#8220;Papillio&#8221; zertifiziert, in der so genannten &#8220;Spatzensprechstunde&#8221; werden Kinder von speziell ausgebildeten Erzieherinnen individuell sprachlich gef\u00f6rdert. Und beim w\u00f6chentlichen gemeinsamen Gruppenfr\u00fchst\u00fcck werden die Kinder an eine abwechslungsreiche und ausgewogene Ern\u00e4hrung herangef\u00fchrt. Die Kinder der Krippengruppe haben den Vorteil, dass sie beim Eintritt in das Kindergartenalter die Einrichtung in der Regel nicht verlassen m\u00fcssen; sie werden schrittweise in die Gruppen der gro\u00dfen Kinder integriert.<\/p>\n<p>Zusammen mit B\u00fcrgermeister Dr. Dippel freuen sich auf Ihr Kommen die Kinder, Eltern und Erzieherinnen der Kindertagesst\u00e4tte &#8220;Spatzennest&#8221; in Edelzell.<\/p>\n","protected":false},"excerpt":{"rendered":"<div class=\"tmnf_excerpt\"><p>Fulda (hm). Vierzig Jahre und eine neue Gruppe \u2013 das sind gleich zwei Gr\u00fcnde zum Geburtstag feiern. Deshalb haben die Kinder und Erzieherinnen ein buntes Programm vorbereitet und m\u00f6chten sich allen Neugierigen, Ehemaligen und Zuk\u00fcnftigen vorstellen: Am Samstag, 24. April 2010 von 11:30 bis 14:30 Uhr hat der Kinder-garten seine T\u00fcren zur Besichtigung ge\u00f6ffnet. Der &hellip;<\/p>\n<\/div>","protected":false},"author":1,"featured_media":0,"comment_status":"closed","ping_status":"closed","sticky":false,"template":"","format":"standard","meta":{"footnotes":""},"categories":[1,72,78],"tags":[],"class_list":["post-56555","post","type-post","status-publish","format-standard","hentry","category-startseite","category-jugend","category-topthema"],"_links":{"self":[{"href":"https:\/\/www.fuldaernachrichten.de\/index.php?rest_route=\/wp\/v2\/posts\/56555","targetHints":{"allow":["GET"]}}],"collection":[{"href":"https:\/\/www.fuldaernachrichten.de\/index.php?rest_route=\/wp\/v2\/posts"}],"about":[{"href":"https:\/\/www.fuldaernachrichten.de\/index.php?rest_route=\/wp\/v2\/types\/post"}],"author":[{"embeddable":true,"href":"https:\/\/www.fuldaernachrichten.de\/index.php?rest_route=\/wp\/v2\/users\/1"}],"replies":[{"embeddable":true,"href":"https:\/\/www.fuldaernachrichten.de\/index.php?rest_route=%2Fwp%2Fv2%2Fcomments&post=56555"}],"version-history":[{"count":19,"href":"https:\/\/www.fuldaernachrichten.de\/index.php?rest_route=\/wp\/v2\/posts\/56555\/revisions"}],"predecessor-version":[{"id":56679,"href":"https:\/\/www.fuldaernachrichten.de\/index.php?rest_route=\/wp\/v2\/posts\/56555\/revisions\/56679"}],"wp:attachment":[{"href":"https:\/\/www.fuldaernachrichten.de\/index.php?rest_route=%2Fwp%2Fv2%2Fmedia&parent=56555"}],"wp:term":[{"taxonomy":"category","embeddable":true,"href":"https:\/\/www.fuldaernachrichten.de\/index.php?rest_route=%2Fwp%2Fv2%2Fcategories&post=56555"},{"taxonomy":"post_tag","embeddable":true,"href":"https:\/\/www.fuldaernachrichten.de\/index.php?rest_route=%2Fwp%2Fv2%2Ftags&post=56555"}],"curies":[{"name":"wp","href":"https:\/\/api.w.org\/{rel}","templated":true}]}}