{"id":5636,"date":"2007-10-02T00:59:43","date_gmt":"2007-10-01T22:59:43","guid":{"rendered":"http:\/\/www.schoene-nachrichten.de\/?p=5636"},"modified":"2007-10-02T01:00:12","modified_gmt":"2007-10-01T23:00:12","slug":"kreative-ideen-und-konstruktive-kritik-bei-jugendkonferenz","status":"publish","type":"post","link":"https:\/\/www.fuldaernachrichten.de\/?p=5636","title":{"rendered":"Kreative Ideen und konstruktive Kritik bei Jugendkonferenz"},"content":{"rendered":"<p><strong>Sch\u00f6nes aus Fulda.<\/strong> Eloquent, selbstbewusst und engagiert pr\u00e4sentierten sich rund 100 Sch\u00fclerinnen und Sch\u00fcler aus dem Landkreis und der Stadt Fulda bei der Jugendkonferenz, die am vergangenen Freitag in Fulda stattfand.<\/p>\n<p><strong>Fotos (45):<\/strong> Max Colin Heydenreich<\/p>\n<p><a rel=\"lightbox[roadtrip]\" target=\"_blank\" href=\"http:\/\/www.schoene-nachrichten.de\/wp-content\/uploads\/2007\/10\/070929_Visionen_25.jpg\" title=\"Foto: Max Colin Heydenreich\"><img decoding=\"async\" width=\"128\" src=\"http:\/\/www.schoene-nachrichten.de\/wp-content\/uploads\/2007\/10\/070929_Visionen_25.thumbnail.jpg\" alt=\"070929_Visionen_25.jpg\" \/><\/a>\u00c2\u00a0<a rel=\"lightbox[roadtrip]\" target=\"_blank\" href=\"http:\/\/www.schoene-nachrichten.de\/wp-content\/uploads\/2007\/10\/070929_Visionen_45.jpg\" title=\"Foto: Max Colin Heydenreich\"><img decoding=\"async\" width=\"128\" src=\"http:\/\/www.schoene-nachrichten.de\/wp-content\/uploads\/2007\/10\/070929_Visionen_45.thumbnail.jpg\" alt=\"070929_Visionen_45.jpg\" \/><\/a> <a rel=\"lightbox[roadtrip]\" target=\"_blank\" href=\"http:\/\/www.schoene-nachrichten.de\/wp-content\/uploads\/2007\/10\/070929_Visionen_42.jpg\" title=\"Foto: Max Colin Heydenreich\"><img decoding=\"async\" width=\"128\" src=\"http:\/\/www.schoene-nachrichten.de\/wp-content\/uploads\/2007\/10\/070929_Visionen_42.thumbnail.jpg\" alt=\"070929_Visionen_42.jpg\" \/><\/a><\/p>\n<p><a rel=\"lightbox[roadtrip]\" target=\"_blank\" href=\"http:\/\/www.schoene-nachrichten.de\/wp-content\/uploads\/2007\/10\/070929_Visionen_13.jpg\" title=\"Foto: Max Colin Heydenreich\"><img decoding=\"async\" width=\"128\" src=\"http:\/\/www.schoene-nachrichten.de\/wp-content\/uploads\/2007\/10\/070929_Visionen_13.thumbnail.jpg\" alt=\"070929_Visionen_13.jpg\" \/><\/a>\u00c2\u00a0<a rel=\"lightbox[roadtrip]\" target=\"_blank\" href=\"http:\/\/www.schoene-nachrichten.de\/wp-content\/uploads\/2007\/10\/070929_Visionen_03.jpg\" title=\"Foto: Max Colin Heydenreich\"><img decoding=\"async\" width=\"128\" src=\"http:\/\/www.schoene-nachrichten.de\/wp-content\/uploads\/2007\/10\/070929_Visionen_03.thumbnail.jpg\" alt=\"070929_Visionen_03.jpg\" \/><\/a> <a rel=\"lightbox[roadtrip]\" target=\"_blank\" href=\"http:\/\/www.schoene-nachrichten.de\/wp-content\/uploads\/2007\/10\/070929_Visionen_06.jpg\" title=\"Foto: Max Colin Heydenreich\"><img decoding=\"async\" width=\"128\" src=\"http:\/\/www.schoene-nachrichten.de\/wp-content\/uploads\/2007\/10\/070929_Visionen_06.thumbnail.jpg\" alt=\"070929_Visionen_06.jpg\" \/><\/a><\/p>\n<p><!--more-->Die Jugendbildungswerke des Landkreises und der Stadt Fulda hatten Sch\u00fclerinnen und Sch\u00fcler ab der 8. Jahrgangsstufe eingeladen, sich \u00fcber ihren Lern- und Lebensraum Schule auszutauschen und gleichzeitig Ideen und Visionen f\u00fcr eine Schule von morgen zu entwickeln. Zudem waren Lehrer und Politiker eingeladen, die Vorschl\u00e4ge gemeinsam mit den Jugendlichen zu diskutieren und konkrete Anregungen bzw. Arbeitsauftr\u00e4ge mitzunehmen.<\/p>\n<p><a rel=\"lightbox[roadtrip]\" target=\"_blank\" href=\"http:\/\/www.schoene-nachrichten.de\/wp-content\/uploads\/2007\/10\/070929_Visionen_01.jpg\" title=\"Foto: Max Colin Heydenreich\"><img decoding=\"async\" width=\"128\" src=\"http:\/\/www.schoene-nachrichten.de\/wp-content\/uploads\/2007\/10\/070929_Visionen_01.thumbnail.jpg\" alt=\"070929_Visionen_01.jpg\" \/><\/a> <a rel=\"lightbox[roadtrip]\" target=\"_blank\" href=\"http:\/\/www.schoene-nachrichten.de\/wp-content\/uploads\/2007\/10\/070929_Visionen_02.jpg\" title=\"Foto: Max Colin Heydenreich\"><img decoding=\"async\" width=\"128\" src=\"http:\/\/www.schoene-nachrichten.de\/wp-content\/uploads\/2007\/10\/070929_Visionen_02.thumbnail.jpg\" alt=\"070929_Visionen_02.jpg\" \/><\/a> <a rel=\"lightbox[roadtrip]\" target=\"_blank\" href=\"http:\/\/www.schoene-nachrichten.de\/wp-content\/uploads\/2007\/10\/070929_Visionen_04.jpg\" title=\"Foto: Max Colin Heydenreich\"><img decoding=\"async\" width=\"128\" src=\"http:\/\/www.schoene-nachrichten.de\/wp-content\/uploads\/2007\/10\/070929_Visionen_04.thumbnail.jpg\" alt=\"070929_Visionen_04.jpg\" \/><\/a><\/p>\n<p><a rel=\"lightbox[roadtrip]\" target=\"_blank\" href=\"http:\/\/www.schoene-nachrichten.de\/wp-content\/uploads\/2007\/10\/070929_Visionen_07.jpg\" title=\"Foto: Max Colin Heydenreich\"><img decoding=\"async\" width=\"128\" src=\"http:\/\/www.schoene-nachrichten.de\/wp-content\/uploads\/2007\/10\/070929_Visionen_07.thumbnail.jpg\" alt=\"070929_Visionen_07.jpg\" \/><\/a> <a rel=\"lightbox[roadtrip]\" target=\"_blank\" href=\"http:\/\/www.schoene-nachrichten.de\/wp-content\/uploads\/2007\/10\/070929_Visionen_08.jpg\" title=\"Foto: Max Colin Heydenreich\"><img decoding=\"async\" width=\"128\" src=\"http:\/\/www.schoene-nachrichten.de\/wp-content\/uploads\/2007\/10\/070929_Visionen_08.thumbnail.jpg\" alt=\"070929_Visionen_08.jpg\" \/><\/a> <a rel=\"lightbox[roadtrip]\" target=\"_blank\" href=\"http:\/\/www.schoene-nachrichten.de\/wp-content\/uploads\/2007\/10\/070929_Visionen_09.jpg\" title=\"Foto: Max Colin Heydenreich\"><img decoding=\"async\" width=\"128\" src=\"http:\/\/www.schoene-nachrichten.de\/wp-content\/uploads\/2007\/10\/070929_Visionen_09.thumbnail.jpg\" alt=\"070929_Visionen_09.jpg\" \/><\/a><\/p>\n<p>Unter dem Motto \u201eGib dem K\u00f6rper eine Seele \u2013 Schule als Lebensraum\u201c bearbeiteten die Jugendlichen in Workshops eigenst\u00e4ndig Themen wie \u201eLerninhalte\u201c, \u201eUnterrichtsgestaltung\u201c oder \u201eMitbestimmung\u201c.<\/p>\n<p><a rel=\"lightbox[roadtrip]\" target=\"_blank\" href=\"http:\/\/www.schoene-nachrichten.de\/wp-content\/uploads\/2007\/10\/070929_Visionen_10.jpg\" title=\"Foto: Max Colin Heydenreich\"><img decoding=\"async\" width=\"128\" src=\"http:\/\/www.schoene-nachrichten.de\/wp-content\/uploads\/2007\/10\/070929_Visionen_10.thumbnail.jpg\" alt=\"070929_Visionen_10.jpg\" \/><\/a> <a rel=\"lightbox[roadtrip]\" target=\"_blank\" href=\"http:\/\/www.schoene-nachrichten.de\/wp-content\/uploads\/2007\/10\/070929_Visionen_11.jpg\" title=\"Foto: Max Colin Heydenreich\"><img decoding=\"async\" width=\"128\" src=\"http:\/\/www.schoene-nachrichten.de\/wp-content\/uploads\/2007\/10\/070929_Visionen_11.thumbnail.jpg\" alt=\"070929_Visionen_11.jpg\" \/><\/a> <a rel=\"lightbox[roadtrip]\" target=\"_blank\" href=\"http:\/\/www.schoene-nachrichten.de\/wp-content\/uploads\/2007\/10\/070929_Visionen_12.jpg\" title=\"Foto: Max Colin Heydenreich\"><img decoding=\"async\" width=\"128\" src=\"http:\/\/www.schoene-nachrichten.de\/wp-content\/uploads\/2007\/10\/070929_Visionen_12.thumbnail.jpg\" alt=\"070929_Visionen_12.jpg\" \/><\/a><\/p>\n<p><a rel=\"lightbox[roadtrip]\" target=\"_blank\" href=\"http:\/\/www.schoene-nachrichten.de\/wp-content\/uploads\/2007\/10\/070929_Visionen_14.jpg\" title=\"Foto: Max Colin Heydenreich\"><img decoding=\"async\" width=\"128\" src=\"http:\/\/www.schoene-nachrichten.de\/wp-content\/uploads\/2007\/10\/070929_Visionen_14.thumbnail.jpg\" alt=\"070929_Visionen_14.jpg\" \/><\/a> <a rel=\"lightbox[roadtrip]\" target=\"_blank\" href=\"http:\/\/www.schoene-nachrichten.de\/wp-content\/uploads\/2007\/10\/070929_Visionen_15.jpg\" title=\"Foto: Max Colin Heydenreich\"><img decoding=\"async\" width=\"128\" src=\"http:\/\/www.schoene-nachrichten.de\/wp-content\/uploads\/2007\/10\/070929_Visionen_15.thumbnail.jpg\" alt=\"070929_Visionen_15.jpg\" \/><\/a> <a rel=\"lightbox[roadtrip]\" target=\"_blank\" href=\"http:\/\/www.schoene-nachrichten.de\/wp-content\/uploads\/2007\/10\/070929_Visionen_05.jpg\" title=\"Foto: Max Colin Heydenreich\"><img decoding=\"async\" width=\"128\" src=\"http:\/\/www.schoene-nachrichten.de\/wp-content\/uploads\/2007\/10\/070929_Visionen_05.thumbnail.jpg\" alt=\"070929_Visionen_05.jpg\" \/><\/a><\/p>\n<p>Was sich die Sch\u00fclerinnen und Sch\u00fcler w\u00fcnschen? Interessanten, abwechslungsreichen Unterricht, kompetente Lehrer, transparente Lehrpl\u00e4ne und kleinere Klassen. Au\u00dferdem mehr Partnerschulen im Ausland, eine bessere Kommunikation zwischen Sch\u00fclern und Lehrern, eine Kritik-Kultur, \u201eChillr\u00e4ume\u201c und &#8211; wenn das Wetter stimmt &#8211; auch mal Unterricht im Freien.<\/p>\n<p><a rel=\"lightbox[roadtrip]\" target=\"_blank\" href=\"http:\/\/www.schoene-nachrichten.de\/wp-content\/uploads\/2007\/10\/070929_Visionen_16.jpg\" title=\"Foto: Max Colin Heydenreich\"><img decoding=\"async\" width=\"128\" src=\"http:\/\/www.schoene-nachrichten.de\/wp-content\/uploads\/2007\/10\/070929_Visionen_16.thumbnail.jpg\" alt=\"070929_Visionen_16.jpg\" \/><\/a> <a rel=\"lightbox[roadtrip]\" target=\"_blank\" href=\"http:\/\/www.schoene-nachrichten.de\/wp-content\/uploads\/2007\/10\/070929_Visionen_17.jpg\" title=\"Foto: Max Colin Heydenreich\"><img decoding=\"async\" width=\"128\" src=\"http:\/\/www.schoene-nachrichten.de\/wp-content\/uploads\/2007\/10\/070929_Visionen_17.thumbnail.jpg\" alt=\"070929_Visionen_17.jpg\" \/><\/a> <a rel=\"lightbox[roadtrip]\" target=\"_blank\" href=\"http:\/\/www.schoene-nachrichten.de\/wp-content\/uploads\/2007\/10\/070929_Visionen_18.jpg\" title=\"Foto: Max Colin Heydenreich\"><img decoding=\"async\" width=\"128\" src=\"http:\/\/www.schoene-nachrichten.de\/wp-content\/uploads\/2007\/10\/070929_Visionen_18.thumbnail.jpg\" alt=\"070929_Visionen_18.jpg\" \/><\/a><\/p>\n<p><a rel=\"lightbox[roadtrip]\" target=\"_blank\" href=\"http:\/\/www.schoene-nachrichten.de\/wp-content\/uploads\/2007\/10\/070929_Visionen_19.jpg\" title=\"Foto: Max Colin Heydenreich\"><img decoding=\"async\" width=\"128\" src=\"http:\/\/www.schoene-nachrichten.de\/wp-content\/uploads\/2007\/10\/070929_Visionen_19.thumbnail.jpg\" alt=\"070929_Visionen_19.jpg\" \/><\/a> <a rel=\"lightbox[roadtrip]\" target=\"_blank\" href=\"http:\/\/www.schoene-nachrichten.de\/wp-content\/uploads\/2007\/10\/070929_Visionen_20.jpg\" title=\"Foto: Max Colin Heydenreich\"><img decoding=\"async\" width=\"128\" src=\"http:\/\/www.schoene-nachrichten.de\/wp-content\/uploads\/2007\/10\/070929_Visionen_20.thumbnail.jpg\" alt=\"070929_Visionen_20.jpg\" \/><\/a> <a rel=\"lightbox[roadtrip]\" target=\"_blank\" href=\"http:\/\/www.schoene-nachrichten.de\/wp-content\/uploads\/2007\/10\/070929_Visionen_21.jpg\" title=\"Foto: Max Colin Heydenreich\"><img decoding=\"async\" width=\"128\" src=\"http:\/\/www.schoene-nachrichten.de\/wp-content\/uploads\/2007\/10\/070929_Visionen_21.thumbnail.jpg\" alt=\"070929_Visionen_21.jpg\" \/><\/a><\/p>\n<p>Dabei beschr\u00e4nkten sich die Sch\u00fclerinnen und Sch\u00fcler nicht auf das Formulieren von W\u00fcnschen oder Idealvorstellungen &#8211; es wurden auch ganz konkrete Vorschl\u00e4ge zur Umsetzung der Konzepte entwickelt. Und die Pr\u00e4sentation der Workshop-Ergebnisse sorgte f\u00fcr \u201eAha-Erlebnisse\u201c\u00c2\u00a0 bei Lehrern und Politikern.<\/p>\n<p><a rel=\"lightbox[roadtrip]\" target=\"_blank\" href=\"http:\/\/www.schoene-nachrichten.de\/wp-content\/uploads\/2007\/10\/070929_Visionen_22.jpg\" title=\"Foto: Max Colin Heydenreich\"><img decoding=\"async\" width=\"128\" src=\"http:\/\/www.schoene-nachrichten.de\/wp-content\/uploads\/2007\/10\/070929_Visionen_22.thumbnail.jpg\" alt=\"070929_Visionen_22.jpg\" \/><\/a> <a rel=\"lightbox[roadtrip]\" target=\"_blank\" href=\"http:\/\/www.schoene-nachrichten.de\/wp-content\/uploads\/2007\/10\/070929_Visionen_23.jpg\" title=\"Foto: Max Colin Heydenreich\"><img decoding=\"async\" width=\"128\" src=\"http:\/\/www.schoene-nachrichten.de\/wp-content\/uploads\/2007\/10\/070929_Visionen_23.thumbnail.jpg\" alt=\"070929_Visionen_23.jpg\" \/><\/a> <a rel=\"lightbox[roadtrip]\" target=\"_blank\" href=\"http:\/\/www.schoene-nachrichten.de\/wp-content\/uploads\/2007\/10\/070929_Visionen_24.jpg\" title=\"Foto: Max Colin Heydenreich\"><img decoding=\"async\" width=\"128\" src=\"http:\/\/www.schoene-nachrichten.de\/wp-content\/uploads\/2007\/10\/070929_Visionen_24.thumbnail.jpg\" alt=\"070929_Visionen_24.jpg\" \/><\/a><\/p>\n<p><a rel=\"lightbox[roadtrip]\" target=\"_blank\" href=\"http:\/\/www.schoene-nachrichten.de\/wp-content\/uploads\/2007\/10\/070929_Visionen_26.jpg\" title=\"Foto: Max Colin Heydenreich\"><img decoding=\"async\" width=\"128\" src=\"http:\/\/www.schoene-nachrichten.de\/wp-content\/uploads\/2007\/10\/070929_Visionen_26.thumbnail.jpg\" alt=\"070929_Visionen_26.jpg\" \/><\/a> <a rel=\"lightbox[roadtrip]\" target=\"_blank\" href=\"http:\/\/www.schoene-nachrichten.de\/wp-content\/uploads\/2007\/10\/070929_Visionen_27.jpg\" title=\"Foto: Max Colin Heydenreich\"><img decoding=\"async\" width=\"128\" src=\"http:\/\/www.schoene-nachrichten.de\/wp-content\/uploads\/2007\/10\/070929_Visionen_27.thumbnail.jpg\" alt=\"070929_Visionen_27.jpg\" \/><\/a> <a rel=\"lightbox[roadtrip]\" target=\"_blank\" href=\"http:\/\/www.schoene-nachrichten.de\/wp-content\/uploads\/2007\/10\/070929_Visionen_28.jpg\" title=\"Foto: Max Colin Heydenreich\"><img decoding=\"async\" width=\"128\" src=\"http:\/\/www.schoene-nachrichten.de\/wp-content\/uploads\/2007\/10\/070929_Visionen_28.thumbnail.jpg\" alt=\"070929_Visionen_28.jpg\" \/><\/a><\/p>\n<p>\u201eIch bin begeistert, von der konstruktiven Kritik und den vielen praktischen Verbesserungsvorschl\u00e4gen\u201c, sagte Kreisbeigeordnete Ulla D\u00f6ppner. Die st\u00e4rkere individuelle F\u00f6rderung der Sch\u00fclerinnen und Sch\u00fcler sei ebenso ein Anliegen des Landkreises wie die Qualit\u00e4tssicherung an Schulen. \u201eWenn es um eine Verbesserung der Au\u00dfenanlagen geht, damit Unterricht im Freien m\u00f6glich wird, k\u00f6nnen wir als Landkreis unsere Unterst\u00fctzung zusagen\u201c, so D\u00f6ppner.<\/p>\n<p><a rel=\"lightbox[roadtrip]\" target=\"_blank\" href=\"http:\/\/www.schoene-nachrichten.de\/wp-content\/uploads\/2007\/10\/070929_Visionen_29.jpg\" title=\"Foto: Max Colin Heydenreich\"><img decoding=\"async\" width=\"128\" src=\"http:\/\/www.schoene-nachrichten.de\/wp-content\/uploads\/2007\/10\/070929_Visionen_29.thumbnail.jpg\" alt=\"070929_Visionen_29.jpg\" \/><\/a> <a rel=\"lightbox[roadtrip]\" target=\"_blank\" href=\"http:\/\/www.schoene-nachrichten.de\/wp-content\/uploads\/2007\/10\/070929_Visionen_30.jpg\" title=\"Foto: Max Colin Heydenreich\"><img decoding=\"async\" width=\"128\" src=\"http:\/\/www.schoene-nachrichten.de\/wp-content\/uploads\/2007\/10\/070929_Visionen_30.thumbnail.jpg\" alt=\"070929_Visionen_30.jpg\" \/><\/a> <a rel=\"lightbox[roadtrip]\" target=\"_blank\" href=\"http:\/\/www.schoene-nachrichten.de\/wp-content\/uploads\/2007\/10\/070929_Visionen_31.jpg\" title=\"Foto: Max Colin Heydenreich\"><img decoding=\"async\" width=\"128\" src=\"http:\/\/www.schoene-nachrichten.de\/wp-content\/uploads\/2007\/10\/070929_Visionen_31.thumbnail.jpg\" alt=\"070929_Visionen_31.jpg\" \/><\/a><\/p>\n<p><a rel=\"lightbox[roadtrip]\" target=\"_blank\" href=\"http:\/\/www.schoene-nachrichten.de\/wp-content\/uploads\/2007\/10\/070929_Visionen_32.jpg\" title=\"Foto: Max Colin Heydenreich\"><img decoding=\"async\" width=\"128\" src=\"http:\/\/www.schoene-nachrichten.de\/wp-content\/uploads\/2007\/10\/070929_Visionen_32.thumbnail.jpg\" alt=\"070929_Visionen_32.jpg\" \/><\/a> <a rel=\"lightbox[roadtrip]\" target=\"_blank\" href=\"http:\/\/www.schoene-nachrichten.de\/wp-content\/uploads\/2007\/10\/070929_Visionen_33.jpg\" title=\"Foto: Max Colin Heydenreich\"><img decoding=\"async\" width=\"128\" src=\"http:\/\/www.schoene-nachrichten.de\/wp-content\/uploads\/2007\/10\/070929_Visionen_33.thumbnail.jpg\" alt=\"070929_Visionen_33.jpg\" \/><\/a> <a rel=\"lightbox[roadtrip]\" target=\"_blank\" href=\"http:\/\/www.schoene-nachrichten.de\/wp-content\/uploads\/2007\/10\/070929_Visionen_41.jpg\" title=\"Foto: Max Colin Heydenreich\"><img decoding=\"async\" width=\"128\" src=\"http:\/\/www.schoene-nachrichten.de\/wp-content\/uploads\/2007\/10\/070929_Visionen_41.thumbnail.jpg\" alt=\"070929_Visionen_41.jpg\" \/><\/a><\/p>\n<p>Eine spontane Zusage gab es auch von Fuldas B\u00fcrgermeister Dr. Wolfgang Dippel, der sich kurzfristig um ein Projekt \u201eAustauschschulen\u201c k\u00fcmmern will. Landtagsabgeordneter Dr. Norbert Herr lud die Jugendlichen nach Wiesbaden in den Landtag ein und Dr. Michael Imhof vom Staatlichen Schulamt Fulda bot an, die Schulen zu besuchen und dort einmal vorzustellen, was in punkto Unterrichtsqualit\u00e4t und Schulkultur bereits getan wird.<\/p>\n<p><a rel=\"lightbox[roadtrip]\" target=\"_blank\" href=\"http:\/\/www.schoene-nachrichten.de\/wp-content\/uploads\/2007\/10\/070929_Visionen_34.jpg\" title=\"Foto: Max Colin Heydenreich\"><img decoding=\"async\" width=\"128\" src=\"http:\/\/www.schoene-nachrichten.de\/wp-content\/uploads\/2007\/10\/070929_Visionen_34.thumbnail.jpg\" alt=\"070929_Visionen_34.jpg\" \/><\/a> <a rel=\"lightbox[roadtrip]\" target=\"_blank\" href=\"http:\/\/www.schoene-nachrichten.de\/wp-content\/uploads\/2007\/10\/070929_Visionen_35.jpg\" title=\"Foto: Max Colin Heydenreich\"><img decoding=\"async\" width=\"128\" src=\"http:\/\/www.schoene-nachrichten.de\/wp-content\/uploads\/2007\/10\/070929_Visionen_35.thumbnail.jpg\" alt=\"070929_Visionen_35.jpg\" \/><\/a> <a rel=\"lightbox[roadtrip]\" target=\"_blank\" href=\"http:\/\/www.schoene-nachrichten.de\/wp-content\/uploads\/2007\/10\/070929_Visionen_36.jpg\" title=\"Foto: Max Colin Heydenreich\"><img decoding=\"async\" width=\"128\" src=\"http:\/\/www.schoene-nachrichten.de\/wp-content\/uploads\/2007\/10\/070929_Visionen_36.thumbnail.jpg\" alt=\"070929_Visionen_36.jpg\" \/><\/a><\/p>\n<p><a rel=\"lightbox[roadtrip]\" target=\"_blank\" href=\"http:\/\/www.schoene-nachrichten.de\/wp-content\/uploads\/2007\/10\/070929_Visionen_37.jpg\" title=\"Foto: Max Colin Heydenreich\"><img decoding=\"async\" width=\"128\" src=\"http:\/\/www.schoene-nachrichten.de\/wp-content\/uploads\/2007\/10\/070929_Visionen_37.thumbnail.jpg\" alt=\"070929_Visionen_37.jpg\" \/><\/a> <a rel=\"lightbox[roadtrip]\" target=\"_blank\" href=\"http:\/\/www.schoene-nachrichten.de\/wp-content\/uploads\/2007\/10\/070929_Visionen_38.jpg\" title=\"Foto: Max Colin Heydenreich\"><img decoding=\"async\" width=\"128\" src=\"http:\/\/www.schoene-nachrichten.de\/wp-content\/uploads\/2007\/10\/070929_Visionen_38.thumbnail.jpg\" alt=\"070929_Visionen_38.jpg\" \/><\/a> <a rel=\"lightbox[roadtrip]\" target=\"_blank\" href=\"http:\/\/www.schoene-nachrichten.de\/wp-content\/uploads\/2007\/10\/070929_Visionen_39.jpg\" title=\"Foto: Max Colin Heydenreich\"><img decoding=\"async\" width=\"128\" src=\"http:\/\/www.schoene-nachrichten.de\/wp-content\/uploads\/2007\/10\/070929_Visionen_39.thumbnail.jpg\" alt=\"070929_Visionen_39.jpg\" \/><\/a><\/p>\n<p>Irmi Warmuth, Jugendbildungsreferentin des Landkreises Fulda, lobte die Sch\u00fclerinnen und Sch\u00fcler zum Abschluss der Konferenz: \u201eMit Euren kreativen Ideen, den klaren Meinungen und dem enormen pers\u00f6nlichen Engagement habt Ihr uns richtig begeistert.\u201c<\/p>\n<p><a rel=\"lightbox[roadtrip]\" target=\"_blank\" href=\"http:\/\/www.schoene-nachrichten.de\/wp-content\/uploads\/2007\/10\/070929_Visionen_40.jpg\" title=\"Foto: Max Colin Heydenreich\"><img decoding=\"async\" width=\"128\" src=\"http:\/\/www.schoene-nachrichten.de\/wp-content\/uploads\/2007\/10\/070929_Visionen_40.thumbnail.jpg\" alt=\"070929_Visionen_40.jpg\" \/><\/a>\u00c2\u00a0<a rel=\"lightbox[roadtrip]\" target=\"_blank\" href=\"http:\/\/www.schoene-nachrichten.de\/wp-content\/uploads\/2007\/10\/070929_Visionen_43.jpg\" title=\"Foto: Max Colin Heydenreich\"><img decoding=\"async\" width=\"128\" src=\"http:\/\/www.schoene-nachrichten.de\/wp-content\/uploads\/2007\/10\/070929_Visionen_43.thumbnail.jpg\" alt=\"070929_Visionen_43.jpg\" \/><\/a> <a rel=\"lightbox[roadtrip]\" target=\"_blank\" href=\"http:\/\/www.schoene-nachrichten.de\/wp-content\/uploads\/2007\/10\/070929_Visionen_44.jpg\" title=\"Foto: Max Colin Heydenreich\"><img decoding=\"async\" width=\"128\" src=\"http:\/\/www.schoene-nachrichten.de\/wp-content\/uploads\/2007\/10\/070929_Visionen_44.thumbnail.jpg\" alt=\"070929_Visionen_44.jpg\" \/><\/a><\/p>\n<p>Ende November wollen die Jugendbildungswerke bei Lehrern und Politiker erfragen, was sich getan hat. \u201eSchlie\u00dflich sollte hier nicht nur geredet, sondern auch etwas angesto\u00dfen werden\u201c, sagte Warmuth. Schade nur, dass so wenig Lehrer der Einladung der Jugendbildungswerke gefolgt waren. \u00dcber die Gr\u00fcnde der Abwesenheit konnten die Konferenzteilnehmer nur spekulieren.<\/p>\n","protected":false},"excerpt":{"rendered":"<div class=\"tmnf_excerpt\"><p>Sch\u00f6nes aus Fulda. Eloquent, selbstbewusst und engagiert pr\u00e4sentierten sich rund 100 Sch\u00fclerinnen und Sch\u00fcler aus dem Landkreis und der Stadt Fulda bei der Jugendkonferenz, die am vergangenen Freitag in Fulda stattfand. Fotos (45): Max Colin Heydenreich \u00c2\u00a0 \u00c2\u00a0<\/p>\n<\/div>","protected":false},"author":1,"featured_media":0,"comment_status":"closed","ping_status":"closed","sticky":false,"template":"","format":"standard","meta":{"footnotes":""},"categories":[1,54,53,72,29],"tags":[],"class_list":["post-5636","post","type-post","status-publish","format-standard","hentry","category-startseite","category-bildergalerien","category-bildung","category-jugend","category-politik"],"_links":{"self":[{"href":"https:\/\/www.fuldaernachrichten.de\/index.php?rest_route=\/wp\/v2\/posts\/5636","targetHints":{"allow":["GET"]}}],"collection":[{"href":"https:\/\/www.fuldaernachrichten.de\/index.php?rest_route=\/wp\/v2\/posts"}],"about":[{"href":"https:\/\/www.fuldaernachrichten.de\/index.php?rest_route=\/wp\/v2\/types\/post"}],"author":[{"embeddable":true,"href":"https:\/\/www.fuldaernachrichten.de\/index.php?rest_route=\/wp\/v2\/users\/1"}],"replies":[{"embeddable":true,"href":"https:\/\/www.fuldaernachrichten.de\/index.php?rest_route=%2Fwp%2Fv2%2Fcomments&post=5636"}],"version-history":[{"count":0,"href":"https:\/\/www.fuldaernachrichten.de\/index.php?rest_route=\/wp\/v2\/posts\/5636\/revisions"}],"wp:attachment":[{"href":"https:\/\/www.fuldaernachrichten.de\/index.php?rest_route=%2Fwp%2Fv2%2Fmedia&parent=5636"}],"wp:term":[{"taxonomy":"category","embeddable":true,"href":"https:\/\/www.fuldaernachrichten.de\/index.php?rest_route=%2Fwp%2Fv2%2Fcategories&post=5636"},{"taxonomy":"post_tag","embeddable":true,"href":"https:\/\/www.fuldaernachrichten.de\/index.php?rest_route=%2Fwp%2Fv2%2Ftags&post=5636"}],"curies":[{"name":"wp","href":"https:\/\/api.w.org\/{rel}","templated":true}]}}