{"id":5626,"date":"2007-10-01T12:36:50","date_gmt":"2007-10-01T10:36:50","guid":{"rendered":"http:\/\/www.schoene-nachrichten.de\/?p=5626"},"modified":"2007-10-01T12:36:50","modified_gmt":"2007-10-01T10:36:50","slug":"workshop-ueber-elisabeth-in-der-kinder-akademie","status":"publish","type":"post","link":"https:\/\/www.fuldaernachrichten.de\/?p=5626","title":{"rendered":"Workshop \u00fcber Elisabeth in der Kinder-Akademie"},"content":{"rendered":"<p><strong>Sch\u00f6nes aus Fulda.<\/strong> \u201eDie heilige Elisabeth \u2013 eine starke Frau\u201c ist ein Herbstferien-Workshop f\u00fcr Kinder ab 9 Jahren \u00fcberschrieben, der vom 8. bis 12. Oktober jeweils von 9 bis 15 Uhr in der Kinder-Akademie Fulda (KAF) stattfindet. Dieter Wagner, Professor f\u00fcr Religionsp\u00e4dagogik und Katechetik, sowie Barbara Meyer von der KAF m\u00f6chten mit sich mit den Kindern auf die Spuren der hl. Elisabeth begeben, z. B. mit einem Besuch auf der Wartburg bei Eisenach, und dann die gemeinsamen Erfahrungen in einem kleinen Heft f\u00fcr Kinder ver\u00f6ffentlichen.<\/p>\n<p><!--more-->Die Kursgeb\u00fchren inkl. Mittagessen betragen 95 Euro. Anmeldungen sind zu richten an die Kinder-Akademie Fulda, Mehlerstr. 5, 36043 Fulda, Tel. 0661\/90273-0, Fax 0661\/90273-25, E-Mail: <a href=\"mailto:info@kaf.de\">info@kaf.de<\/a> .<\/p>\n","protected":false},"excerpt":{"rendered":"<div class=\"tmnf_excerpt\"><p>Sch\u00f6nes aus Fulda. \u201eDie heilige Elisabeth \u2013 eine starke Frau\u201c ist ein Herbstferien-Workshop f\u00fcr Kinder ab 9 Jahren \u00fcberschrieben, der vom 8. bis 12. Oktober jeweils von 9 bis 15 Uhr in der Kinder-Akademie Fulda (KAF) stattfindet. Dieter Wagner, Professor f\u00fcr Religionsp\u00e4dagogik und Katechetik, sowie Barbara Meyer von der KAF m\u00f6chten mit sich mit den &hellip;<\/p>\n<\/div>","protected":false},"author":1,"featured_media":0,"comment_status":"closed","ping_status":"closed","sticky":false,"template":"","format":"standard","meta":{"footnotes":""},"categories":[1,53,72,50,44],"tags":[],"class_list":["post-5626","post","type-post","status-publish","format-standard","hentry","category-startseite","category-bildung","category-jugend","category-kirche","category-kultur"],"_links":{"self":[{"href":"https:\/\/www.fuldaernachrichten.de\/index.php?rest_route=\/wp\/v2\/posts\/5626","targetHints":{"allow":["GET"]}}],"collection":[{"href":"https:\/\/www.fuldaernachrichten.de\/index.php?rest_route=\/wp\/v2\/posts"}],"about":[{"href":"https:\/\/www.fuldaernachrichten.de\/index.php?rest_route=\/wp\/v2\/types\/post"}],"author":[{"embeddable":true,"href":"https:\/\/www.fuldaernachrichten.de\/index.php?rest_route=\/wp\/v2\/users\/1"}],"replies":[{"embeddable":true,"href":"https:\/\/www.fuldaernachrichten.de\/index.php?rest_route=%2Fwp%2Fv2%2Fcomments&post=5626"}],"version-history":[{"count":0,"href":"https:\/\/www.fuldaernachrichten.de\/index.php?rest_route=\/wp\/v2\/posts\/5626\/revisions"}],"wp:attachment":[{"href":"https:\/\/www.fuldaernachrichten.de\/index.php?rest_route=%2Fwp%2Fv2%2Fmedia&parent=5626"}],"wp:term":[{"taxonomy":"category","embeddable":true,"href":"https:\/\/www.fuldaernachrichten.de\/index.php?rest_route=%2Fwp%2Fv2%2Fcategories&post=5626"},{"taxonomy":"post_tag","embeddable":true,"href":"https:\/\/www.fuldaernachrichten.de\/index.php?rest_route=%2Fwp%2Fv2%2Ftags&post=5626"}],"curies":[{"name":"wp","href":"https:\/\/api.w.org\/{rel}","templated":true}]}}