{"id":56031,"date":"2010-04-02T03:19:25","date_gmt":"2010-04-02T01:19:25","guid":{"rendered":"http:\/\/www.schoene-nachrichten.de\/?p=56031"},"modified":"2010-04-02T10:19:37","modified_gmt":"2010-04-02T08:19:37","slug":"neue-wehrfuehrung-in-eichenzell","status":"publish","type":"post","link":"https:\/\/www.fuldaernachrichten.de\/?p=56031","title":{"rendered":"Neue Wehrf\u00fchrung in Eichenzell"},"content":{"rendered":"<p><strong><a href=\"http:\/\/www.schoene-nachrichten.de\/wp-content\/uploads\/2010\/04\/100401_Eichenzell.jpg\"><img fetchpriority=\"high\" decoding=\"async\" class=\"alignleft size-thumbnail wp-image-56032\" title=\"100401_Eichenzell\" src=\"http:\/\/www.schoene-nachrichten.de\/wp-content\/uploads\/2010\/04\/100401_Eichenzell-265x198.jpg\" alt=\"100401_Eichenzell\" width=\"265\" height=\"198\" srcset=\"https:\/\/www.fuldaernachrichten.de\/wp-content\/uploads\/2010\/04\/100401_Eichenzell-265x198.jpg 265w, https:\/\/www.fuldaernachrichten.de\/wp-content\/uploads\/2010\/04\/100401_Eichenzell.jpg 592w\" sizes=\"(max-width: 265px) 100vw, 265px\" \/><\/a>Eichenzell.<\/strong> Nach jahrelanger, ehrenamtlicher T\u00e4tigkeit als Wehrf\u00fchrer, bzw. stellvertretender Wehrf\u00fchrer in der Freiwilligen Feuerwehr Eichenzell, haben Berthold Rudolf und Alexander Ulrich ihre \u00c4mter zur Verf\u00fcgung gestellt. W\u00e4hrend der Jahreshauptversammlung der Feuerwehr Eichenzell w\u00e4hlten die Mitglieder der Einsatzabteilung nun eine neue Wehrf\u00fchrung. Bernd Bachmann und Andr\u00e9 M\u00fcller wurden jeweils einstimmig zum Wehrf\u00fchrer bzw. stellvertretenden Wehrf\u00fchrer gew\u00e4hlt.\u00c2\u00a0 B\u00fcrgermeister Dieter Kolb und Ortsvorsteher Dirk Fischer bedankten sich bei den ausgeschiedenen Wehrf\u00fchrern f\u00fcr Ihre geleistete Arbeit. Beide gratulierten im Anschluss der neuen Wehrf\u00fchrung zu der Wahl und w\u00fcnschten ihnen f\u00fcr die Zukunft eine gl\u00fcckliche Hand bei der Bew\u00e4ltigung der kommenden Aufgaben. Der Gemeindebrandinspektor Martin Fischer sicherte ihnen in seinem Gru\u00dfwort seine Unterst\u00fctzung zu und w\u00fcnschte sich eine gute Zusammenarbeit mit dem neuen Team.<\/p>\n","protected":false},"excerpt":{"rendered":"<div class=\"tmnf_excerpt\"><p>Eichenzell. Nach jahrelanger, ehrenamtlicher T\u00e4tigkeit als Wehrf\u00fchrer, bzw. stellvertretender Wehrf\u00fchrer in der Freiwilligen Feuerwehr Eichenzell, haben Berthold Rudolf und Alexander Ulrich ihre \u00c4mter zur Verf\u00fcgung gestellt. W\u00e4hrend der Jahreshauptversammlung der Feuerwehr Eichenzell w\u00e4hlten die Mitglieder der Einsatzabteilung nun eine neue Wehrf\u00fchrung. Bernd Bachmann und Andr\u00e9 M\u00fcller wurden jeweils einstimmig zum Wehrf\u00fchrer bzw. stellvertretenden Wehrf\u00fchrer gew\u00e4hlt.\u00c2\u00a0 &hellip;<\/p>\n<\/div>","protected":false},"author":1,"featured_media":0,"comment_status":"closed","ping_status":"closed","sticky":false,"template":"","format":"standard","meta":{"footnotes":""},"categories":[1,71],"tags":[],"class_list":["post-56031","post","type-post","status-publish","format-standard","hentry","category-startseite","category-feuerwehr"],"_links":{"self":[{"href":"https:\/\/www.fuldaernachrichten.de\/index.php?rest_route=\/wp\/v2\/posts\/56031","targetHints":{"allow":["GET"]}}],"collection":[{"href":"https:\/\/www.fuldaernachrichten.de\/index.php?rest_route=\/wp\/v2\/posts"}],"about":[{"href":"https:\/\/www.fuldaernachrichten.de\/index.php?rest_route=\/wp\/v2\/types\/post"}],"author":[{"embeddable":true,"href":"https:\/\/www.fuldaernachrichten.de\/index.php?rest_route=\/wp\/v2\/users\/1"}],"replies":[{"embeddable":true,"href":"https:\/\/www.fuldaernachrichten.de\/index.php?rest_route=%2Fwp%2Fv2%2Fcomments&post=56031"}],"version-history":[{"count":2,"href":"https:\/\/www.fuldaernachrichten.de\/index.php?rest_route=\/wp\/v2\/posts\/56031\/revisions"}],"predecessor-version":[{"id":56106,"href":"https:\/\/www.fuldaernachrichten.de\/index.php?rest_route=\/wp\/v2\/posts\/56031\/revisions\/56106"}],"wp:attachment":[{"href":"https:\/\/www.fuldaernachrichten.de\/index.php?rest_route=%2Fwp%2Fv2%2Fmedia&parent=56031"}],"wp:term":[{"taxonomy":"category","embeddable":true,"href":"https:\/\/www.fuldaernachrichten.de\/index.php?rest_route=%2Fwp%2Fv2%2Fcategories&post=56031"},{"taxonomy":"post_tag","embeddable":true,"href":"https:\/\/www.fuldaernachrichten.de\/index.php?rest_route=%2Fwp%2Fv2%2Ftags&post=56031"}],"curies":[{"name":"wp","href":"https:\/\/api.w.org\/{rel}","templated":true}]}}