{"id":5586,"date":"2007-09-30T01:53:00","date_gmt":"2007-09-29T23:53:00","guid":{"rendered":"http:\/\/www.schoene-nachrichten.de\/?p=5586"},"modified":"2007-09-30T01:53:00","modified_gmt":"2007-09-29T23:53:00","slug":"kinderjury-verlieh-zum-10-mal-goldenen-buecherwurm","status":"publish","type":"post","link":"https:\/\/www.fuldaernachrichten.de\/?p=5586","title":{"rendered":"Kinderjury verlieh zum 10. Mal &#8220;Goldenen B\u00fccherwurm&#8221;"},"content":{"rendered":"<p><strong>Sch\u00f6nes aus Fulda.<\/strong> Zum zehnten Mal verlieh eine Kinderjury der Kinder-Akademie Fulda in Zusammenarbeit mit der Buchhandlung Uptmoor den \u201eGoldenen B\u00fccherwurm\u201c. Aus der Liste der f\u00fcr den Deutschen Jugendliteraturpreis 2007 nominierten B\u00fccher zeichneten 21 M\u00e4dchen und Jungen zwischen sieben und 17 Jahren B\u00fccher in den Kategorien Bilder-, Kinder-, Jugend- und Sachbuch sowie Jugendjury aus. Insgesamt standen 30 B\u00fccher auf der Auswahlliste. Die Kinder und Jugendlichen hatten sich auch in diesem Jahr wieder mehrmals getroffen,\u00c2\u00a0um sich intensiv mit Inhalt, Stil und Gestaltung der ausgew\u00e4hlten B\u00fccher auseinanderzusetzen.<\/p>\n<p><strong>Fotos (36):<\/strong> Max Colin Heydenreich<\/p>\n<p><a rel=\"lightbox[roadtrip]\" target=\"_blank\" href=\"http:\/\/www.schoene-nachrichten.de\/wp-content\/uploads\/2007\/09\/070930_KAF_02.jpg\" title=\"Foto: Max Colin Heydenreich\"><img decoding=\"async\" width=\"128\" src=\"http:\/\/www.schoene-nachrichten.de\/wp-content\/uploads\/2007\/09\/070930_KAF_02.thumbnail.jpg\" alt=\"070930_KAF_02.jpg\" \/><\/a>\u00c2\u00a0<a rel=\"lightbox[roadtrip]\" target=\"_blank\" href=\"http:\/\/www.schoene-nachrichten.de\/wp-content\/uploads\/2007\/09\/070930_KAF_18.jpg\" title=\"Foto: Max Colin Heydenreich\"><img decoding=\"async\" width=\"128\" src=\"http:\/\/www.schoene-nachrichten.de\/wp-content\/uploads\/2007\/09\/070930_KAF_18.thumbnail.jpg\" alt=\"070930_KAF_18.jpg\" \/><\/a> <a rel=\"lightbox[roadtrip]\" target=\"_blank\" href=\"http:\/\/www.schoene-nachrichten.de\/wp-content\/uploads\/2007\/09\/070930_KAF_23.jpg\" title=\"Foto: Max Colin Heydenreich\"><img decoding=\"async\" width=\"128\" src=\"http:\/\/www.schoene-nachrichten.de\/wp-content\/uploads\/2007\/09\/070930_KAF_23.thumbnail.jpg\" alt=\"070930_KAF_23.jpg\" \/><\/a><\/p>\n<p><a rel=\"lightbox[roadtrip]\" target=\"_blank\" href=\"http:\/\/www.schoene-nachrichten.de\/wp-content\/uploads\/2007\/09\/070930_KAF_09.jpg\" title=\"Foto: Max Colin Heydenreich\"><img decoding=\"async\" width=\"128\" src=\"http:\/\/www.schoene-nachrichten.de\/wp-content\/uploads\/2007\/09\/070930_KAF_09.thumbnail.jpg\" alt=\"070930_KAF_09.jpg\" \/><\/a> <a rel=\"lightbox[roadtrip]\" target=\"_blank\" href=\"http:\/\/www.schoene-nachrichten.de\/wp-content\/uploads\/2007\/09\/070930_KAF_34.jpg\" title=\"Foto: Max Colin Heydenreich\"><img decoding=\"async\" width=\"128\" src=\"http:\/\/www.schoene-nachrichten.de\/wp-content\/uploads\/2007\/09\/070930_KAF_34.thumbnail.jpg\" alt=\"070930_KAF_34.jpg\" \/><\/a> <a rel=\"lightbox[roadtrip]\" target=\"_blank\" href=\"http:\/\/www.schoene-nachrichten.de\/wp-content\/uploads\/2007\/09\/070930_KAF_36.jpg\" title=\"Foto: Max Colin Heydenreich\"><img decoding=\"async\" width=\"128\" src=\"http:\/\/www.schoene-nachrichten.de\/wp-content\/uploads\/2007\/09\/070930_KAF_36.thumbnail.jpg\" alt=\"070930_KAF_36.jpg\" \/><\/a><\/p>\n<p><!--more--><strong>Die Gewinner des \u201eGoldenen B\u00fccherwurms 2007\u201c sind:<br \/>\n<\/strong>\u00c2\u00a0<br \/>\n<strong>Kategorie Bilderbuch<\/strong><br \/>\n\u201eDie Torte ist weg! Eine spannende Verfolgungsjagd\u201c von Th\u00e9 Tjong-Kingh aus dem Moritz Verlag<\/p>\n<p><a rel=\"lightbox[roadtrip]\" target=\"_blank\" href=\"http:\/\/www.schoene-nachrichten.de\/wp-content\/uploads\/2007\/09\/070930_KAF_01.jpg\" title=\"Foto: Max Colin Heydenreich\"><img decoding=\"async\" width=\"128\" src=\"http:\/\/www.schoene-nachrichten.de\/wp-content\/uploads\/2007\/09\/070930_KAF_01.thumbnail.jpg\" alt=\"070930_KAF_01.jpg\" \/><\/a>\u00c2\u00a0<a rel=\"lightbox[roadtrip]\" target=\"_blank\" href=\"http:\/\/www.schoene-nachrichten.de\/wp-content\/uploads\/2007\/09\/070930_KAF_08.jpg\" title=\"Foto: Max Colin Heydenreich\"><img decoding=\"async\" width=\"128\" src=\"http:\/\/www.schoene-nachrichten.de\/wp-content\/uploads\/2007\/09\/070930_KAF_08.thumbnail.jpg\" alt=\"070930_KAF_08.jpg\" \/><\/a> <a rel=\"lightbox[roadtrip]\" target=\"_blank\" href=\"http:\/\/www.schoene-nachrichten.de\/wp-content\/uploads\/2007\/09\/070930_KAF_03.jpg\" title=\"Foto: Max Colin Heydenreich\"><img decoding=\"async\" width=\"128\" src=\"http:\/\/www.schoene-nachrichten.de\/wp-content\/uploads\/2007\/09\/070930_KAF_03.thumbnail.jpg\" alt=\"070930_KAF_03.jpg\" \/><\/a><\/p>\n<p><a rel=\"lightbox[roadtrip]\" target=\"_blank\" href=\"http:\/\/www.schoene-nachrichten.de\/wp-content\/uploads\/2007\/09\/070930_KAF_04.jpg\" title=\"Foto: Max Colin Heydenreich\"><img decoding=\"async\" width=\"128\" src=\"http:\/\/www.schoene-nachrichten.de\/wp-content\/uploads\/2007\/09\/070930_KAF_04.thumbnail.jpg\" alt=\"070930_KAF_04.jpg\" \/><\/a> <a rel=\"lightbox[roadtrip]\" target=\"_blank\" href=\"http:\/\/www.schoene-nachrichten.de\/wp-content\/uploads\/2007\/09\/070930_KAF_05.jpg\" title=\"Foto: Max Colin Heydenreich\"><img decoding=\"async\" width=\"128\" src=\"http:\/\/www.schoene-nachrichten.de\/wp-content\/uploads\/2007\/09\/070930_KAF_05.thumbnail.jpg\" alt=\"070930_KAF_05.jpg\" \/><\/a> <a rel=\"lightbox[roadtrip]\" target=\"_blank\" href=\"http:\/\/www.schoene-nachrichten.de\/wp-content\/uploads\/2007\/09\/070930_KAF_06.jpg\" title=\"Foto: Max Colin Heydenreich\"><img decoding=\"async\" width=\"128\" src=\"http:\/\/www.schoene-nachrichten.de\/wp-content\/uploads\/2007\/09\/070930_KAF_06.thumbnail.jpg\" alt=\"070930_KAF_06.jpg\" \/><\/a><\/p>\n<p><strong>Kategorie Kinderbuch<br \/>\n<\/strong>\u201eDie besten Beerdigungen der Welt\u201c von Ulf Nilsson und Eva Eriksson aus dem Moritz Verlag<\/p>\n<p><a rel=\"lightbox[roadtrip]\" target=\"_blank\" href=\"http:\/\/www.schoene-nachrichten.de\/wp-content\/uploads\/2007\/09\/070930_KAF_10.jpg\" title=\"Foto: Max Colin Heydenreich\"><img decoding=\"async\" width=\"128\" src=\"http:\/\/www.schoene-nachrichten.de\/wp-content\/uploads\/2007\/09\/070930_KAF_10.thumbnail.jpg\" alt=\"070930_KAF_10.jpg\" \/><\/a> <a rel=\"lightbox[roadtrip]\" target=\"_blank\" href=\"http:\/\/www.schoene-nachrichten.de\/wp-content\/uploads\/2007\/09\/070930_KAF_11.jpg\" title=\"Foto: Max Colin Heydenreich\"><img decoding=\"async\" width=\"128\" src=\"http:\/\/www.schoene-nachrichten.de\/wp-content\/uploads\/2007\/09\/070930_KAF_11.thumbnail.jpg\" alt=\"070930_KAF_11.jpg\" \/><\/a> <a rel=\"lightbox[roadtrip]\" target=\"_blank\" href=\"http:\/\/www.schoene-nachrichten.de\/wp-content\/uploads\/2007\/09\/070930_KAF_12.jpg\" title=\"Foto: Max Colin Heydenreich\"><img decoding=\"async\" width=\"128\" src=\"http:\/\/www.schoene-nachrichten.de\/wp-content\/uploads\/2007\/09\/070930_KAF_12.thumbnail.jpg\" alt=\"070930_KAF_12.jpg\" \/><\/a><\/p>\n<p><a rel=\"lightbox[roadtrip]\" target=\"_blank\" href=\"http:\/\/www.schoene-nachrichten.de\/wp-content\/uploads\/2007\/09\/070930_KAF_13.jpg\" title=\"Foto: Max Colin Heydenreich\"><img decoding=\"async\" width=\"128\" src=\"http:\/\/www.schoene-nachrichten.de\/wp-content\/uploads\/2007\/09\/070930_KAF_13.thumbnail.jpg\" alt=\"070930_KAF_13.jpg\" \/><\/a> <a rel=\"lightbox[roadtrip]\" target=\"_blank\" href=\"http:\/\/www.schoene-nachrichten.de\/wp-content\/uploads\/2007\/09\/070930_KAF_14.jpg\" title=\"Foto: Max Colin Heydenreich\"><img decoding=\"async\" width=\"128\" src=\"http:\/\/www.schoene-nachrichten.de\/wp-content\/uploads\/2007\/09\/070930_KAF_14.thumbnail.jpg\" alt=\"070930_KAF_14.jpg\" \/><\/a> <a rel=\"lightbox[roadtrip]\" target=\"_blank\" href=\"http:\/\/www.schoene-nachrichten.de\/wp-content\/uploads\/2007\/09\/070930_KAF_15.jpg\" title=\"Foto: Max Colin Heydenreich\"><img decoding=\"async\" width=\"128\" src=\"http:\/\/www.schoene-nachrichten.de\/wp-content\/uploads\/2007\/09\/070930_KAF_15.thumbnail.jpg\" alt=\"070930_KAF_15.jpg\" \/><\/a><\/p>\n<p><strong>Kategorie Jugendbuch<\/strong><\/p>\n<p>\u201eWenn er kommt, dann laufen wir\u201c von David Klass aus dem Arena Verlag<\/p>\n<p><a rel=\"lightbox[roadtrip]\" target=\"_blank\" href=\"http:\/\/www.schoene-nachrichten.de\/wp-content\/uploads\/2007\/09\/070930_KAF_16.jpg\" title=\"Foto: Max Colin Heydenreich\"><img decoding=\"async\" width=\"128\" src=\"http:\/\/www.schoene-nachrichten.de\/wp-content\/uploads\/2007\/09\/070930_KAF_16.thumbnail.jpg\" alt=\"070930_KAF_16.jpg\" \/><\/a> <a rel=\"lightbox[roadtrip]\" target=\"_blank\" href=\"http:\/\/www.schoene-nachrichten.de\/wp-content\/uploads\/2007\/09\/070930_KAF_17.jpg\" title=\"Foto: Max Colin Heydenreich\"><img decoding=\"async\" width=\"128\" src=\"http:\/\/www.schoene-nachrichten.de\/wp-content\/uploads\/2007\/09\/070930_KAF_17.thumbnail.jpg\" alt=\"070930_KAF_17.jpg\" \/><\/a> <a rel=\"lightbox[roadtrip]\" target=\"_blank\" href=\"http:\/\/www.schoene-nachrichten.de\/wp-content\/uploads\/2007\/09\/070930_KAF_07.jpg\" title=\"Foto: Max Colin Heydenreich\"><img decoding=\"async\" width=\"128\" src=\"http:\/\/www.schoene-nachrichten.de\/wp-content\/uploads\/2007\/09\/070930_KAF_07.thumbnail.jpg\" alt=\"070930_KAF_07.jpg\" \/><\/a>\u00c2\u00a0<\/p>\n<p><a rel=\"lightbox[roadtrip]\" target=\"_blank\" href=\"http:\/\/www.schoene-nachrichten.de\/wp-content\/uploads\/2007\/09\/070930_KAF_19.jpg\" title=\"Foto: Max Colin Heydenreich\"><img decoding=\"async\" width=\"128\" src=\"http:\/\/www.schoene-nachrichten.de\/wp-content\/uploads\/2007\/09\/070930_KAF_19.thumbnail.jpg\" alt=\"070930_KAF_19.jpg\" \/><\/a> <a rel=\"lightbox[roadtrip]\" target=\"_blank\" href=\"http:\/\/www.schoene-nachrichten.de\/wp-content\/uploads\/2007\/09\/070930_KAF_20.jpg\" title=\"Foto: Max Colin Heydenreich\"><img decoding=\"async\" width=\"128\" src=\"http:\/\/www.schoene-nachrichten.de\/wp-content\/uploads\/2007\/09\/070930_KAF_20.thumbnail.jpg\" alt=\"070930_KAF_20.jpg\" \/><\/a> <a rel=\"lightbox[roadtrip]\" target=\"_blank\" href=\"http:\/\/www.schoene-nachrichten.de\/wp-content\/uploads\/2007\/09\/070930_KAF_21.jpg\" title=\"Foto: Max Colin Heydenreich\"><img decoding=\"async\" width=\"128\" src=\"http:\/\/www.schoene-nachrichten.de\/wp-content\/uploads\/2007\/09\/070930_KAF_21.thumbnail.jpg\" alt=\"070930_KAF_21.jpg\" \/><\/a><\/p>\n<p><strong>Kategorie Sachbuch<br \/>\n<\/strong>\u201eWas macht der B\u00e4r im Museum? Tiere in der Kunst\u201c von Claire d\u00c2\u00b4Harcourt aus dem Knesebeck Verlag<\/p>\n<p><a rel=\"lightbox[roadtrip]\" target=\"_blank\" href=\"http:\/\/www.schoene-nachrichten.de\/wp-content\/uploads\/2007\/09\/070930_KAF_22.jpg\" title=\"Foto: Max Colin Heydenreich\"><img decoding=\"async\" width=\"128\" src=\"http:\/\/www.schoene-nachrichten.de\/wp-content\/uploads\/2007\/09\/070930_KAF_22.thumbnail.jpg\" alt=\"070930_KAF_22.jpg\" \/><\/a>\u00c2\u00a0<a rel=\"lightbox[roadtrip]\" target=\"_blank\" href=\"http:\/\/www.schoene-nachrichten.de\/wp-content\/uploads\/2007\/09\/070930_KAF_35.jpg\" title=\"Foto: Max Colin Heydenreich\"><img decoding=\"async\" width=\"128\" src=\"http:\/\/www.schoene-nachrichten.de\/wp-content\/uploads\/2007\/09\/070930_KAF_35.thumbnail.jpg\" alt=\"070930_KAF_35.jpg\" \/><\/a> <a rel=\"lightbox[roadtrip]\" target=\"_blank\" href=\"http:\/\/www.schoene-nachrichten.de\/wp-content\/uploads\/2007\/09\/070930_KAF_24.jpg\" title=\"Foto: Max Colin Heydenreich\"><img decoding=\"async\" width=\"128\" src=\"http:\/\/www.schoene-nachrichten.de\/wp-content\/uploads\/2007\/09\/070930_KAF_24.thumbnail.jpg\" alt=\"070930_KAF_24.jpg\" \/><\/a><\/p>\n<p><a rel=\"lightbox[roadtrip]\" target=\"_blank\" href=\"http:\/\/www.schoene-nachrichten.de\/wp-content\/uploads\/2007\/09\/070930_KAF_25.jpg\" title=\"Foto: Max Colin Heydenreich\"><img decoding=\"async\" width=\"128\" src=\"http:\/\/www.schoene-nachrichten.de\/wp-content\/uploads\/2007\/09\/070930_KAF_25.thumbnail.jpg\" alt=\"070930_KAF_25.jpg\" \/><\/a> <a rel=\"lightbox[roadtrip]\" target=\"_blank\" href=\"http:\/\/www.schoene-nachrichten.de\/wp-content\/uploads\/2007\/09\/070930_KAF_26.jpg\" title=\"Foto: Max Colin Heydenreich\"><img decoding=\"async\" width=\"128\" src=\"http:\/\/www.schoene-nachrichten.de\/wp-content\/uploads\/2007\/09\/070930_KAF_26.thumbnail.jpg\" alt=\"070930_KAF_26.jpg\" \/><\/a> <a rel=\"lightbox[roadtrip]\" target=\"_blank\" href=\"http:\/\/www.schoene-nachrichten.de\/wp-content\/uploads\/2007\/09\/070930_KAF_27.jpg\" title=\"Foto: Max Colin Heydenreich\"><img decoding=\"async\" width=\"128\" src=\"http:\/\/www.schoene-nachrichten.de\/wp-content\/uploads\/2007\/09\/070930_KAF_27.thumbnail.jpg\" alt=\"070930_KAF_27.jpg\" \/><\/a><\/p>\n<p><strong>Kategorie Jugendjury<br \/>\n<\/strong>\u201eBis(s) zum Morgengrauen\u201c von Stephanie Meyer aus dem Carlsen Verlag.<\/p>\n<p><a rel=\"lightbox[roadtrip]\" target=\"_blank\" href=\"http:\/\/www.schoene-nachrichten.de\/wp-content\/uploads\/2007\/09\/070930_KAF_28.jpg\" title=\"Foto: Max Colin Heydenreich\"><img decoding=\"async\" width=\"128\" src=\"http:\/\/www.schoene-nachrichten.de\/wp-content\/uploads\/2007\/09\/070930_KAF_28.thumbnail.jpg\" alt=\"070930_KAF_28.jpg\" \/><\/a> <a rel=\"lightbox[roadtrip]\" target=\"_blank\" href=\"http:\/\/www.schoene-nachrichten.de\/wp-content\/uploads\/2007\/09\/070930_KAF_29.jpg\" title=\"Foto: Max Colin Heydenreich\"><img decoding=\"async\" width=\"128\" src=\"http:\/\/www.schoene-nachrichten.de\/wp-content\/uploads\/2007\/09\/070930_KAF_29.thumbnail.jpg\" alt=\"070930_KAF_29.jpg\" \/><\/a> <a rel=\"lightbox[roadtrip]\" target=\"_blank\" href=\"http:\/\/www.schoene-nachrichten.de\/wp-content\/uploads\/2007\/09\/070930_KAF_30.jpg\" title=\"Foto: Max Colin Heydenreich\"><img decoding=\"async\" width=\"128\" src=\"http:\/\/www.schoene-nachrichten.de\/wp-content\/uploads\/2007\/09\/070930_KAF_30.thumbnail.jpg\" alt=\"070930_KAF_30.jpg\" \/><\/a><\/p>\n<p><a rel=\"lightbox[roadtrip]\" target=\"_blank\" href=\"http:\/\/www.schoene-nachrichten.de\/wp-content\/uploads\/2007\/09\/070930_KAF_31.jpg\" title=\"Foto: Max Colin Heydenreich\"><img decoding=\"async\" width=\"128\" src=\"http:\/\/www.schoene-nachrichten.de\/wp-content\/uploads\/2007\/09\/070930_KAF_31.thumbnail.jpg\" alt=\"070930_KAF_31.jpg\" \/><\/a> <a rel=\"lightbox[roadtrip]\" target=\"_blank\" href=\"http:\/\/www.schoene-nachrichten.de\/wp-content\/uploads\/2007\/09\/070930_KAF_32.jpg\" title=\"Foto: Max Colin Heydenreich\"><img decoding=\"async\" width=\"128\" src=\"http:\/\/www.schoene-nachrichten.de\/wp-content\/uploads\/2007\/09\/070930_KAF_32.thumbnail.jpg\" alt=\"070930_KAF_32.jpg\" \/><\/a> <a rel=\"lightbox[roadtrip]\" target=\"_blank\" href=\"http:\/\/www.schoene-nachrichten.de\/wp-content\/uploads\/2007\/09\/070930_KAF_33.jpg\" title=\"Foto: Max Colin Heydenreich\"><img decoding=\"async\" width=\"128\" src=\"http:\/\/www.schoene-nachrichten.de\/wp-content\/uploads\/2007\/09\/070930_KAF_33.thumbnail.jpg\" alt=\"070930_KAF_33.jpg\" \/><\/a><\/p>\n<p>Die &#8220;B\u00fccher(w\u00fcrmer)&#8221; werden in der Kinder-Akademie Fulda und in der Buchhandlung Uptmoor ausgestellt.<\/p>\n","protected":false},"excerpt":{"rendered":"<div class=\"tmnf_excerpt\"><p>Sch\u00f6nes aus Fulda. Zum zehnten Mal verlieh eine Kinderjury der Kinder-Akademie Fulda in Zusammenarbeit mit der Buchhandlung Uptmoor den \u201eGoldenen B\u00fccherwurm\u201c. Aus der Liste der f\u00fcr den Deutschen Jugendliteraturpreis 2007 nominierten B\u00fccher zeichneten 21 M\u00e4dchen und Jungen zwischen sieben und 17 Jahren B\u00fccher in den Kategorien Bilder-, Kinder-, Jugend- und Sachbuch sowie Jugendjury aus. Insgesamt &hellip;<\/p>\n<\/div>","protected":false},"author":1,"featured_media":0,"comment_status":"closed","ping_status":"closed","sticky":false,"template":"","format":"standard","meta":{"footnotes":""},"categories":[1,53,72,44],"tags":[],"class_list":["post-5586","post","type-post","status-publish","format-standard","hentry","category-startseite","category-bildung","category-jugend","category-kultur"],"_links":{"self":[{"href":"https:\/\/www.fuldaernachrichten.de\/index.php?rest_route=\/wp\/v2\/posts\/5586","targetHints":{"allow":["GET"]}}],"collection":[{"href":"https:\/\/www.fuldaernachrichten.de\/index.php?rest_route=\/wp\/v2\/posts"}],"about":[{"href":"https:\/\/www.fuldaernachrichten.de\/index.php?rest_route=\/wp\/v2\/types\/post"}],"author":[{"embeddable":true,"href":"https:\/\/www.fuldaernachrichten.de\/index.php?rest_route=\/wp\/v2\/users\/1"}],"replies":[{"embeddable":true,"href":"https:\/\/www.fuldaernachrichten.de\/index.php?rest_route=%2Fwp%2Fv2%2Fcomments&post=5586"}],"version-history":[{"count":0,"href":"https:\/\/www.fuldaernachrichten.de\/index.php?rest_route=\/wp\/v2\/posts\/5586\/revisions"}],"wp:attachment":[{"href":"https:\/\/www.fuldaernachrichten.de\/index.php?rest_route=%2Fwp%2Fv2%2Fmedia&parent=5586"}],"wp:term":[{"taxonomy":"category","embeddable":true,"href":"https:\/\/www.fuldaernachrichten.de\/index.php?rest_route=%2Fwp%2Fv2%2Fcategories&post=5586"},{"taxonomy":"post_tag","embeddable":true,"href":"https:\/\/www.fuldaernachrichten.de\/index.php?rest_route=%2Fwp%2Fv2%2Ftags&post=5586"}],"curies":[{"name":"wp","href":"https:\/\/api.w.org\/{rel}","templated":true}]}}