{"id":55430,"date":"2010-03-26T04:10:36","date_gmt":"2010-03-26T03:10:36","guid":{"rendered":"http:\/\/www.schoene-nachrichten.de\/?p=55430"},"modified":"2010-03-26T13:04:34","modified_gmt":"2010-03-26T12:04:34","slug":"leistungsschau-und-mutmacher-bauen-2010-auf-der-messe-galerie-fulda-eroeffnet","status":"publish","type":"post","link":"https:\/\/www.fuldaernachrichten.de\/?p=55430","title":{"rendered":"Leistungsschau und Mutmacher &#8211; \u201ebauen 2010\u201c auf der Messe Galerie Fulda er\u00f6ffnet"},"content":{"rendered":"<p><strong><a href=\"http:\/\/www.schoene-nachrichten.de\/wp-content\/uploads\/2010\/03\/DSC_4057.jpg\"><img decoding=\"async\" class=\"alignleft size-thumbnail wp-image-55489\" title=\"DSC_4057\" src=\"http:\/\/www.schoene-nachrichten.de\/wp-content\/uploads\/2010\/03\/DSC_4057.jpg\" alt=\"DSC_4057\" width=\"560\" srcset=\"https:\/\/www.fuldaernachrichten.de\/wp-content\/uploads\/2010\/03\/DSC_4057.jpg 592w, https:\/\/www.fuldaernachrichten.de\/wp-content\/uploads\/2010\/03\/DSC_4057-265x175.jpg 265w\" sizes=\"(max-width: 592px) 100vw, 592px\" \/><\/a><\/strong><\/p>\n<p><strong>Fulda.<\/strong> Energiesparen steht nicht nur im Mittelpunkt der \u201ebauen 2010\u201c auf der Messe Galerie Fulda, sondern war auch das zentrale Thema bei der Er\u00f6ffnung der 19. Fachausstellung am Donnerstagmittag. Alle Redner forderten einen sorgsamen Umgang mit Energie und wiesen auf das hohe Kompetenz- und Informationspotenzial hin, das w\u00e4hrend der Messetage genutzt werden k\u00f6nne. Die Rekordbeteiligung von 256 Ausstellern, welche die ganze \u201eWelt des bauens\u201c repr\u00e4sentieren, unterstreicht die Qualit\u00e4t der Leistungsschau.<\/p>\n<p><strong>Fotos (102):<\/strong> Marzena Traber<!--more--><\/p>\n<p><a title=\"Foto: Marzena Traber\" rel=\"lightbox[roadtrip]\" href=\"http:\/\/www.schoene-nachrichten.de\/wp-content\/uploads\/2010\/03\/100325_Baumesse_001.jpg\" target=\"_blank\"><img decoding=\"async\" src=\"http:\/\/www.schoene-nachrichten.de\/wp-content\/uploads\/2010\/03\/100325_Baumesse_001.thumbnail.jpg\" alt=\"100325_Baumesse_001.jpg\" width=\"265\" \/><\/a> <a title=\"Foto: Marzena Traber\" rel=\"lightbox[roadtrip]\" href=\"http:\/\/www.schoene-nachrichten.de\/wp-content\/uploads\/2010\/03\/100325_Baumesse_002.jpg\" target=\"_blank\"><img decoding=\"async\" src=\"http:\/\/www.schoene-nachrichten.de\/wp-content\/uploads\/2010\/03\/100325_Baumesse_002.thumbnail.jpg\" alt=\"100325_Baumesse_002.jpg\" width=\"265\" \/><\/a><\/p>\n<p>Die \u201ebauen 2010\u201c sei ein Mutmacher und ein \u201eZentrum der Wirtschaft\u201c, sagte Gerhard M\u00f6ller, Fuldas Oberbu\u00cc\u02c6rgermeister und Schirmherr der Baufachausstellung, die bis zum Sonntag ge\u00f6ffnet hat. Um die Leistungsf\u00e4higkeit des Handwerks, der \u201eWirtschaftsmacht von neben an\u201c, um das Konjunkturf\u00f6rderprogramm und um Energie ging es im Vortrag von Kreishandwerksmeister Claus Gerhardt, dessen Organisation der ideelle Tr\u00e4ger der Messe ist und 2494 eingetragene Betriebe vertritt mit gut 12000 Besch\u00e4ftigten und 1900 Auszubildenden. Das heimische Handwerk habe im Jahr 2009 trotz eines Umsatzru\u00cc\u02c6ckgangs die Zahl der Arbeitspl\u00e4tze gehalten.<\/p>\n<p><a title=\"Foto: Marzena Traber\" rel=\"lightbox[roadtrip]\" href=\"http:\/\/www.schoene-nachrichten.de\/wp-content\/uploads\/2010\/03\/100325_Baumesse_003.jpg\" target=\"_blank\"><img decoding=\"async\" src=\"http:\/\/www.schoene-nachrichten.de\/wp-content\/uploads\/2010\/03\/100325_Baumesse_003.thumbnail.jpg\" alt=\"100325_Baumesse_003.jpg\" width=\"265\" \/><\/a> <a title=\"Foto: Marzena Traber\" rel=\"lightbox[roadtrip]\" href=\"http:\/\/www.schoene-nachrichten.de\/wp-content\/uploads\/2010\/03\/100325_Baumesse_004.jpg\" target=\"_blank\"><img decoding=\"async\" src=\"http:\/\/www.schoene-nachrichten.de\/wp-content\/uploads\/2010\/03\/100325_Baumesse_004.thumbnail.jpg\" alt=\"100325_Baumesse_004.jpg\" width=\"265\" \/><\/a><\/p>\n<p>Als Teil einer Wissensgesellschaft stehe das Handwerk fu\u00cc\u02c6r eine sinnvolle Nutzung erneuerbarer und fossiler Energien. Der sparsame Umgang mit Energie mu\u00cc\u02c6sse sich im Kopf jedes Bu\u00cc\u02c6rgers verankern. Das Handwerk brauche gut ausgebildete Mitarbeiter mit einem guten schulischen Fundament. Gerhardt sprach sich in diesem Zusammenhang fu\u00cc\u02c6r eine St\u00e4rkung der Hauptschule aus. Wichtig sei ein Abschluss mit Perspektiven. Das Konjunkturprogramm sei schnell umgesetzt worden, wofu\u00cc\u02c6r Stadt und Kreis Fulda Dank gebu\u00cc\u02c6hre. 95 Prozent der Projekte seien an heimische Betriebe vergeben worden. Der Kreishandwerksmeister kritisierte die geplante Verlegung der Arbeitsgerichts nach Bad Hersfeld, was die Betriebe zeitlich erheblich belasten werde, pl\u00e4dierte fu\u00cc\u02c6r weitere F\u00f6rdermittel fu\u00cc\u02c6r ausbildungsschwache Jugendliche und ru\u00cc\u02c6gte den hessischen Handwerkerfond, weil der Zinssatz von 7,6 Prozent indiskutabel sei.<\/p>\n<p><a title=\"Foto: Marzena Traber\" rel=\"lightbox[roadtrip]\" href=\"http:\/\/www.schoene-nachrichten.de\/wp-content\/uploads\/2010\/03\/100325_Baumesse_005.jpg\" target=\"_blank\"><img decoding=\"async\" src=\"http:\/\/www.schoene-nachrichten.de\/wp-content\/uploads\/2010\/03\/100325_Baumesse_005.thumbnail.jpg\" alt=\"100325_Baumesse_005.jpg\" width=\"265\" \/><\/a> <a title=\"Foto: Marzena Traber\" rel=\"lightbox[roadtrip]\" href=\"http:\/\/www.schoene-nachrichten.de\/wp-content\/uploads\/2010\/03\/100325_Baumesse_006.jpg\" target=\"_blank\"><img decoding=\"async\" src=\"http:\/\/www.schoene-nachrichten.de\/wp-content\/uploads\/2010\/03\/100325_Baumesse_006.thumbnail.jpg\" alt=\"100325_Baumesse_006.jpg\" width=\"265\" \/><\/a><\/p>\n<p>Die \u201ebauen 2010\u201c ist nach den Worten des Kasseler Regierungspr\u00e4sidenten Dr. Walter Lu\u00cc\u02c6bcke sehr sch\u00f6n und der Stadt Fulda wu\u00cc\u02c6rdig. Mit dem Thema Energiesparen, das auch fu\u00cc\u02c6r die heimische Region eine riesige Chance darstelle, habe sich die Fachausstellung einer hoch aktuellen Forderung angenommen. Hier leiste das Handwerk hervorragende Arbeit. Der Wechsel zu neuen Energien mu\u00cc\u02c6sse langsam und vernu\u00cc\u02c6nftig vollzogen werden. Im \u00dcbrigen sei die beste Energie diejenige, die man nicht verbrauche, sagte Lu\u00cc\u02c6bcke.<\/p>\n<p><a title=\"Foto: Marzena Traber\" rel=\"lightbox[roadtrip]\" href=\"http:\/\/www.schoene-nachrichten.de\/wp-content\/uploads\/2010\/03\/100325_Baumesse_007.jpg\" target=\"_blank\"><img decoding=\"async\" src=\"http:\/\/www.schoene-nachrichten.de\/wp-content\/uploads\/2010\/03\/100325_Baumesse_007.thumbnail.jpg\" alt=\"100325_Baumesse_007.jpg\" width=\"265\" \/><\/a> <a title=\"Foto: Marzena Traber\" rel=\"lightbox[roadtrip]\" href=\"http:\/\/www.schoene-nachrichten.de\/wp-content\/uploads\/2010\/03\/100325_Baumesse_008.jpg\" target=\"_blank\"><img decoding=\"async\" src=\"http:\/\/www.schoene-nachrichten.de\/wp-content\/uploads\/2010\/03\/100325_Baumesse_008.thumbnail.jpg\" alt=\"100325_Baumesse_008.jpg\" width=\"265\" \/><\/a><\/p>\n<p>Oberbu\u00cc\u02c6rgermeister Gerhard M\u00f6ller bezeichnete die \u201ebauen 2010\u201c als zentralen Handelsplatz. Dass die Stadt das Konjunkturf\u00f6rderprogramm voll umgesetzt habe, sei vor allem dem guten Kooperationsverhalten des regionalen Handwerks zu danken. Die Stadt setze auf die Zukunft, die nur mit dem Handwerk zu verwirklichen sei. Auch Landrat Bernd Woide lobte die sehr gute Umsetzung des Konjunkturf\u00f6rderpakets. 80 Prozent der Gelder seien in der Region geblieben. Wichtig ist Woide die Partnerschaft des Handwerks auch beim Bemu\u00cc\u02c6hen, Langzeitarbeitslose in Lohn und Brot zu bringen.<\/p>\n<p><a title=\"Foto: Marzena Traber\" rel=\"lightbox[roadtrip]\" href=\"http:\/\/www.schoene-nachrichten.de\/wp-content\/uploads\/2010\/03\/100325_Baumesse_009.jpg\" target=\"_blank\"><img decoding=\"async\" src=\"http:\/\/www.schoene-nachrichten.de\/wp-content\/uploads\/2010\/03\/100325_Baumesse_009.thumbnail.jpg\" alt=\"100325_Baumesse_009.jpg\" width=\"265\" \/><\/a> <a title=\"Foto: Marzena Traber\" rel=\"lightbox[roadtrip]\" href=\"http:\/\/www.schoene-nachrichten.de\/wp-content\/uploads\/2010\/03\/100325_Baumesse_010.jpg\" target=\"_blank\"><img decoding=\"async\" src=\"http:\/\/www.schoene-nachrichten.de\/wp-content\/uploads\/2010\/03\/100325_Baumesse_010.thumbnail.jpg\" alt=\"100325_Baumesse_010.jpg\" width=\"265\" \/><\/a><\/p>\n<p>Zu Beginn hatte Dieter Udolph, Gesch\u00e4tsfu\u00cc\u02c6hrer der Messe Fulda GmbH als Veranstalter der Fachausstellung, zahlreiche Repr\u00e4sentanten des \u00f6ffentlichen Lebens begru\u00cc\u02c6sst. Trotz der schwierigen gesamtwirtschaftlichen Situation k\u00f6nne man einen Ausstellerrekord registrieren. Diese Tatsache und ein weiterer Anstieg der Qualit\u00e4t machten optimistisch. Udolph, der den Start der Messe als viel versprechend wertete, wu\u00cc\u02c6rdigte die Innungen als wichtige Stu\u00cc\u02c6tze der heimischen Wirtschaft. Entscheidend sei die Zufriedenheit der Aussteller, was wiederum die Zukunft von Arbeitspl\u00e4tzen sichere.<\/p>\n<p><a title=\"Foto: Marzena Traber\" rel=\"lightbox[roadtrip]\" href=\"http:\/\/www.schoene-nachrichten.de\/wp-content\/uploads\/2010\/03\/100325_Baumesse_011.jpg\" target=\"_blank\"><img decoding=\"async\" src=\"http:\/\/www.schoene-nachrichten.de\/wp-content\/uploads\/2010\/03\/100325_Baumesse_011.thumbnail.jpg\" alt=\"100325_Baumesse_011.jpg\" width=\"265\" \/><\/a> <a title=\"Foto: Marzena Traber\" rel=\"lightbox[roadtrip]\" href=\"http:\/\/www.schoene-nachrichten.de\/wp-content\/uploads\/2010\/03\/100325_Baumesse_012.jpg\" target=\"_blank\"><img decoding=\"async\" src=\"http:\/\/www.schoene-nachrichten.de\/wp-content\/uploads\/2010\/03\/100325_Baumesse_012.thumbnail.jpg\" alt=\"100325_Baumesse_012.jpg\" width=\"265\" \/><\/a><\/p>\n<p>Die \u201ebauen 2010\u201c, die t\u00e4glich von 10 bis 18 Uhr ge\u00f6ffnet ist, gilt als umfassende Informationsb\u00f6rse und hochkar\u00e4tiges Forum der Kompetenz in allen Bereichen des Planens, Bauens, Wohnens und Lebens; dazu kommt noch der Garten. Auf u\u00cc\u02c6ber 10 000 Quadratmetern Ausstellungsfl\u00e4che in Leichtbauhallen und auf dem Freigel\u00e4nde gibt die Fachausstellung im Kompaktformat einen ausgezeichneten \u00dcberblick. Und das bei unver\u00e4ndert niedrigen Eintrittspreisen von sechs Euro (erm\u00e4\u00dfigt fu\u00cc\u02c6nf Euro) und bei 2000 kostenlosen Parkpl\u00e4tzen in unmittelbarer N\u00e4he. Kostenfrei sind auch der stu\u00cc\u02c6ndliche Pendelbus vom Fuldaer Busbahnhof bis zum Messegel\u00e4nde sowie die Kinderbetreuung am Samstag und am Sonntag.<\/p>\n<p><a title=\"Foto: Marzena Traber\" rel=\"lightbox[roadtrip]\" href=\"http:\/\/www.schoene-nachrichten.de\/wp-content\/uploads\/2010\/03\/100325_Baumesse_013.jpg\" target=\"_blank\"><img decoding=\"async\" src=\"http:\/\/www.schoene-nachrichten.de\/wp-content\/uploads\/2010\/03\/100325_Baumesse_013.thumbnail.jpg\" alt=\"100325_Baumesse_013.jpg\" width=\"265\" \/><\/a> <a title=\"Foto: Marzena Traber\" rel=\"lightbox[roadtrip]\" href=\"http:\/\/www.schoene-nachrichten.de\/wp-content\/uploads\/2010\/03\/100325_Baumesse_014.jpg\" target=\"_blank\"><img decoding=\"async\" src=\"http:\/\/www.schoene-nachrichten.de\/wp-content\/uploads\/2010\/03\/100325_Baumesse_014.thumbnail.jpg\" alt=\"100325_Baumesse_014.jpg\" width=\"265\" \/><\/a><\/p>\n<p><a title=\"Foto: Marzena Traber\" rel=\"lightbox[roadtrip]\" href=\"http:\/\/www.schoene-nachrichten.de\/wp-content\/uploads\/2010\/03\/100325_Baumesse_015.jpg\" target=\"_blank\"><img decoding=\"async\" src=\"http:\/\/www.schoene-nachrichten.de\/wp-content\/uploads\/2010\/03\/100325_Baumesse_015.thumbnail.jpg\" alt=\"100325_Baumesse_015.jpg\" width=\"265\" \/><\/a> <a title=\"Foto: Marzena Traber\" rel=\"lightbox[roadtrip]\" href=\"http:\/\/www.schoene-nachrichten.de\/wp-content\/uploads\/2010\/03\/100325_Baumesse_016.jpg\" target=\"_blank\"><img decoding=\"async\" src=\"http:\/\/www.schoene-nachrichten.de\/wp-content\/uploads\/2010\/03\/100325_Baumesse_016.thumbnail.jpg\" alt=\"100325_Baumesse_016.jpg\" width=\"265\" \/><\/a><\/p>\n<p><a title=\"Foto: Marzena Traber\" rel=\"lightbox[roadtrip]\" href=\"http:\/\/www.schoene-nachrichten.de\/wp-content\/uploads\/2010\/03\/100325_Baumesse_017.jpg\" target=\"_blank\"><img decoding=\"async\" src=\"http:\/\/www.schoene-nachrichten.de\/wp-content\/uploads\/2010\/03\/100325_Baumesse_017.thumbnail.jpg\" alt=\"100325_Baumesse_017.jpg\" width=\"265\" \/><\/a> <a title=\"Foto: Marzena Traber\" rel=\"lightbox[roadtrip]\" href=\"http:\/\/www.schoene-nachrichten.de\/wp-content\/uploads\/2010\/03\/100325_Baumesse_018.jpg\" target=\"_blank\"><img decoding=\"async\" src=\"http:\/\/www.schoene-nachrichten.de\/wp-content\/uploads\/2010\/03\/100325_Baumesse_018.thumbnail.jpg\" alt=\"100325_Baumesse_018.jpg\" width=\"265\" \/><\/a><\/p>\n<p><a title=\"Foto: Marzena Traber\" rel=\"lightbox[roadtrip]\" href=\"http:\/\/www.schoene-nachrichten.de\/wp-content\/uploads\/2010\/03\/100325_Baumesse_019.jpg\" target=\"_blank\"><img decoding=\"async\" src=\"http:\/\/www.schoene-nachrichten.de\/wp-content\/uploads\/2010\/03\/100325_Baumesse_019.thumbnail.jpg\" alt=\"100325_Baumesse_019.jpg\" width=\"265\" \/><\/a> <a title=\"Foto: Marzena Traber\" rel=\"lightbox[roadtrip]\" href=\"http:\/\/www.schoene-nachrichten.de\/wp-content\/uploads\/2010\/03\/100325_Baumesse_020.jpg\" target=\"_blank\"><img decoding=\"async\" src=\"http:\/\/www.schoene-nachrichten.de\/wp-content\/uploads\/2010\/03\/100325_Baumesse_020.thumbnail.jpg\" alt=\"100325_Baumesse_020.jpg\" width=\"265\" \/><\/a><\/p>\n<p><a title=\"Foto: Marzena Traber\" rel=\"lightbox[roadtrip]\" href=\"http:\/\/www.schoene-nachrichten.de\/wp-content\/uploads\/2010\/03\/100325_Baumesse_021.jpg\" target=\"_blank\"><img decoding=\"async\" src=\"http:\/\/www.schoene-nachrichten.de\/wp-content\/uploads\/2010\/03\/100325_Baumesse_021.thumbnail.jpg\" alt=\"100325_Baumesse_021.jpg\" width=\"265\" \/><\/a> <a title=\"Foto: Marzena Traber\" rel=\"lightbox[roadtrip]\" href=\"http:\/\/www.schoene-nachrichten.de\/wp-content\/uploads\/2010\/03\/100325_Baumesse_022.jpg\" target=\"_blank\"><img decoding=\"async\" src=\"http:\/\/www.schoene-nachrichten.de\/wp-content\/uploads\/2010\/03\/100325_Baumesse_022.thumbnail.jpg\" alt=\"100325_Baumesse_022.jpg\" width=\"265\" \/><\/a><\/p>\n<p><a title=\"Foto: Marzena Traber\" rel=\"lightbox[roadtrip]\" href=\"http:\/\/www.schoene-nachrichten.de\/wp-content\/uploads\/2010\/03\/100325_Baumesse_023.jpg\" target=\"_blank\"><img decoding=\"async\" src=\"http:\/\/www.schoene-nachrichten.de\/wp-content\/uploads\/2010\/03\/100325_Baumesse_023.thumbnail.jpg\" alt=\"100325_Baumesse_023.jpg\" width=\"265\" \/><\/a> <a title=\"Foto: Marzena Traber\" rel=\"lightbox[roadtrip]\" href=\"http:\/\/www.schoene-nachrichten.de\/wp-content\/uploads\/2010\/03\/100325_Baumesse_024.jpg\" target=\"_blank\"><img decoding=\"async\" src=\"http:\/\/www.schoene-nachrichten.de\/wp-content\/uploads\/2010\/03\/100325_Baumesse_024.thumbnail.jpg\" alt=\"100325_Baumesse_024.jpg\" width=\"265\" \/><\/a><\/p>\n<p><a title=\"Foto: Marzena Traber\" rel=\"lightbox[roadtrip]\" href=\"http:\/\/www.schoene-nachrichten.de\/wp-content\/uploads\/2010\/03\/100325_Baumesse_025.jpg\" target=\"_blank\"><img decoding=\"async\" src=\"http:\/\/www.schoene-nachrichten.de\/wp-content\/uploads\/2010\/03\/100325_Baumesse_025.thumbnail.jpg\" alt=\"100325_Baumesse_025.jpg\" width=\"265\" \/><\/a> <a title=\"Foto: Marzena Traber\" rel=\"lightbox[roadtrip]\" href=\"http:\/\/www.schoene-nachrichten.de\/wp-content\/uploads\/2010\/03\/100325_Baumesse_026.jpg\" target=\"_blank\"><img decoding=\"async\" src=\"http:\/\/www.schoene-nachrichten.de\/wp-content\/uploads\/2010\/03\/100325_Baumesse_026.thumbnail.jpg\" alt=\"100325_Baumesse_026.jpg\" width=\"265\" \/><\/a><\/p>\n<p><a title=\"Foto: Marzena Traber\" rel=\"lightbox[roadtrip]\" href=\"http:\/\/www.schoene-nachrichten.de\/wp-content\/uploads\/2010\/03\/100325_Baumesse_027.jpg\" target=\"_blank\"><img decoding=\"async\" src=\"http:\/\/www.schoene-nachrichten.de\/wp-content\/uploads\/2010\/03\/100325_Baumesse_027.thumbnail.jpg\" alt=\"100325_Baumesse_027.jpg\" width=\"265\" \/><\/a> <a title=\"Foto: Marzena Traber\" rel=\"lightbox[roadtrip]\" href=\"http:\/\/www.schoene-nachrichten.de\/wp-content\/uploads\/2010\/03\/100325_Baumesse_028.jpg\" target=\"_blank\"><img decoding=\"async\" src=\"http:\/\/www.schoene-nachrichten.de\/wp-content\/uploads\/2010\/03\/100325_Baumesse_028.thumbnail.jpg\" alt=\"100325_Baumesse_028.jpg\" width=\"265\" \/><\/a><\/p>\n<p><a title=\"Foto: Marzena Traber\" rel=\"lightbox[roadtrip]\" href=\"http:\/\/www.schoene-nachrichten.de\/wp-content\/uploads\/2010\/03\/100325_Baumesse_029.jpg\" target=\"_blank\"><img decoding=\"async\" src=\"http:\/\/www.schoene-nachrichten.de\/wp-content\/uploads\/2010\/03\/100325_Baumesse_029.thumbnail.jpg\" alt=\"100325_Baumesse_029.jpg\" width=\"265\" \/><\/a> <a title=\"Foto: Marzena Traber\" rel=\"lightbox[roadtrip]\" href=\"http:\/\/www.schoene-nachrichten.de\/wp-content\/uploads\/2010\/03\/100325_Baumesse_030.jpg\" target=\"_blank\"><img decoding=\"async\" src=\"http:\/\/www.schoene-nachrichten.de\/wp-content\/uploads\/2010\/03\/100325_Baumesse_030.thumbnail.jpg\" alt=\"100325_Baumesse_030.jpg\" width=\"265\" \/><\/a><\/p>\n<p><a title=\"Foto: Marzena Traber\" rel=\"lightbox[roadtrip]\" href=\"http:\/\/www.schoene-nachrichten.de\/wp-content\/uploads\/2010\/03\/100325_Baumesse_031.jpg\" target=\"_blank\"><img decoding=\"async\" src=\"http:\/\/www.schoene-nachrichten.de\/wp-content\/uploads\/2010\/03\/100325_Baumesse_031.thumbnail.jpg\" alt=\"100325_Baumesse_031.jpg\" width=\"265\" \/><\/a> <a title=\"Foto: Marzena Traber\" rel=\"lightbox[roadtrip]\" href=\"http:\/\/www.schoene-nachrichten.de\/wp-content\/uploads\/2010\/03\/100325_Baumesse_032.jpg\" target=\"_blank\"><img decoding=\"async\" src=\"http:\/\/www.schoene-nachrichten.de\/wp-content\/uploads\/2010\/03\/100325_Baumesse_032.thumbnail.jpg\" alt=\"100325_Baumesse_032.jpg\" width=\"265\" \/><\/a><\/p>\n<p><a title=\"Foto: Marzena Traber\" rel=\"lightbox[roadtrip]\" href=\"http:\/\/www.schoene-nachrichten.de\/wp-content\/uploads\/2010\/03\/100325_Baumesse_033.jpg\" target=\"_blank\"><img decoding=\"async\" src=\"http:\/\/www.schoene-nachrichten.de\/wp-content\/uploads\/2010\/03\/100325_Baumesse_033.thumbnail.jpg\" alt=\"100325_Baumesse_033.jpg\" width=\"265\" \/><\/a> <a title=\"Foto: Marzena Traber\" rel=\"lightbox[roadtrip]\" href=\"http:\/\/www.schoene-nachrichten.de\/wp-content\/uploads\/2010\/03\/100325_Baumesse_034.jpg\" target=\"_blank\"><img decoding=\"async\" src=\"http:\/\/www.schoene-nachrichten.de\/wp-content\/uploads\/2010\/03\/100325_Baumesse_034.thumbnail.jpg\" alt=\"100325_Baumesse_034.jpg\" width=\"265\" \/><\/a><\/p>\n<p><a title=\"Foto: Marzena Traber\" rel=\"lightbox[roadtrip]\" href=\"http:\/\/www.schoene-nachrichten.de\/wp-content\/uploads\/2010\/03\/100325_Baumesse_035.jpg\" target=\"_blank\"><img decoding=\"async\" src=\"http:\/\/www.schoene-nachrichten.de\/wp-content\/uploads\/2010\/03\/100325_Baumesse_035.thumbnail.jpg\" alt=\"100325_Baumesse_035.jpg\" width=\"265\" \/><\/a> <a title=\"Foto: Marzena Traber\" rel=\"lightbox[roadtrip]\" href=\"http:\/\/www.schoene-nachrichten.de\/wp-content\/uploads\/2010\/03\/100325_Baumesse_036.jpg\" target=\"_blank\"><img decoding=\"async\" src=\"http:\/\/www.schoene-nachrichten.de\/wp-content\/uploads\/2010\/03\/100325_Baumesse_036.thumbnail.jpg\" alt=\"100325_Baumesse_036.jpg\" width=\"265\" \/><\/a><\/p>\n<p><a title=\"Foto: Marzena Traber\" rel=\"lightbox[roadtrip]\" href=\"http:\/\/www.schoene-nachrichten.de\/wp-content\/uploads\/2010\/03\/100325_Baumesse_037.jpg\" target=\"_blank\"><img decoding=\"async\" src=\"http:\/\/www.schoene-nachrichten.de\/wp-content\/uploads\/2010\/03\/100325_Baumesse_037.thumbnail.jpg\" alt=\"100325_Baumesse_037.jpg\" width=\"265\" \/><\/a> <a title=\"Foto: Marzena Traber\" rel=\"lightbox[roadtrip]\" href=\"http:\/\/www.schoene-nachrichten.de\/wp-content\/uploads\/2010\/03\/100325_Baumesse_038.jpg\" target=\"_blank\"><img decoding=\"async\" src=\"http:\/\/www.schoene-nachrichten.de\/wp-content\/uploads\/2010\/03\/100325_Baumesse_038.thumbnail.jpg\" alt=\"100325_Baumesse_038.jpg\" width=\"265\" \/><\/a><\/p>\n<p><a title=\"Foto: Marzena Traber\" rel=\"lightbox[roadtrip]\" href=\"http:\/\/www.schoene-nachrichten.de\/wp-content\/uploads\/2010\/03\/100325_Baumesse_039.jpg\" target=\"_blank\"><img decoding=\"async\" src=\"http:\/\/www.schoene-nachrichten.de\/wp-content\/uploads\/2010\/03\/100325_Baumesse_039.thumbnail.jpg\" alt=\"100325_Baumesse_039.jpg\" width=\"265\" \/><\/a> <a title=\"Foto: Marzena Traber\" rel=\"lightbox[roadtrip]\" href=\"http:\/\/www.schoene-nachrichten.de\/wp-content\/uploads\/2010\/03\/100325_Baumesse_040.jpg\" target=\"_blank\"><img decoding=\"async\" src=\"http:\/\/www.schoene-nachrichten.de\/wp-content\/uploads\/2010\/03\/100325_Baumesse_040.thumbnail.jpg\" alt=\"100325_Baumesse_040.jpg\" width=\"265\" \/><\/a><\/p>\n<p><a title=\"Foto: Marzena Traber\" rel=\"lightbox[roadtrip]\" href=\"http:\/\/www.schoene-nachrichten.de\/wp-content\/uploads\/2010\/03\/100325_Baumesse_041.jpg\" target=\"_blank\"><img decoding=\"async\" src=\"http:\/\/www.schoene-nachrichten.de\/wp-content\/uploads\/2010\/03\/100325_Baumesse_041.thumbnail.jpg\" alt=\"100325_Baumesse_041.jpg\" width=\"265\" \/><\/a> <a title=\"Foto: Marzena Traber\" rel=\"lightbox[roadtrip]\" href=\"http:\/\/www.schoene-nachrichten.de\/wp-content\/uploads\/2010\/03\/100325_Baumesse_042.jpg\" target=\"_blank\"><img decoding=\"async\" src=\"http:\/\/www.schoene-nachrichten.de\/wp-content\/uploads\/2010\/03\/100325_Baumesse_042.thumbnail.jpg\" alt=\"100325_Baumesse_042.jpg\" width=\"265\" \/><\/a><\/p>\n<p><a title=\"Foto: Marzena Traber\" rel=\"lightbox[roadtrip]\" href=\"http:\/\/www.schoene-nachrichten.de\/wp-content\/uploads\/2010\/03\/100325_Baumesse_043.jpg\" target=\"_blank\"><img decoding=\"async\" src=\"http:\/\/www.schoene-nachrichten.de\/wp-content\/uploads\/2010\/03\/100325_Baumesse_043.thumbnail.jpg\" alt=\"100325_Baumesse_043.jpg\" width=\"265\" \/><\/a> <a title=\"Foto: Marzena Traber\" rel=\"lightbox[roadtrip]\" href=\"http:\/\/www.schoene-nachrichten.de\/wp-content\/uploads\/2010\/03\/100325_Baumesse_044.jpg\" target=\"_blank\"><img decoding=\"async\" src=\"http:\/\/www.schoene-nachrichten.de\/wp-content\/uploads\/2010\/03\/100325_Baumesse_044.thumbnail.jpg\" alt=\"100325_Baumesse_044.jpg\" width=\"265\" \/><\/a><\/p>\n<p><a title=\"Foto: Marzena Traber\" rel=\"lightbox[roadtrip]\" href=\"http:\/\/www.schoene-nachrichten.de\/wp-content\/uploads\/2010\/03\/100325_Baumesse_045.jpg\" target=\"_blank\"><img decoding=\"async\" src=\"http:\/\/www.schoene-nachrichten.de\/wp-content\/uploads\/2010\/03\/100325_Baumesse_045.thumbnail.jpg\" alt=\"100325_Baumesse_045.jpg\" width=\"265\" \/><\/a> <a title=\"Foto: Marzena Traber\" rel=\"lightbox[roadtrip]\" href=\"http:\/\/www.schoene-nachrichten.de\/wp-content\/uploads\/2010\/03\/100325_Baumesse_046.jpg\" target=\"_blank\"><img decoding=\"async\" src=\"http:\/\/www.schoene-nachrichten.de\/wp-content\/uploads\/2010\/03\/100325_Baumesse_046.thumbnail.jpg\" alt=\"100325_Baumesse_046.jpg\" width=\"265\" \/><\/a><\/p>\n<p><a title=\"Foto: Marzena Traber\" rel=\"lightbox[roadtrip]\" href=\"http:\/\/www.schoene-nachrichten.de\/wp-content\/uploads\/2010\/03\/100325_Baumesse_047.jpg\" target=\"_blank\"><img decoding=\"async\" src=\"http:\/\/www.schoene-nachrichten.de\/wp-content\/uploads\/2010\/03\/100325_Baumesse_047.thumbnail.jpg\" alt=\"100325_Baumesse_047.jpg\" width=\"265\" \/><\/a> <a title=\"Foto: Marzena Traber\" rel=\"lightbox[roadtrip]\" href=\"http:\/\/www.schoene-nachrichten.de\/wp-content\/uploads\/2010\/03\/100325_Baumesse_048.jpg\" target=\"_blank\"><img decoding=\"async\" src=\"http:\/\/www.schoene-nachrichten.de\/wp-content\/uploads\/2010\/03\/100325_Baumesse_048.thumbnail.jpg\" alt=\"100325_Baumesse_048.jpg\" width=\"265\" \/><\/a><\/p>\n<p><a title=\"Foto: Marzena Traber\" rel=\"lightbox[roadtrip]\" href=\"http:\/\/www.schoene-nachrichten.de\/wp-content\/uploads\/2010\/03\/100325_Baumesse_049.jpg\" target=\"_blank\"><img decoding=\"async\" src=\"http:\/\/www.schoene-nachrichten.de\/wp-content\/uploads\/2010\/03\/100325_Baumesse_049.thumbnail.jpg\" alt=\"100325_Baumesse_049.jpg\" width=\"265\" \/><\/a> <a title=\"Foto: Marzena Traber\" rel=\"lightbox[roadtrip]\" href=\"http:\/\/www.schoene-nachrichten.de\/wp-content\/uploads\/2010\/03\/100325_Baumesse_050.jpg\" target=\"_blank\"><img decoding=\"async\" src=\"http:\/\/www.schoene-nachrichten.de\/wp-content\/uploads\/2010\/03\/100325_Baumesse_050.thumbnail.jpg\" alt=\"100325_Baumesse_050.jpg\" width=\"265\" \/><\/a><\/p>\n<p><a title=\"Foto: Marzena Traber\" rel=\"lightbox[roadtrip]\" href=\"http:\/\/www.schoene-nachrichten.de\/wp-content\/uploads\/2010\/03\/100325_Baumesse_051.jpg\" target=\"_blank\"><img decoding=\"async\" src=\"http:\/\/www.schoene-nachrichten.de\/wp-content\/uploads\/2010\/03\/100325_Baumesse_051.thumbnail.jpg\" alt=\"100325_Baumesse_051.jpg\" width=\"265\" \/><\/a> <a title=\"Foto: Marzena Traber\" rel=\"lightbox[roadtrip]\" href=\"http:\/\/www.schoene-nachrichten.de\/wp-content\/uploads\/2010\/03\/100325_Baumesse_052.jpg\" target=\"_blank\"><img decoding=\"async\" src=\"http:\/\/www.schoene-nachrichten.de\/wp-content\/uploads\/2010\/03\/100325_Baumesse_052.thumbnail.jpg\" alt=\"100325_Baumesse_052.jpg\" width=\"265\" \/><\/a><\/p>\n<p><a title=\"Foto: Marzena Traber\" rel=\"lightbox[roadtrip]\" href=\"http:\/\/www.schoene-nachrichten.de\/wp-content\/uploads\/2010\/03\/100325_Baumesse_053.jpg\" target=\"_blank\"><img decoding=\"async\" src=\"http:\/\/www.schoene-nachrichten.de\/wp-content\/uploads\/2010\/03\/100325_Baumesse_053.thumbnail.jpg\" alt=\"100325_Baumesse_053.jpg\" width=\"265\" \/><\/a> <a title=\"Foto: Marzena Traber\" rel=\"lightbox[roadtrip]\" href=\"http:\/\/www.schoene-nachrichten.de\/wp-content\/uploads\/2010\/03\/100325_Baumesse_054.jpg\" target=\"_blank\"><img decoding=\"async\" src=\"http:\/\/www.schoene-nachrichten.de\/wp-content\/uploads\/2010\/03\/100325_Baumesse_054.thumbnail.jpg\" alt=\"100325_Baumesse_054.jpg\" width=\"265\" \/><\/a><\/p>\n<p><a title=\"Foto: Marzena Traber\" rel=\"lightbox[roadtrip]\" href=\"http:\/\/www.schoene-nachrichten.de\/wp-content\/uploads\/2010\/03\/100325_Baumesse_055.jpg\" target=\"_blank\"><img decoding=\"async\" src=\"http:\/\/www.schoene-nachrichten.de\/wp-content\/uploads\/2010\/03\/100325_Baumesse_055.thumbnail.jpg\" alt=\"100325_Baumesse_055.jpg\" width=\"265\" \/><\/a> <a title=\"Foto: Marzena Traber\" rel=\"lightbox[roadtrip]\" href=\"http:\/\/www.schoene-nachrichten.de\/wp-content\/uploads\/2010\/03\/100325_Baumesse_056.jpg\" target=\"_blank\"><img decoding=\"async\" src=\"http:\/\/www.schoene-nachrichten.de\/wp-content\/uploads\/2010\/03\/100325_Baumesse_056.thumbnail.jpg\" alt=\"100325_Baumesse_056.jpg\" width=\"265\" \/><\/a><\/p>\n<p><a title=\"Foto: Marzena Traber\" rel=\"lightbox[roadtrip]\" href=\"http:\/\/www.schoene-nachrichten.de\/wp-content\/uploads\/2010\/03\/100325_Baumesse_057.jpg\" target=\"_blank\"><img decoding=\"async\" src=\"http:\/\/www.schoene-nachrichten.de\/wp-content\/uploads\/2010\/03\/100325_Baumesse_057.thumbnail.jpg\" alt=\"100325_Baumesse_057.jpg\" width=\"265\" \/><\/a> <a title=\"Foto: Marzena Traber\" rel=\"lightbox[roadtrip]\" href=\"http:\/\/www.schoene-nachrichten.de\/wp-content\/uploads\/2010\/03\/100325_Baumesse_058.jpg\" target=\"_blank\"><img decoding=\"async\" src=\"http:\/\/www.schoene-nachrichten.de\/wp-content\/uploads\/2010\/03\/100325_Baumesse_058.thumbnail.jpg\" alt=\"100325_Baumesse_058.jpg\" width=\"265\" \/><\/a><\/p>\n<p><a title=\"Foto: Marzena Traber\" rel=\"lightbox[roadtrip]\" href=\"http:\/\/www.schoene-nachrichten.de\/wp-content\/uploads\/2010\/03\/100325_Baumesse_059.jpg\" target=\"_blank\"><img decoding=\"async\" src=\"http:\/\/www.schoene-nachrichten.de\/wp-content\/uploads\/2010\/03\/100325_Baumesse_059.thumbnail.jpg\" alt=\"100325_Baumesse_059.jpg\" width=\"265\" \/><\/a> <a title=\"Foto: Marzena Traber\" rel=\"lightbox[roadtrip]\" href=\"http:\/\/www.schoene-nachrichten.de\/wp-content\/uploads\/2010\/03\/100325_Baumesse_060.jpg\" target=\"_blank\"><img decoding=\"async\" src=\"http:\/\/www.schoene-nachrichten.de\/wp-content\/uploads\/2010\/03\/100325_Baumesse_060.thumbnail.jpg\" alt=\"100325_Baumesse_060.jpg\" width=\"265\" \/><\/a><\/p>\n<p><a title=\"Foto: Marzena Traber\" rel=\"lightbox[roadtrip]\" href=\"http:\/\/www.schoene-nachrichten.de\/wp-content\/uploads\/2010\/03\/100325_Baumesse_061.jpg\" target=\"_blank\"><img decoding=\"async\" src=\"http:\/\/www.schoene-nachrichten.de\/wp-content\/uploads\/2010\/03\/100325_Baumesse_061.thumbnail.jpg\" alt=\"100325_Baumesse_061.jpg\" width=\"265\" \/><\/a> <a title=\"Foto: Marzena Traber\" rel=\"lightbox[roadtrip]\" href=\"http:\/\/www.schoene-nachrichten.de\/wp-content\/uploads\/2010\/03\/100325_Baumesse_062.jpg\" target=\"_blank\"><img decoding=\"async\" src=\"http:\/\/www.schoene-nachrichten.de\/wp-content\/uploads\/2010\/03\/100325_Baumesse_062.thumbnail.jpg\" alt=\"100325_Baumesse_062.jpg\" width=\"265\" \/><\/a><\/p>\n<p><a title=\"Foto: Marzena Traber\" rel=\"lightbox[roadtrip]\" href=\"http:\/\/www.schoene-nachrichten.de\/wp-content\/uploads\/2010\/03\/100325_Baumesse_063.jpg\" target=\"_blank\"><img decoding=\"async\" src=\"http:\/\/www.schoene-nachrichten.de\/wp-content\/uploads\/2010\/03\/100325_Baumesse_063.thumbnail.jpg\" alt=\"100325_Baumesse_063.jpg\" width=\"265\" \/><\/a> <a title=\"Foto: Marzena Traber\" rel=\"lightbox[roadtrip]\" href=\"http:\/\/www.schoene-nachrichten.de\/wp-content\/uploads\/2010\/03\/100325_Baumesse_064.jpg\" target=\"_blank\"><img decoding=\"async\" src=\"http:\/\/www.schoene-nachrichten.de\/wp-content\/uploads\/2010\/03\/100325_Baumesse_064.thumbnail.jpg\" alt=\"100325_Baumesse_064.jpg\" width=\"265\" \/><\/a><\/p>\n<p><a title=\"Foto: Marzena Traber\" rel=\"lightbox[roadtrip]\" href=\"http:\/\/www.schoene-nachrichten.de\/wp-content\/uploads\/2010\/03\/100325_Baumesse_065.jpg\" target=\"_blank\"><img decoding=\"async\" src=\"http:\/\/www.schoene-nachrichten.de\/wp-content\/uploads\/2010\/03\/100325_Baumesse_065.thumbnail.jpg\" alt=\"100325_Baumesse_065.jpg\" width=\"265\" \/><\/a> <a title=\"Foto: Marzena Traber\" rel=\"lightbox[roadtrip]\" href=\"http:\/\/www.schoene-nachrichten.de\/wp-content\/uploads\/2010\/03\/100325_Baumesse_066.jpg\" target=\"_blank\"><img decoding=\"async\" src=\"http:\/\/www.schoene-nachrichten.de\/wp-content\/uploads\/2010\/03\/100325_Baumesse_066.thumbnail.jpg\" alt=\"100325_Baumesse_066.jpg\" width=\"265\" \/><\/a><\/p>\n<p><a title=\"Foto: Marzena Traber\" rel=\"lightbox[roadtrip]\" href=\"http:\/\/www.schoene-nachrichten.de\/wp-content\/uploads\/2010\/03\/100325_Baumesse_067.jpg\" target=\"_blank\"><img decoding=\"async\" src=\"http:\/\/www.schoene-nachrichten.de\/wp-content\/uploads\/2010\/03\/100325_Baumesse_067.thumbnail.jpg\" alt=\"100325_Baumesse_067.jpg\" width=\"265\" \/><\/a> <a title=\"Foto: Marzena Traber\" rel=\"lightbox[roadtrip]\" href=\"http:\/\/www.schoene-nachrichten.de\/wp-content\/uploads\/2010\/03\/100325_Baumesse_068.jpg\" target=\"_blank\"><img decoding=\"async\" src=\"http:\/\/www.schoene-nachrichten.de\/wp-content\/uploads\/2010\/03\/100325_Baumesse_068.thumbnail.jpg\" alt=\"100325_Baumesse_068.jpg\" width=\"265\" \/><\/a><\/p>\n<p><a title=\"Foto: Marzena Traber\" rel=\"lightbox[roadtrip]\" href=\"http:\/\/www.schoene-nachrichten.de\/wp-content\/uploads\/2010\/03\/100325_Baumesse_069.jpg\" target=\"_blank\"><img decoding=\"async\" src=\"http:\/\/www.schoene-nachrichten.de\/wp-content\/uploads\/2010\/03\/100325_Baumesse_069.thumbnail.jpg\" alt=\"100325_Baumesse_069.jpg\" width=\"265\" \/><\/a> <a title=\"Foto: Marzena Traber\" rel=\"lightbox[roadtrip]\" href=\"http:\/\/www.schoene-nachrichten.de\/wp-content\/uploads\/2010\/03\/100325_Baumesse_070.jpg\" target=\"_blank\"><img decoding=\"async\" src=\"http:\/\/www.schoene-nachrichten.de\/wp-content\/uploads\/2010\/03\/100325_Baumesse_070.thumbnail.jpg\" alt=\"100325_Baumesse_070.jpg\" width=\"265\" \/><\/a><\/p>\n<p><a title=\"Foto: Marzena Traber\" rel=\"lightbox[roadtrip]\" href=\"http:\/\/www.schoene-nachrichten.de\/wp-content\/uploads\/2010\/03\/100325_Baumesse_071.jpg\" target=\"_blank\"><img decoding=\"async\" src=\"http:\/\/www.schoene-nachrichten.de\/wp-content\/uploads\/2010\/03\/100325_Baumesse_071.thumbnail.jpg\" alt=\"100325_Baumesse_071.jpg\" width=\"265\" \/><\/a> <a title=\"Foto: Marzena Traber\" rel=\"lightbox[roadtrip]\" href=\"http:\/\/www.schoene-nachrichten.de\/wp-content\/uploads\/2010\/03\/100325_Baumesse_072.jpg\" target=\"_blank\"><img decoding=\"async\" src=\"http:\/\/www.schoene-nachrichten.de\/wp-content\/uploads\/2010\/03\/100325_Baumesse_072.thumbnail.jpg\" alt=\"100325_Baumesse_072.jpg\" width=\"265\" \/><\/a><\/p>\n<p><a title=\"Foto: Marzena Traber\" rel=\"lightbox[roadtrip]\" href=\"http:\/\/www.schoene-nachrichten.de\/wp-content\/uploads\/2010\/03\/100325_Baumesse_073.jpg\" target=\"_blank\"><img decoding=\"async\" src=\"http:\/\/www.schoene-nachrichten.de\/wp-content\/uploads\/2010\/03\/100325_Baumesse_073.thumbnail.jpg\" alt=\"100325_Baumesse_073.jpg\" width=\"265\" \/><\/a> <a title=\"Foto: Marzena Traber\" rel=\"lightbox[roadtrip]\" href=\"http:\/\/www.schoene-nachrichten.de\/wp-content\/uploads\/2010\/03\/100325_Baumesse_074.jpg\" target=\"_blank\"><img decoding=\"async\" src=\"http:\/\/www.schoene-nachrichten.de\/wp-content\/uploads\/2010\/03\/100325_Baumesse_074.thumbnail.jpg\" alt=\"100325_Baumesse_074.jpg\" width=\"265\" \/><\/a><\/p>\n<p><a title=\"Foto: Marzena Traber\" rel=\"lightbox[roadtrip]\" href=\"http:\/\/www.schoene-nachrichten.de\/wp-content\/uploads\/2010\/03\/100325_Baumesse_075.jpg\" target=\"_blank\"><img decoding=\"async\" src=\"http:\/\/www.schoene-nachrichten.de\/wp-content\/uploads\/2010\/03\/100325_Baumesse_075.thumbnail.jpg\" alt=\"100325_Baumesse_075.jpg\" width=\"265\" \/><\/a> <a title=\"Foto: Marzena Traber\" rel=\"lightbox[roadtrip]\" href=\"http:\/\/www.schoene-nachrichten.de\/wp-content\/uploads\/2010\/03\/100325_Baumesse_076.jpg\" target=\"_blank\"><img decoding=\"async\" src=\"http:\/\/www.schoene-nachrichten.de\/wp-content\/uploads\/2010\/03\/100325_Baumesse_076.thumbnail.jpg\" alt=\"100325_Baumesse_076.jpg\" width=\"265\" \/><\/a><\/p>\n<p><a title=\"Foto: Marzena Traber\" rel=\"lightbox[roadtrip]\" href=\"http:\/\/www.schoene-nachrichten.de\/wp-content\/uploads\/2010\/03\/100325_Baumesse_077.jpg\" target=\"_blank\"><img decoding=\"async\" src=\"http:\/\/www.schoene-nachrichten.de\/wp-content\/uploads\/2010\/03\/100325_Baumesse_077.thumbnail.jpg\" alt=\"100325_Baumesse_077.jpg\" width=\"265\" \/><\/a> <a title=\"Foto: Marzena Traber\" rel=\"lightbox[roadtrip]\" href=\"http:\/\/www.schoene-nachrichten.de\/wp-content\/uploads\/2010\/03\/100325_Baumesse_078.jpg\" target=\"_blank\"><img decoding=\"async\" src=\"http:\/\/www.schoene-nachrichten.de\/wp-content\/uploads\/2010\/03\/100325_Baumesse_078.thumbnail.jpg\" alt=\"100325_Baumesse_078.jpg\" width=\"265\" \/><\/a><\/p>\n<p><a title=\"Foto: Marzena Traber\" rel=\"lightbox[roadtrip]\" href=\"http:\/\/www.schoene-nachrichten.de\/wp-content\/uploads\/2010\/03\/100325_Baumesse_079.jpg\" target=\"_blank\"><img decoding=\"async\" src=\"http:\/\/www.schoene-nachrichten.de\/wp-content\/uploads\/2010\/03\/100325_Baumesse_079.thumbnail.jpg\" alt=\"100325_Baumesse_079.jpg\" width=\"265\" \/><\/a> <a title=\"Foto: Marzena Traber\" rel=\"lightbox[roadtrip]\" href=\"http:\/\/www.schoene-nachrichten.de\/wp-content\/uploads\/2010\/03\/100325_Baumesse_080.jpg\" target=\"_blank\"><img decoding=\"async\" src=\"http:\/\/www.schoene-nachrichten.de\/wp-content\/uploads\/2010\/03\/100325_Baumesse_080.thumbnail.jpg\" alt=\"100325_Baumesse_080.jpg\" width=\"265\" \/><\/a><\/p>\n<p><a title=\"Foto: Marzena Traber\" rel=\"lightbox[roadtrip]\" href=\"http:\/\/www.schoene-nachrichten.de\/wp-content\/uploads\/2010\/03\/100325_Baumesse_081.jpg\" target=\"_blank\"><img decoding=\"async\" src=\"http:\/\/www.schoene-nachrichten.de\/wp-content\/uploads\/2010\/03\/100325_Baumesse_081.thumbnail.jpg\" alt=\"100325_Baumesse_081.jpg\" width=\"265\" \/><\/a> <a title=\"Foto: Marzena Traber\" rel=\"lightbox[roadtrip]\" href=\"http:\/\/www.schoene-nachrichten.de\/wp-content\/uploads\/2010\/03\/100325_Baumesse_082.jpg\" target=\"_blank\"><img decoding=\"async\" src=\"http:\/\/www.schoene-nachrichten.de\/wp-content\/uploads\/2010\/03\/100325_Baumesse_082.thumbnail.jpg\" alt=\"100325_Baumesse_082.jpg\" width=\"265\" \/><\/a><\/p>\n<p><a title=\"Foto: Marzena Traber\" rel=\"lightbox[roadtrip]\" href=\"http:\/\/www.schoene-nachrichten.de\/wp-content\/uploads\/2010\/03\/100325_Baumesse_083.jpg\" target=\"_blank\"><img decoding=\"async\" src=\"http:\/\/www.schoene-nachrichten.de\/wp-content\/uploads\/2010\/03\/100325_Baumesse_083.thumbnail.jpg\" alt=\"100325_Baumesse_083.jpg\" width=\"265\" \/><\/a> <a title=\"Foto: Marzena Traber\" rel=\"lightbox[roadtrip]\" href=\"http:\/\/www.schoene-nachrichten.de\/wp-content\/uploads\/2010\/03\/100325_Baumesse_084.jpg\" target=\"_blank\"><img decoding=\"async\" src=\"http:\/\/www.schoene-nachrichten.de\/wp-content\/uploads\/2010\/03\/100325_Baumesse_084.thumbnail.jpg\" alt=\"100325_Baumesse_084.jpg\" width=\"265\" \/><\/a><\/p>\n<p><a title=\"Foto: Marzena Traber\" rel=\"lightbox[roadtrip]\" href=\"http:\/\/www.schoene-nachrichten.de\/wp-content\/uploads\/2010\/03\/100325_Baumesse_085.jpg\" target=\"_blank\"><img decoding=\"async\" src=\"http:\/\/www.schoene-nachrichten.de\/wp-content\/uploads\/2010\/03\/100325_Baumesse_085.thumbnail.jpg\" alt=\"100325_Baumesse_085.jpg\" width=\"265\" \/><\/a> <a title=\"Foto: Marzena Traber\" rel=\"lightbox[roadtrip]\" href=\"http:\/\/www.schoene-nachrichten.de\/wp-content\/uploads\/2010\/03\/100325_Baumesse_086.jpg\" target=\"_blank\"><img decoding=\"async\" src=\"http:\/\/www.schoene-nachrichten.de\/wp-content\/uploads\/2010\/03\/100325_Baumesse_086.thumbnail.jpg\" alt=\"100325_Baumesse_086.jpg\" width=\"265\" \/><\/a><\/p>\n<p><a title=\"Foto: Marzena Traber\" rel=\"lightbox[roadtrip]\" href=\"http:\/\/www.schoene-nachrichten.de\/wp-content\/uploads\/2010\/03\/100325_Baumesse_087.jpg\" target=\"_blank\"><img decoding=\"async\" src=\"http:\/\/www.schoene-nachrichten.de\/wp-content\/uploads\/2010\/03\/100325_Baumesse_087.thumbnail.jpg\" alt=\"100325_Baumesse_087.jpg\" width=\"265\" \/><\/a> <a title=\"Foto: Marzena Traber\" rel=\"lightbox[roadtrip]\" href=\"http:\/\/www.schoene-nachrichten.de\/wp-content\/uploads\/2010\/03\/100325_Baumesse_088.jpg\" target=\"_blank\"><img decoding=\"async\" src=\"http:\/\/www.schoene-nachrichten.de\/wp-content\/uploads\/2010\/03\/100325_Baumesse_088.thumbnail.jpg\" alt=\"100325_Baumesse_088.jpg\" width=\"265\" \/><\/a><\/p>\n<p><a title=\"Foto: Marzena Traber\" rel=\"lightbox[roadtrip]\" href=\"http:\/\/www.schoene-nachrichten.de\/wp-content\/uploads\/2010\/03\/100325_Baumesse_089.jpg\" target=\"_blank\"><img decoding=\"async\" src=\"http:\/\/www.schoene-nachrichten.de\/wp-content\/uploads\/2010\/03\/100325_Baumesse_089.thumbnail.jpg\" alt=\"100325_Baumesse_089.jpg\" width=\"265\" \/><\/a> <a title=\"Foto: Marzena Traber\" rel=\"lightbox[roadtrip]\" href=\"http:\/\/www.schoene-nachrichten.de\/wp-content\/uploads\/2010\/03\/100325_Baumesse_090.jpg\" target=\"_blank\"><img decoding=\"async\" src=\"http:\/\/www.schoene-nachrichten.de\/wp-content\/uploads\/2010\/03\/100325_Baumesse_090.thumbnail.jpg\" alt=\"100325_Baumesse_090.jpg\" width=\"265\" \/><\/a><\/p>\n<p><a title=\"Foto: Marzena Traber\" rel=\"lightbox[roadtrip]\" href=\"http:\/\/www.schoene-nachrichten.de\/wp-content\/uploads\/2010\/03\/100325_Baumesse_091.jpg\" target=\"_blank\"><img decoding=\"async\" src=\"http:\/\/www.schoene-nachrichten.de\/wp-content\/uploads\/2010\/03\/100325_Baumesse_091.thumbnail.jpg\" alt=\"100325_Baumesse_091.jpg\" width=\"265\" \/><\/a> <a title=\"Foto: Marzena Traber\" rel=\"lightbox[roadtrip]\" href=\"http:\/\/www.schoene-nachrichten.de\/wp-content\/uploads\/2010\/03\/100325_Baumesse_092.jpg\" target=\"_blank\"><img decoding=\"async\" src=\"http:\/\/www.schoene-nachrichten.de\/wp-content\/uploads\/2010\/03\/100325_Baumesse_092.thumbnail.jpg\" alt=\"100325_Baumesse_092.jpg\" width=\"265\" \/><\/a><\/p>\n<p><a title=\"Foto: Marzena Traber\" rel=\"lightbox[roadtrip]\" href=\"http:\/\/www.schoene-nachrichten.de\/wp-content\/uploads\/2010\/03\/100325_Baumesse_093.jpg\" target=\"_blank\"><img decoding=\"async\" src=\"http:\/\/www.schoene-nachrichten.de\/wp-content\/uploads\/2010\/03\/100325_Baumesse_093.thumbnail.jpg\" alt=\"100325_Baumesse_093.jpg\" width=\"265\" \/><\/a> <a title=\"Foto: Marzena Traber\" rel=\"lightbox[roadtrip]\" href=\"http:\/\/www.schoene-nachrichten.de\/wp-content\/uploads\/2010\/03\/100325_Baumesse_094.jpg\" target=\"_blank\"><img decoding=\"async\" src=\"http:\/\/www.schoene-nachrichten.de\/wp-content\/uploads\/2010\/03\/100325_Baumesse_094.thumbnail.jpg\" alt=\"100325_Baumesse_094.jpg\" width=\"265\" \/><\/a><\/p>\n<p><a title=\"Foto: Marzena Traber\" rel=\"lightbox[roadtrip]\" href=\"http:\/\/www.schoene-nachrichten.de\/wp-content\/uploads\/2010\/03\/100325_Baumesse_095.jpg\" target=\"_blank\"><img decoding=\"async\" src=\"http:\/\/www.schoene-nachrichten.de\/wp-content\/uploads\/2010\/03\/100325_Baumesse_095.thumbnail.jpg\" alt=\"100325_Baumesse_095.jpg\" width=\"265\" \/><\/a> <a title=\"Foto: Marzena Traber\" rel=\"lightbox[roadtrip]\" href=\"http:\/\/www.schoene-nachrichten.de\/wp-content\/uploads\/2010\/03\/100325_Baumesse_096.jpg\" target=\"_blank\"><img decoding=\"async\" src=\"http:\/\/www.schoene-nachrichten.de\/wp-content\/uploads\/2010\/03\/100325_Baumesse_096.thumbnail.jpg\" alt=\"100325_Baumesse_096.jpg\" width=\"265\" \/><\/a><\/p>\n<p><a title=\"Foto: Marzena Traber\" rel=\"lightbox[roadtrip]\" href=\"http:\/\/www.schoene-nachrichten.de\/wp-content\/uploads\/2010\/03\/100325_Baumesse_097.jpg\" target=\"_blank\"><img decoding=\"async\" src=\"http:\/\/www.schoene-nachrichten.de\/wp-content\/uploads\/2010\/03\/100325_Baumesse_097.thumbnail.jpg\" alt=\"100325_Baumesse_097.jpg\" width=\"265\" \/><\/a> <a title=\"Foto: Marzena Traber\" rel=\"lightbox[roadtrip]\" href=\"http:\/\/www.schoene-nachrichten.de\/wp-content\/uploads\/2010\/03\/100325_Baumesse_098.jpg\" target=\"_blank\"><img decoding=\"async\" src=\"http:\/\/www.schoene-nachrichten.de\/wp-content\/uploads\/2010\/03\/100325_Baumesse_098.thumbnail.jpg\" alt=\"100325_Baumesse_098.jpg\" width=\"265\" \/><\/a><\/p>\n<p><a title=\"Foto: Marzena Traber\" rel=\"lightbox[roadtrip]\" href=\"http:\/\/www.schoene-nachrichten.de\/wp-content\/uploads\/2010\/03\/100325_Baumesse_099.jpg\" target=\"_blank\"><img decoding=\"async\" src=\"http:\/\/www.schoene-nachrichten.de\/wp-content\/uploads\/2010\/03\/100325_Baumesse_099.thumbnail.jpg\" alt=\"100325_Baumesse_099.jpg\" width=\"265\" \/><\/a> <a title=\"Foto: Marzena Traber\" rel=\"lightbox[roadtrip]\" href=\"http:\/\/www.schoene-nachrichten.de\/wp-content\/uploads\/2010\/03\/100325_Baumesse_100.jpg\" target=\"_blank\"><img decoding=\"async\" src=\"http:\/\/www.schoene-nachrichten.de\/wp-content\/uploads\/2010\/03\/100325_Baumesse_100.thumbnail.jpg\" alt=\"100325_Baumesse_100.jpg\" width=\"265\" \/><\/a><\/p>\n<p><a title=\"Foto: Marzena Traber\" rel=\"lightbox[roadtrip]\" href=\"http:\/\/www.schoene-nachrichten.de\/wp-content\/uploads\/2010\/03\/100325_Baumesse_101.jpg\" target=\"_blank\"><img decoding=\"async\" src=\"http:\/\/www.schoene-nachrichten.de\/wp-content\/uploads\/2010\/03\/100325_Baumesse_101.thumbnail.jpg\" alt=\"100325_Baumesse_101.jpg\" width=\"265\" \/><\/a> <a title=\"Foto: Marzena Traber\" rel=\"lightbox[roadtrip]\" href=\"http:\/\/www.schoene-nachrichten.de\/wp-content\/uploads\/2010\/03\/100325_Baumesse_102.jpg\" target=\"_blank\"><img decoding=\"async\" src=\"http:\/\/www.schoene-nachrichten.de\/wp-content\/uploads\/2010\/03\/100325_Baumesse_102.thumbnail.jpg\" alt=\"100325_Baumesse_102.jpg\" width=\"265\" \/><\/a><\/p>\n","protected":false},"excerpt":{"rendered":"<div class=\"tmnf_excerpt\"><p>Fulda. Energiesparen steht nicht nur im Mittelpunkt der \u201ebauen 2010\u201c auf der Messe Galerie Fulda, sondern war auch das zentrale Thema bei der Er\u00f6ffnung der 19. Fachausstellung am Donnerstagmittag. Alle Redner forderten einen sorgsamen Umgang mit Energie und wiesen auf das hohe Kompetenz- und Informationspotenzial hin, das w\u00e4hrend der Messetage genutzt werden k\u00f6nne. Die Rekordbeteiligung &hellip;<\/p>\n<\/div>","protected":false},"author":1,"featured_media":0,"comment_status":"closed","ping_status":"closed","sticky":false,"template":"","format":"standard","meta":{"footnotes":""},"categories":[1,54,53,79,29,78,52,48],"tags":[],"class_list":["post-55430","post","type-post","status-publish","format-standard","hentry","category-startseite","category-bildergalerien","category-bildung","category-kino","category-politik","category-topthema","category-umwelt","category-forschung"],"_links":{"self":[{"href":"https:\/\/www.fuldaernachrichten.de\/index.php?rest_route=\/wp\/v2\/posts\/55430","targetHints":{"allow":["GET"]}}],"collection":[{"href":"https:\/\/www.fuldaernachrichten.de\/index.php?rest_route=\/wp\/v2\/posts"}],"about":[{"href":"https:\/\/www.fuldaernachrichten.de\/index.php?rest_route=\/wp\/v2\/types\/post"}],"author":[{"embeddable":true,"href":"https:\/\/www.fuldaernachrichten.de\/index.php?rest_route=\/wp\/v2\/users\/1"}],"replies":[{"embeddable":true,"href":"https:\/\/www.fuldaernachrichten.de\/index.php?rest_route=%2Fwp%2Fv2%2Fcomments&post=55430"}],"version-history":[{"count":11,"href":"https:\/\/www.fuldaernachrichten.de\/index.php?rest_route=\/wp\/v2\/posts\/55430\/revisions"}],"predecessor-version":[{"id":55495,"href":"https:\/\/www.fuldaernachrichten.de\/index.php?rest_route=\/wp\/v2\/posts\/55430\/revisions\/55495"}],"wp:attachment":[{"href":"https:\/\/www.fuldaernachrichten.de\/index.php?rest_route=%2Fwp%2Fv2%2Fmedia&parent=55430"}],"wp:term":[{"taxonomy":"category","embeddable":true,"href":"https:\/\/www.fuldaernachrichten.de\/index.php?rest_route=%2Fwp%2Fv2%2Fcategories&post=55430"},{"taxonomy":"post_tag","embeddable":true,"href":"https:\/\/www.fuldaernachrichten.de\/index.php?rest_route=%2Fwp%2Fv2%2Ftags&post=55430"}],"curies":[{"name":"wp","href":"https:\/\/api.w.org\/{rel}","templated":true}]}}