{"id":55382,"date":"2010-03-25T03:13:39","date_gmt":"2010-03-25T02:13:39","guid":{"rendered":"http:\/\/www.schoene-nachrichten.de\/?p=55382"},"modified":"2010-03-25T19:42:08","modified_gmt":"2010-03-25T18:42:08","slug":"blick-hinter-die-kulissen-die-technik-des-mutter-kind-zentrums-am-klinikum-fulda","status":"publish","type":"post","link":"https:\/\/www.fuldaernachrichten.de\/?p=55382","title":{"rendered":"Blick hinter die Kulissen: Die Technik des Mutter-Kind-Zentrums am Klinikum Fulda &#8211; VIDEO"},"content":{"rendered":"<p><a title=\"Foto: Max Colin Heydenreich\" rel=\"lightbox[roadtrip]\" href=\"..\/wp-content\/uploads\/2010\/03\/100324_Klinikum_008.jpg\" target=\"_blank\"><img decoding=\"async\" src=\"..\/wp-content\/uploads\/2010\/03\/100324_Klinikum_008.jpg\" alt=\"100324_Klinikum_008.jpg\" width=\"560\" \/><\/a><\/p>\n<p><strong>Fulda.<\/strong> Im Oktober 2009 wurde zusammen mit den Handwerkern der Baufirmen und zahlreichen G\u00e4sten das Richtfest des Mutter-Kind-Zentrums am Klinikum Fulda gefeiert. Nun steht bereits die Au\u00dfenfassade des Neubaus und derzeit arbeiten \u00fcber 30 Baufirmen mit Hochdruck am Innenausbau. Denn das Geb\u00e4ude soll im Fr\u00fchjahr dieses Jahres eingeweiht werden.<\/p>\n<p><strong>Fotos (14) und Video:<\/strong> Marzena Traber und Max Colin Heydenreich<!--more--><\/p>\n<p>Der 4.775 Quadratmeter gro\u00dfe Neubau ist derzeit gekennzeichnet von zahlreichen Kabelstr\u00e4ngen, Trassen und geb\u00fcndelter Technik: Insgesamt werden in dem Geb\u00e4ude rund 120.000 Meter Kabel und Leitungen, 45.000 Meter Schwachstromleitungen, 1.650 Meter Verlegesysteme f\u00fcr Kabel und Leitungen (Trassen) verlegt sowie 2.950 Steckdosen und Schalter, 980 EDV-Dosen und 1.088 Leuchten installiert. \u201eWeiterhin werden die Ruf- und Signalanlage, die OP-Installationen, Sprachanlagen, Sicherheitsbeleuchtungen, die Rohrpostanlage und Vieles mehr eingerichtet\u201c, erl\u00e4utert Harald Venus,\u00c2\u00a0 technischer Leiter des Klinikums Fulda.<\/p>\n<p>Im Erdgeschoss des Neubaus werden die technischen Vorbereitungen f\u00fcr die\u00c2\u00a0 Ambulanz der Kinderklinik getroffen. Es wird zwei getrennte Eing\u00e4nge geben: Ein Eingang f\u00fcr die allgemeine Ambulanz der Kinderklinik und ein weiterer\u00c2\u00a0 Eingang\u00c2\u00a0 f\u00fcr Kinder mit hoch ansteckenden Krankheiten, damit diese ohne Kontakt zu anderen Patienten behandelt werden k\u00f6nnen. \u201eDie Sicherheit\u00c2\u00a0 unserer Patienten hat bei den Planungen einen sehr hohen Stellenwert\u201c, so Prof. Dr. Repp, Direktor der Kinderklinik.<\/p>\n<p>Im ersten Obergeschoss werden die Kinder-Intensivstation sowie die Fr\u00fch- und Neugeborenenstation angeordnet sein. Im zweiten und dritten Obergeschoss sind standardm\u00e4\u00dfig Zwei-Bett-Zimmer der Kinderklinik angeordnet, sowie die Einzelzimmer f\u00fcr diejenigen\u00c2\u00a0 Kinder, die eine ansteckende Krankheit haben. Jedes Zimmer wird mit einer eigenen Nasszelle ausgestattet sein. Auch f\u00fcr die Eltern besteht weiterhin die M\u00f6glichkeit, bei ihren Kindern zu \u00fcbernachten. Im Zentrum des Neubaus steht ein 190 Quadratmeter gro\u00dfer Lichthof, der als Atrium \u00fcber die zwei Geschosse offen ist und den Kindern als Spielbereich dienen soll.<\/p>\n<p>\u201eEs ist vorgesehen, dass zun\u00e4chst die Kinderklinik den Neubau beziehen wird, d.h. die Neonatologie, die \u201egro\u00dfen\u201c Kinder und die Ambulanz. Die Frauenklinik &#8211; mit der Gyn\u00e4kologie, Geburtshilfe und den gesunden Neugeborenen \u2013 wird erst nach dem zweiten Bauabschnitt und somit nach der Sanierung der jetzigen Kinderklinik umziehen\u201c, so Harald Venus weiter.<\/p>\n<p><a title=\"Foto: Max Colin Heydenreich\" rel=\"lightbox[roadtrip]\" href=\"http:\/\/www.schoene-nachrichten.de\/wp-content\/uploads\/2010\/03\/100324_Klinikum_001.jpg\" target=\"_blank\"><img decoding=\"async\" src=\"http:\/\/www.schoene-nachrichten.de\/wp-content\/uploads\/2010\/03\/100324_Klinikum_001.thumbnail.jpg\" alt=\"100324_Klinikum.jpg\" width=\"265\" \/><\/a> <a title=\"Foto: Max Colin Heydenreich\" rel=\"lightbox[roadtrip]\" href=\"http:\/\/www.schoene-nachrichten.de\/wp-content\/uploads\/2010\/03\/100324_Klinikum_002.jpg\" target=\"_blank\"><img decoding=\"async\" src=\"http:\/\/www.schoene-nachrichten.de\/wp-content\/uploads\/2010\/03\/100324_Klinikum_002.thumbnail.jpg\" alt=\"100324_Klinikum_002.jpg\" width=\"265\" \/><\/a><\/p>\n<p><a title=\"Foto: Max Colin Heydenreich\" rel=\"lightbox[roadtrip]\" href=\"http:\/\/www.schoene-nachrichten.de\/wp-content\/uploads\/2010\/03\/100324_Klinikum_003.jpg\" target=\"_blank\"><img decoding=\"async\" src=\"http:\/\/www.schoene-nachrichten.de\/wp-content\/uploads\/2010\/03\/100324_Klinikum_003.thumbnail.jpg\" alt=\"100324_Klinikum_003.jpg\" width=\"265\" \/><\/a> <a title=\"Foto: Max Colin Heydenreich\" rel=\"lightbox[roadtrip]\" href=\"http:\/\/www.schoene-nachrichten.de\/wp-content\/uploads\/2010\/03\/100324_Klinikum_004.jpg\" target=\"_blank\"><img decoding=\"async\" src=\"http:\/\/www.schoene-nachrichten.de\/wp-content\/uploads\/2010\/03\/100324_Klinikum_004.thumbnail.jpg\" alt=\"100324_Klinikum_004.jpg\" width=\"265\" \/><\/a><\/p>\n<p><a title=\"Foto: Max Colin Heydenreich\" rel=\"lightbox[roadtrip]\" href=\"http:\/\/www.schoene-nachrichten.de\/wp-content\/uploads\/2010\/03\/100324_Klinikum_005.jpg\" target=\"_blank\"><img decoding=\"async\" src=\"http:\/\/www.schoene-nachrichten.de\/wp-content\/uploads\/2010\/03\/100324_Klinikum_005.thumbnail.jpg\" alt=\"100324_Klinikum_005.jpg\" width=\"265\" \/><\/a> <a title=\"Foto: Max Colin Heydenreich\" rel=\"lightbox[roadtrip]\" href=\"..\/wp-content\/uploads\/2010\/03\/100324_Klinikum_009.jpg\" target=\"_blank\"><img decoding=\"async\" src=\"..\/wp-content\/uploads\/2010\/03\/100324_Klinikum_009.thumbnail.jpg\" alt=\"100324_Klinikum_009.jpg\" width=\"265\" \/><\/a><\/p>\n<p><a title=\"Foto: Max Colin Heydenreich\" rel=\"lightbox[roadtrip]\" href=\"http:\/\/www.schoene-nachrichten.de\/wp-content\/uploads\/2010\/03\/100324_Klinikum_007.jpg\" target=\"_blank\"><img decoding=\"async\" src=\"http:\/\/www.schoene-nachrichten.de\/wp-content\/uploads\/2010\/03\/100324_Klinikum_007.thumbnail.jpg\" alt=\"100324_Klinikum_007.jpg\" width=\"265\" \/><\/a> <a title=\"Foto: Max Colin Heydenreich\" rel=\"lightbox[roadtrip]\" href=\"http:\/\/www.schoene-nachrichten.de\/wp-content\/uploads\/2010\/03\/100324_Klinikum_008.jpg\" target=\"_blank\"><img decoding=\"async\" src=\"http:\/\/www.schoene-nachrichten.de\/wp-content\/uploads\/2010\/03\/100324_Klinikum_008.thumbnail.jpg\" alt=\"100324_Klinikum_008.jpg\" width=\"265\" \/><\/a><\/p>\n<p><a title=\"Foto: Max Colin Heydenreich\" rel=\"lightbox[roadtrip]\" href=\"..\/wp-content\/uploads\/2010\/03\/100324_Klinikum_006.jpg\" target=\"_blank\"><img decoding=\"async\" src=\"..\/wp-content\/uploads\/2010\/03\/100324_Klinikum_006.thumbnail.jpg\" alt=\"100324_Klinikum_006.jpg\" width=\"265\" \/><\/a> <a title=\"Foto: Max Colin Heydenreich\" rel=\"lightbox[roadtrip]\" href=\"..\/wp-content\/uploads\/2010\/03\/100324_Klinikum_010.jpg\" target=\"_blank\"><img decoding=\"async\" src=\"..\/wp-content\/uploads\/2010\/03\/100324_Klinikum_010.thumbnail.jpg\" alt=\"100324_Klinikum_010.jpg\" width=\"265\" \/><\/a><\/p>\n<p><a title=\"Foto: Max Colin Heydenreich\" rel=\"lightbox[roadtrip]\" href=\"http:\/\/www.schoene-nachrichten.de\/wp-content\/uploads\/2010\/03\/100324_Klinikum_011.jpg\" target=\"_blank\"><img decoding=\"async\" src=\"http:\/\/www.schoene-nachrichten.de\/wp-content\/uploads\/2010\/03\/100324_Klinikum_011.thumbnail.jpg\" alt=\"100324_Klinikum_011.jpg\" width=\"265\" \/><\/a> <a title=\"Foto: Max Colin Heydenreich\" rel=\"lightbox[roadtrip]\" href=\"http:\/\/www.schoene-nachrichten.de\/wp-content\/uploads\/2010\/03\/100324_Klinikum_012.jpg\" target=\"_blank\"><img decoding=\"async\" src=\"http:\/\/www.schoene-nachrichten.de\/wp-content\/uploads\/2010\/03\/100324_Klinikum_012.thumbnail.jpg\" alt=\"100324_Klinikum_012.jpg\" width=\"265\" \/><\/a><\/p>\n<p><a title=\"Foto: Max Colin Heydenreich\" rel=\"lightbox[roadtrip]\" href=\"http:\/\/www.schoene-nachrichten.de\/wp-content\/uploads\/2010\/03\/100324_Klinikum_013.jpg\" target=\"_blank\"><img decoding=\"async\" src=\"http:\/\/www.schoene-nachrichten.de\/wp-content\/uploads\/2010\/03\/100324_Klinikum_013.thumbnail.jpg\" alt=\"100324_Klinikum_013.jpg\" width=\"265\" \/><\/a> <a title=\"Foto: Max Colin Heydenreich\" rel=\"lightbox[roadtrip]\" href=\"http:\/\/www.schoene-nachrichten.de\/wp-content\/uploads\/2010\/03\/100324_Klinikum_014.jpg\" target=\"_blank\"><img decoding=\"async\" src=\"http:\/\/www.schoene-nachrichten.de\/wp-content\/uploads\/2010\/03\/100324_Klinikum_014.thumbnail.jpg\" alt=\"100324_Klinikum_014.jpg\" width=\"265\" \/><\/a><\/p>\n<p><a title=\"Foto: Max Colin Heydenreich\" rel=\"lightbox[roadtrip]\" href=\"..\/wp-content\/uploads\/2010\/03\/100324_Klinikum_006.jpg\" target=\"_blank\"><br \/>\n<\/a><\/p>\n","protected":false},"excerpt":{"rendered":"<div class=\"tmnf_excerpt\"><p>Fulda. Im Oktober 2009 wurde zusammen mit den Handwerkern der Baufirmen und zahlreichen G\u00e4sten das Richtfest des Mutter-Kind-Zentrums am Klinikum Fulda gefeiert. Nun steht bereits die Au\u00dfenfassade des Neubaus und derzeit arbeiten \u00fcber 30 Baufirmen mit Hochdruck am Innenausbau. Denn das Geb\u00e4ude soll im Fr\u00fchjahr dieses Jahres eingeweiht werden. Fotos (14) und Video: Marzena Traber &hellip;<\/p>\n<\/div>","protected":false},"author":1,"featured_media":0,"comment_status":"closed","ping_status":"closed","sticky":false,"template":"","format":"standard","meta":{"footnotes":""},"categories":[1,54,51,79,78],"tags":[],"class_list":["post-55382","post","type-post","status-publish","format-standard","hentry","category-startseite","category-bildergalerien","category-medizin","category-kino","category-topthema"],"_links":{"self":[{"href":"https:\/\/www.fuldaernachrichten.de\/index.php?rest_route=\/wp\/v2\/posts\/55382","targetHints":{"allow":["GET"]}}],"collection":[{"href":"https:\/\/www.fuldaernachrichten.de\/index.php?rest_route=\/wp\/v2\/posts"}],"about":[{"href":"https:\/\/www.fuldaernachrichten.de\/index.php?rest_route=\/wp\/v2\/types\/post"}],"author":[{"embeddable":true,"href":"https:\/\/www.fuldaernachrichten.de\/index.php?rest_route=\/wp\/v2\/users\/1"}],"replies":[{"embeddable":true,"href":"https:\/\/www.fuldaernachrichten.de\/index.php?rest_route=%2Fwp%2Fv2%2Fcomments&post=55382"}],"version-history":[{"count":7,"href":"https:\/\/www.fuldaernachrichten.de\/index.php?rest_route=\/wp\/v2\/posts\/55382\/revisions"}],"predecessor-version":[{"id":55433,"href":"https:\/\/www.fuldaernachrichten.de\/index.php?rest_route=\/wp\/v2\/posts\/55382\/revisions\/55433"}],"wp:attachment":[{"href":"https:\/\/www.fuldaernachrichten.de\/index.php?rest_route=%2Fwp%2Fv2%2Fmedia&parent=55382"}],"wp:term":[{"taxonomy":"category","embeddable":true,"href":"https:\/\/www.fuldaernachrichten.de\/index.php?rest_route=%2Fwp%2Fv2%2Fcategories&post=55382"},{"taxonomy":"post_tag","embeddable":true,"href":"https:\/\/www.fuldaernachrichten.de\/index.php?rest_route=%2Fwp%2Fv2%2Ftags&post=55382"}],"curies":[{"name":"wp","href":"https:\/\/api.w.org\/{rel}","templated":true}]}}