{"id":55192,"date":"2010-03-23T03:14:55","date_gmt":"2010-03-23T02:14:55","guid":{"rendered":"http:\/\/www.schoene-nachrichten.de\/?p=55192"},"modified":"2010-03-23T09:15:38","modified_gmt":"2010-03-23T08:15:38","slug":"feuerwehr-eichezell-zieht-positive-bilanz-entwicklung-entgegen-dem-trend","status":"publish","type":"post","link":"https:\/\/www.fuldaernachrichten.de\/?p=55192","title":{"rendered":"Feuerwehr Eichenzell zieht positive Bilanz: Entwicklung entgegen dem Trend"},"content":{"rendered":"<p><strong>Eichenzell. <\/strong>Mit einem Zuwachs um insgesamt zehn Feuerwehrfrauen und -m\u00e4nnern in den Einsatzabteilungen stemmen sich die Freiwilligen Feuerwehren der Gemeinde Eichenzell erfolgreich gegen den allgemeinen Trend der r\u00fcckl\u00e4ufigen Mitgliederzahlen. Der Hauptgrund f\u00fcr diese erfreuliche Entwicklung liegt in der guten Jugendarbeit, die seit geraumer Zeit unter der Leitung von Gemeindejugendfeuerwehrwart Jan Diegelmann in den acht Jugendfeuerwehren betrieben wird.<\/p>\n<p><a href=\"http:\/\/www.schoene-nachrichten.de\/wp-content\/uploads\/2010\/03\/100322_ffw1.jpg\"><img fetchpriority=\"high\" decoding=\"async\" class=\"alignnone size-medium wp-image-55195\" src=\"http:\/\/www.schoene-nachrichten.de\/wp-content\/uploads\/2010\/03\/100322_ffw1-265x198.jpg\" alt=\"100322_ffw1\" width=\"265\" height=\"198\" srcset=\"https:\/\/www.fuldaernachrichten.de\/wp-content\/uploads\/2010\/03\/100322_ffw1-265x198.jpg 265w, https:\/\/www.fuldaernachrichten.de\/wp-content\/uploads\/2010\/03\/100322_ffw1.jpg 600w\" sizes=\"(max-width: 265px) 100vw, 265px\" \/><\/a> <a href=\"http:\/\/www.schoene-nachrichten.de\/wp-content\/uploads\/2010\/03\/100322_ffw2.jpg\"><img decoding=\"async\" class=\"alignnone size-medium wp-image-55196\" src=\"http:\/\/www.schoene-nachrichten.de\/wp-content\/uploads\/2010\/03\/100322_ffw2-265x197.jpg\" alt=\"100322_ffw2\" width=\"265\" height=\"197\" srcset=\"https:\/\/www.fuldaernachrichten.de\/wp-content\/uploads\/2010\/03\/100322_ffw2-265x197.jpg 265w, https:\/\/www.fuldaernachrichten.de\/wp-content\/uploads\/2010\/03\/100322_ffw2.jpg 600w\" sizes=\"(max-width: 265px) 100vw, 265px\" \/><\/a><!--more-->Neben diesen positiven Entwicklungen hielt Gemeindebrandinspektor Martin Fischer w\u00e4hrend der Jahreshauptversammlung der Eichenzeller Feuerwehren R\u00fcckschau auf das vergangene Jahr. In 2009 mussten von den 293 Brandsch\u00fctzern 206 Eins\u00e4tze abgearbeitet werden. Dies ist im Vergleich zum Jahr 2008 ein Zuwachs um 27 Schadensf\u00e4lle.<\/p>\n<p>Die gr\u00f6\u00dften Investitionen der Gemeinde in die Ausr\u00fcstung der Feuerwehren waren das neue L\u00f6schgruppenfahrzeug LF 10 KatS f\u00fcr die Feuerwehr L\u00f6schenrod und die W\u00e4rmebildkamera der Feuerwehr Eichenzell. Diese ist nicht nur eine \u00fcberaus sinnvolle Anschaffung f\u00fcr die Eichenzeller Feuerwehren, sie kommt auch \u00fcber die Gemeindegrenzen hinweg zum Einsatz.<\/p>\n<p>Positiv zu bewerten sind auch die Zahlen in der Aus- und Weiterbildung. W\u00e4hrend im vergangenen Jahr 225 \u00dcbungen von den Wehren durchgef\u00fchrt wurden, besuchten die Kameradinnen und Kameraden 72 Lehrg\u00e4nge und Weiterbildungsangebote auf Kreis- und Landesebene.<\/p>\n<p><a href=\"http:\/\/www.schoene-nachrichten.de\/wp-content\/uploads\/2010\/03\/100322_ffw3.jpg\"><img decoding=\"async\" class=\"alignnone size-medium wp-image-55197\" src=\"http:\/\/www.schoene-nachrichten.de\/wp-content\/uploads\/2010\/03\/100322_ffw3-265x198.jpg\" alt=\"100322_ffw3\" width=\"265\" height=\"198\" srcset=\"https:\/\/www.fuldaernachrichten.de\/wp-content\/uploads\/2010\/03\/100322_ffw3-265x198.jpg 265w, https:\/\/www.fuldaernachrichten.de\/wp-content\/uploads\/2010\/03\/100322_ffw3.jpg 600w\" sizes=\"(max-width: 265px) 100vw, 265px\" \/><\/a><\/p>\n<p>Aufgrund der bei den Lehrg\u00e4ngen erbrachten Leistungen konnten von Gemeindebrandinspektor Martin Fischer und seinem Stellvertreter Andr\u00e9 M\u00fcller zahlreiche Bef\u00f6rderungen vorgenommen werden.<\/p>\n<p>Carina Reith (R\u00f6nshausen) erhielt die Bef\u00f6rderungsurkunde zur Feuerwehrfrau, Florian Auth (B\u00fcchenberg) zum Hauptfeuerwehrmann. Jan Diegelmann (Kerzell) wurde zum L\u00f6schmeister, Manuel Hack (Rothenmann) und Markus Staubach (R\u00f6nshausen) wurden zu Oberl\u00f6schmeistern bef\u00f6rdert. Zu Hauptl\u00f6schmeistern wurden Bernd Bachmann (Eichenzell) und Daniel Schleicher (D\u00f6llbach) bef\u00f6rdert. Michael Leibold (R\u00f6nshausen) erhielt die Bef\u00f6rderungsurkunde zum Brandmeister.<\/p>\n<p>F\u00fcr ihre 25-j\u00e4hrige T\u00e4tigkeit in der Feuerwehr wurden Thomas Fl\u00fcgel (Rothemann) und Stephan Richter (D\u00f6llbach) von Kreisbrandmeister Bernhard Wehner mit dem silbernen Brandschutzehrenzeichen ausgezeichnet. Willi Storch (L\u00f6schenrod) und Reinhold We\u00df (D\u00f6llbach) erhielten f\u00fcr 40 Jahre aktiven Dienst das goldenen Brandschutzehrenzeichen.<\/p>\n<p>Silvia Jest\u00e4dt, Martin Kl\u00fcber, Alexander Schnopp (R\u00f6nshausen), Thomas Greif und J\u00f6rn-Oliver G\u00f6rs (L\u00fctter) erhielten das Leistungsabzeichen in Eisen. Das Leistungsabzeichen in Silber ging an die Kameraden Christoph Jest\u00e4dt und Tobias Heil (R\u00f6nshausen). Das Leistungsabzeichen in Gold der Stufe 5 erwarb Michael Leibold (R\u00f6nshausen).<\/p>\n<p>Mit 133 M\u00e4dchen und Jungen in den Jugendfeuerwehren erreichte der Mitgliederstand hier im Jahr 2009 den bisherigen H\u00f6chststand. Von dem Betreuer-Team der einzelnen Jugendabteilungen wurden 1143,5 Stunden in die Jugendarbeit investiert. Diese gliedern sich in 622,5 Stunden feuerwehrtechnische Ausbildung und  521 Stunden allgemeine Jugendarbeit. Hinzu kommen noch 114 Tage f\u00fcr Zeltlager und Fahrten. In seinem Jahresbericht blickte Gemeindejugendfeuerwehrwart Jan Diegelmann auf die H\u00f6hepunkte des vergangenen Jahres zur\u00fcck. Hierzu z\u00e4hlten der Kreisjugendfeuerwehrtag in Ebersburg-Thalau, die Leistungsspangenabnahme in Gersfeld-Hettenhausen, das Zeltlager in B\u00fcchenberg, eine Gro\u00df\u00fcbung in L\u00fctter und der Gemeindefeuerwehrtag in Kerzell. Die Mannschaften Rothemann II (463 Punkte), R\u00f6nshausen (462) und L\u00f6schenrod (458) belegten hier die ersten Pl\u00e4tze.<\/p>\n<p>W\u00e4hrend der Jahreshauptversammlung der Jugendfeuerwehren am Vorabend lie\u00df Jan Diegelmann die Jungen und M\u00e4dchen \u00fcber seine beiden Stellvertreter abstimmen. Stephan Sch\u00e4del (Eichenzell) und Daniel Heil (Welkers) wurde von den Jugendlichen best\u00e4tigt. Ein H\u00f6hepunkt der Jugendversammlung war die Auszeichnung von Heiko Schleicher, Jugendfeuerwehrwart von R\u00f6nshausen. F\u00fcr seine bisher erbrachten Leistungen wurde er vom stellvertretenden Kreisjugendfeuerwehrwart Julian Mauchel mit der bronzenen Ehrennadel der Kreisjugendfeuerwehr Fulda ausgezeichnet.<\/p>\n<p>Frauensprecherin Gaby Heil gab in ihrem Jahresbericht einen \u00dcberblick \u00fcber die Aktivit\u00e4ten der Feuerwehrfrauen. Bemerkenswert waren hier die Anzahl der besuchten Lehrg\u00e4nge und somit der hohe Ausbildungsstand.<\/p>\n<p>Dem Gru\u00dfwort von B\u00fcrgermeister Dieter Kolb (parteilos) war zu entnehmen, dass er nicht nur die Arbeit der Einsatzabteilungen als wichtig erachtet, auch die Arbeit in den Feuerwehrvereinen sei wichtig f\u00fcr die Motivation der Einsatzkr\u00e4fte. Er rechne allen den geleisteten zeitlichen Aufwand f\u00fcr die Arbeit in der  Feuerwehr hoch an. Um die Finanzlage der Gemeinde der momentanen krisenbedingten Situation anzupassen ist es n\u00f6tig, k\u00fcnftige Investitionen genau zu pr\u00fcfen und m\u00f6gliches Einsparpotential auszuloten. Ebenso sollte in verschiedenen Bereichen mehr Wert auf interkommunale Zusammenarbeit gelegt werden. Kostensenkungen st\u00fcnden hier vor eventuellen Geb\u00fchrenerh\u00f6hungen. Besonderes Lob sprach Kolb allen Jugendfeuerwehrwarten und Betreuern f\u00fcr ihre sehr gute Arbeit aus. Nur durch gute Jugendarbeit lie\u00dfe sich der demografische Wandel abbremsen. Hier seien die Wehren der Gemeinde Eichenzell sehr gut gewappnet.<\/p>\n<p>Gerhard Bub, stellvertretender Ortsvorsteher von Welkers, lobte den hohen Ausbildungsstand bei den Feuerwehren. Gerade in einem Ort wie Welkers, mit einem Gefahrenpotential wie den Industriepark Rh\u00f6n, sei es beruhigend f\u00fcr die Bewohner, eine gut ausgebildete und ausgestattete Feuerwehr vor Ort zu wissen.<\/p>\n<p>Auf die nunmehr 20-j\u00e4hrige Partnerschaft zwischen Eichenzell und Steinbach-Hallenberg in Th\u00fcringen ging der Vorsitzende der Gemeindevertretung, Edwin Balzter, ein. Am Zustandekommen der Partnerschaft und dem guten Miteinander trage die Feuerwehr einen gro\u00dfen Anteil. Bei den Feuerwehren solle weniger gespart und somit das Ehrenamt gest\u00e4rkt werden. Balzter sprach von einer beeindruckenden Leistungsbilanz und dankte f\u00fcr die ehrenamtliche Arbeit im Dienste der Bev\u00f6lkerung. In  Feuerwehren seien die Vereine als Kulturtr\u00e4ger und die Einsatzabteilungen, die mit Rat und Tat Hilfe, leisten vereint. Im Hinblick auf die Finanzkrise sollten Kommunen nicht mit Krediten arbeiten, sondern Investitionen genau durchleuchten. Der Gemeindevertretung stehe voll und ganz hinter der Feuerwehr.<\/p>\n<p>Maria Johna \u00fcberbrachte die Gr\u00fc\u00dfe und den Dank der CDU-Fraktion. Sie lobte das Engagement der Einsatzkr\u00e4fte, diese seien bereit ihre Freizeit zu opfern und sich Gefahren zu stellen. Vor diesem Hintergrund stehe ihre Fraktion voll und ganz hinter Investitionen f\u00fcr die Feuerwehr. Schlie\u00dflich erf\u00fcllen diese Investitionen keinen Eigennutz, sondern dienen der Gefahrenabwehr. Sie appellierte an die Wehren, weiterhin gute Jugendarbeit zu leisten, die Jugendfeuerwehren seien schlie\u00dflich der Schl\u00fcssel zur Zukunft der Einsatzabteilungen.<\/p>\n<p>Einsparungen m\u00fcssten sein, aber man m\u00fcsse stets darauf achten, dies am richtigen Punkt zu tun, stellte Dirk Fischer von der SPD-Fraktion fest. Einsparungen im Feuerwehrsektor hielt er f\u00fcr nicht ratsam. Im Hinblick auf Arbeitserleichterungen f\u00fcr die Feuerwehr werde seine Fraktion die Renovierung des Eichenzeller Schlauchturms unterst\u00fctzen.<\/p>\n<p>Kreisbrandmeister Bernhard Wehner zeigte sich beeindruckt von den Einsatzzahlen und dem hohen Ausbildungsstand. Auch steigende Mitgliederzahlen in den Jugendfeuerwehren seien nicht \u00fcberall der Fall. Hier m\u00fcsse man den Kontakt mit den Jugendlichen suchen und d\u00fcrfe die H\u00e4nde nicht in den Scho\u00df legen. In Eichenzell werde den Jugendlichen aber sehr viel geboten. Das Land Hessen habe auf die sinkenden Mitgliederzahlen in den Einsatzabteilungen reagiert und das H\u00f6chstalter schrittweise von 60, \u00fcber 62 auf nun 65 Jahre erh\u00f6ht. Viele gro\u00dfe Feuerwehren seien auf diese Regelung angewiesen, aber dies k\u00f6nne keine L\u00f6sung sein. Als \u00fcberaus positiv wertete Wehner, dass die Feuerwehr in Umfragen bei der Bev\u00f6lkerung zum 8. mal in Folge die Personengruppe mit dem h\u00f6chsten Vertrauen bilde.<\/p>\n<p>G\u00fcnter Seruneit, Stadtbrandinspektor von Steinbach-Hallenberg\/Th\u00fcringen lobte die gute Partnerschaft zu Eichenzell, die sich gerade bei den Jugendfeuerwehren zeige. Auch er wies darauf hin, dass es eine Zukunft der Feuerwehren eng mit einer guten Jugendarbeit verbunden sei.<\/p>\n","protected":false},"excerpt":{"rendered":"<div class=\"tmnf_excerpt\"><p>Eichenzell. Mit einem Zuwachs um insgesamt zehn Feuerwehrfrauen und -m\u00e4nnern in den Einsatzabteilungen stemmen sich die Freiwilligen Feuerwehren der Gemeinde Eichenzell erfolgreich gegen den allgemeinen Trend der r\u00fcckl\u00e4ufigen Mitgliederzahlen. Der Hauptgrund f\u00fcr diese erfreuliche Entwicklung liegt in der guten Jugendarbeit, die seit geraumer Zeit unter der Leitung von Gemeindejugendfeuerwehrwart Jan Diegelmann in den acht Jugendfeuerwehren &hellip;<\/p>\n<\/div>","protected":false},"author":1,"featured_media":0,"comment_status":"closed","ping_status":"closed","sticky":false,"template":"","format":"standard","meta":{"footnotes":""},"categories":[1,71],"tags":[],"class_list":["post-55192","post","type-post","status-publish","format-standard","hentry","category-startseite","category-feuerwehr"],"_links":{"self":[{"href":"https:\/\/www.fuldaernachrichten.de\/index.php?rest_route=\/wp\/v2\/posts\/55192","targetHints":{"allow":["GET"]}}],"collection":[{"href":"https:\/\/www.fuldaernachrichten.de\/index.php?rest_route=\/wp\/v2\/posts"}],"about":[{"href":"https:\/\/www.fuldaernachrichten.de\/index.php?rest_route=\/wp\/v2\/types\/post"}],"author":[{"embeddable":true,"href":"https:\/\/www.fuldaernachrichten.de\/index.php?rest_route=\/wp\/v2\/users\/1"}],"replies":[{"embeddable":true,"href":"https:\/\/www.fuldaernachrichten.de\/index.php?rest_route=%2Fwp%2Fv2%2Fcomments&post=55192"}],"version-history":[{"count":4,"href":"https:\/\/www.fuldaernachrichten.de\/index.php?rest_route=\/wp\/v2\/posts\/55192\/revisions"}],"predecessor-version":[{"id":55210,"href":"https:\/\/www.fuldaernachrichten.de\/index.php?rest_route=\/wp\/v2\/posts\/55192\/revisions\/55210"}],"wp:attachment":[{"href":"https:\/\/www.fuldaernachrichten.de\/index.php?rest_route=%2Fwp%2Fv2%2Fmedia&parent=55192"}],"wp:term":[{"taxonomy":"category","embeddable":true,"href":"https:\/\/www.fuldaernachrichten.de\/index.php?rest_route=%2Fwp%2Fv2%2Fcategories&post=55192"},{"taxonomy":"post_tag","embeddable":true,"href":"https:\/\/www.fuldaernachrichten.de\/index.php?rest_route=%2Fwp%2Fv2%2Ftags&post=55192"}],"curies":[{"name":"wp","href":"https:\/\/api.w.org\/{rel}","templated":true}]}}