{"id":5506,"date":"2007-09-27T01:38:32","date_gmt":"2007-09-26T23:38:32","guid":{"rendered":"http:\/\/www.schoene-nachrichten.de\/?p=5506"},"modified":"2007-09-27T01:38:32","modified_gmt":"2007-09-26T23:38:32","slug":"neue-wanderwegezeichen-in-der-rhoen","status":"publish","type":"post","link":"https:\/\/www.fuldaernachrichten.de\/?p=5506","title":{"rendered":"Neue Wanderwegezeichen in der Rh\u00f6n"},"content":{"rendered":"<p><strong>Sch\u00f6nes aus der Rh\u00f6n.<\/strong> Im Zuge des Projektes \u201eDie Rh\u00f6n \u2013 Wanderwelt Nr.1\u201c werden zurzeit die Wanderwegekennzeichnungen angepasst. Dies teilt der Fachdienst Natur und Landschaft der Kreisverwaltung Fulda mit.<\/p>\n<p><strong>Fotos (3):<\/strong> Landkreis Fulda<\/p>\n<p><a rel=\"lightbox[roadtrip]\" target=\"_blank\" href=\"http:\/\/www.schoene-nachrichten.de\/wp-content\/uploads\/2007\/09\/070927_markierung_01.jpg\" title=\"070927_markierung_01.jpg\"><img decoding=\"async\" src=\"http:\/\/www.schoene-nachrichten.de\/wp-content\/uploads\/2007\/09\/070927_markierung_01.thumbnail.jpg\" alt=\"070927_markierung_01.jpg\" \/><\/a>\u00c2\u00a0<a rel=\"lightbox[roadtrip]\" target=\"_blank\" href=\"http:\/\/www.schoene-nachrichten.de\/wp-content\/uploads\/2007\/09\/070927_markierung_02.jpg\" title=\"070927_markierung_02.jpg\"><img decoding=\"async\" src=\"http:\/\/www.schoene-nachrichten.de\/wp-content\/uploads\/2007\/09\/070927_markierung_02.thumbnail.jpg\" alt=\"070927_markierung_02.jpg\" \/><\/a>\u00c2\u00a0<a rel=\"lightbox[roadtrip]\" target=\"_blank\" href=\"http:\/\/www.schoene-nachrichten.de\/wp-content\/uploads\/2007\/09\/070927_markierung_03.jpg\" title=\"070927_markierung_03.jpg\"><img decoding=\"async\" src=\"http:\/\/www.schoene-nachrichten.de\/wp-content\/uploads\/2007\/09\/070927_markierung_03.thumbnail.jpg\" alt=\"070927_markierung_03.jpg\" \/><\/a><\/p>\n<p><!--more--><strong>1. Extratouren<br \/>\n<\/strong>Hierbei handelt es sich um insgesamt acht Rundwanderwege in Premiumqualit\u00e4t des Deutschen Wanderinstitutes mit Wegel\u00e4ngen von zirka zw\u00f6lf bis 20 Kilometer. Diese Wege werden aktuell vom Rh\u00f6nklub im Auftrag des Naturparks Hessische Rh\u00f6n mit einem roten Buchstaben auf einem wei\u00dfen quadratischen Untergrund gekennzeichnet. Auf den dazu angebrachten Wegweisern stehen in der obersten Zeile der Name und die Gesamtl\u00e4nge der betreffenden Extratour. Die Zeilen darunter zeigen ein Nah- und ein Fernziel mit Kilometer-Angabe.<\/p>\n<p>An den Parkpl\u00e4tzen werden im Laufe des Herbstes die Wanderwegetafel aufgestellt<\/p>\n<p>Zur Zeit l\u00e4uft gerade die Zertifizierung der acht im Landkreis Fulda vom Naturpark geplanten Extratouren:<br \/>\nExtratour \u201eRotes Moor\u201c \u201eR\u201c<br \/>\nExtratour \u201eGuckaisee\u201c \u201eG\u201c<br \/>\nExtratour \u201eMilseburg\u201c \u201eM\u201c<br \/>\nExtratour \u201eKegelspiel\u201c \u201eK\u201c<br \/>\nExtratour \u201eDie Natur\u201c \u201eN\u201c<br \/>\nExtratour \u201eM\u00fchlentour\u201c \u201eM\u201c<br \/>\nExtratour \u201eHaubentour\u201c \u201eH\u201c<br \/>\nExtratour \u201eDer Hilderser\u201c \u201eH\u201c (abgeschlossen)<\/p>\n<p><strong>2. Rh\u00f6n-Rundwege<br \/>\n<\/strong>Die \u201eRh\u00f6n-Rundwege\u201c sind normale Rundwanderwege, die von den St\u00e4dten und Gemeinden in Abstimmung mit dem Naturpark Hessische Rh\u00f6n neu markiert werden. Die Kennzeichnung erfolgt mit einer wei\u00dfen Zahl auf blauem quadratischen Untergrund (auch Spiegel genannt). Bei den Aufklebern in den Ortschaften oder an Rohrpfosten ist zus\u00e4tzlich auch der Ausgangsparkplatz benannt (z. B. Rh\u00f6n-Rundweg, Moordorf). Die Wege sind das Ergebnis einer Zusammenfassung und \u00dcberpr\u00fcfung der bisher schon aus drei separaten Wanderwegebrosch\u00fcren des Naturparks bekannten Rundwege mit den anderen auf kommunaler Ebene vorhandenen Rundwegen.<\/p>\n<p>Die Markierung die Wege erfolgt im Moment. Die in den Heften des Naturparks dargestellten Rundwege wurden weitgehend in die neue Wegekonzeption \u00fcbernommen. Es hat sich jedoch insbesondere in den Gemeinden Ehrenberg, Hilders und der Stadt Tann die Nummerierung ge\u00e4ndert. Die Wanderwegeheftchen k\u00f6nnen deshalb in Bezug auf die Wegeverl\u00e4ufe in den Kartendarstellungen weiter genutzt werden.<\/p>\n<p>Es ist geplant, auch f\u00fcr die Rh\u00f6n-Rundwege wieder neue Wanderwegetafeln aufzustellen und Wanderwegeheftchen in vergleichbarer Form herauszubringen. Das Wegenetz des Rh\u00f6nklubs bleibt unver\u00e4ndert.<\/p>\n","protected":false},"excerpt":{"rendered":"<div class=\"tmnf_excerpt\"><p>Sch\u00f6nes aus der Rh\u00f6n. Im Zuge des Projektes \u201eDie Rh\u00f6n \u2013 Wanderwelt Nr.1\u201c werden zurzeit die Wanderwegekennzeichnungen angepasst. Dies teilt der Fachdienst Natur und Landschaft der Kreisverwaltung Fulda mit. Fotos (3): Landkreis Fulda \u00c2\u00a0\u00c2\u00a0<\/p>\n<\/div>","protected":false},"author":1,"featured_media":0,"comment_status":"closed","ping_status":"closed","sticky":false,"template":"","format":"standard","meta":{"footnotes":""},"categories":[1,46,52],"tags":[],"class_list":["post-5506","post","type-post","status-publish","format-standard","hentry","category-startseite","category-sport","category-umwelt"],"_links":{"self":[{"href":"https:\/\/www.fuldaernachrichten.de\/index.php?rest_route=\/wp\/v2\/posts\/5506","targetHints":{"allow":["GET"]}}],"collection":[{"href":"https:\/\/www.fuldaernachrichten.de\/index.php?rest_route=\/wp\/v2\/posts"}],"about":[{"href":"https:\/\/www.fuldaernachrichten.de\/index.php?rest_route=\/wp\/v2\/types\/post"}],"author":[{"embeddable":true,"href":"https:\/\/www.fuldaernachrichten.de\/index.php?rest_route=\/wp\/v2\/users\/1"}],"replies":[{"embeddable":true,"href":"https:\/\/www.fuldaernachrichten.de\/index.php?rest_route=%2Fwp%2Fv2%2Fcomments&post=5506"}],"version-history":[{"count":0,"href":"https:\/\/www.fuldaernachrichten.de\/index.php?rest_route=\/wp\/v2\/posts\/5506\/revisions"}],"wp:attachment":[{"href":"https:\/\/www.fuldaernachrichten.de\/index.php?rest_route=%2Fwp%2Fv2%2Fmedia&parent=5506"}],"wp:term":[{"taxonomy":"category","embeddable":true,"href":"https:\/\/www.fuldaernachrichten.de\/index.php?rest_route=%2Fwp%2Fv2%2Fcategories&post=5506"},{"taxonomy":"post_tag","embeddable":true,"href":"https:\/\/www.fuldaernachrichten.de\/index.php?rest_route=%2Fwp%2Fv2%2Ftags&post=5506"}],"curies":[{"name":"wp","href":"https:\/\/api.w.org\/{rel}","templated":true}]}}