{"id":5495,"date":"2007-09-27T01:58:45","date_gmt":"2007-09-26T23:58:45","guid":{"rendered":"http:\/\/www.schoene-nachrichten.de\/?p=5495"},"modified":"2007-09-27T02:03:01","modified_gmt":"2007-09-27T00:03:01","slug":"gelungenes-benefiz-konzert-des-herz-jesu-krankenhauses-mit-dem-kammerorchester-der-jugend-fulda-ev","status":"publish","type":"post","link":"https:\/\/www.fuldaernachrichten.de\/?p=5495","title":{"rendered":"Gelungenes Benefiz-Konzert des Herz-Jesu-Krankenhauses mit dem Kammerorchester der Jugend Fulda e.V."},"content":{"rendered":"<p><strong>Sch\u00f6nes aus Fulda.<\/strong>\u00c2\u00a0Ein gut gef\u00fclltes Schlosstheater, ein erwartungsvolles und am Ende restlos begeistertes Publikum. Das Benefiz-Konzert des Herz-Jesu-Krankenhauses zu Gunsten der neuen Kinder und Jugendpsychiatrie war ein voller Erfolg. Zahlreiche Ehreng\u00e4ste aus Politik, Wirtschaft, Kirche und Mitarbeiter des Krankenhauses waren gekommen, um das Projekt der Tagesklinik der neuen Abteilung zu unterst\u00fctzen.\u00c2\u00a0<\/p>\n<p><strong>Fotos (82):<\/strong> Max Colin Heydenreich<\/p>\n<p><a target=\"_blank\" href=\"http:\/\/www.schoene-nachrichten.de\/Audio\/070925_Benefiz.mp3\"><img decoding=\"async\" src=\"http:\/\/www.schoene-nachrichten.de\/wp-content\/uploads\/2007\/09\/audio_mp3.gif\" alt=\"audio_mp3.gif\" \/><\/a>\u00c2\u00a0 <img decoding=\"async\" src=\"http:\/\/www.schoene-nachrichten.de\/wp-content\/uploads\/2007\/09\/audio_waehlen.gif\" alt=\"audio_waehlen.gif\" \/>\u00c2\u00a0<a target=\"_blank\" href=\"http:\/\/www.schoene-nachrichten.de\/Audio\/070925_Benefiz.wma\"><img decoding=\"async\" src=\"http:\/\/www.schoene-nachrichten.de\/wp-content\/uploads\/2007\/09\/audio_wma.gif\" alt=\"audio_wma.gif\" \/><\/a><\/p>\n<p><a rel=\"lightbox[roadtrip]\" target=\"_blank\" href=\"http:\/\/www.schoene-nachrichten.de\/wp-content\/uploads\/2007\/09\/070925_Benefiz_41.jpg\" title=\"Foto: Max Colin Heydenreich\"><img decoding=\"async\" width=\"128\" src=\"http:\/\/www.schoene-nachrichten.de\/wp-content\/uploads\/2007\/09\/070925_Benefiz_41.thumbnail.jpg\" alt=\"070925_Benefiz_41.jpg\" \/><\/a>\u00c2\u00a0<a rel=\"lightbox[roadtrip]\" target=\"_blank\" href=\"http:\/\/www.schoene-nachrichten.de\/wp-content\/uploads\/2007\/09\/070925_Benefiz_33.jpg\" title=\"Foto: Max Colin Heydenreich\"><img decoding=\"async\" width=\"128\" src=\"http:\/\/www.schoene-nachrichten.de\/wp-content\/uploads\/2007\/09\/070925_Benefiz_33.thumbnail.jpg\" alt=\"070925_Benefiz_33.jpg\" \/><\/a>\u00c2\u00a0<a rel=\"lightbox[roadtrip]\" target=\"_blank\" href=\"http:\/\/www.schoene-nachrichten.de\/wp-content\/uploads\/2007\/09\/070925_Benefiz_77.jpg\" title=\"Foto: Max Colin Heydenreich\"><img decoding=\"async\" width=\"128\" src=\"http:\/\/www.schoene-nachrichten.de\/wp-content\/uploads\/2007\/09\/070925_Benefiz_77.thumbnail.jpg\" alt=\"070925_Benefiz_77.jpg\" \/><\/a><\/p>\n<p><a rel=\"lightbox[roadtrip]\" target=\"_blank\" href=\"http:\/\/www.schoene-nachrichten.de\/wp-content\/uploads\/2007\/09\/070925_Benefiz_49.jpg\" title=\"Foto: Max Colin Heydenreich\"><img decoding=\"async\" width=\"128\" src=\"http:\/\/www.schoene-nachrichten.de\/wp-content\/uploads\/2007\/09\/070925_Benefiz_49.thumbnail.jpg\" alt=\"070925_Benefiz_49.jpg\" \/><\/a>\u00c2\u00a0<a rel=\"lightbox[roadtrip]\" target=\"_blank\" href=\"http:\/\/www.schoene-nachrichten.de\/wp-content\/uploads\/2007\/09\/070925_Benefiz_50.jpg\" title=\"Foto: Max Colin Heydenreich\"><img decoding=\"async\" width=\"128\" src=\"http:\/\/www.schoene-nachrichten.de\/wp-content\/uploads\/2007\/09\/070925_Benefiz_50.thumbnail.jpg\" alt=\"070925_Benefiz_50.jpg\" \/><\/a> <a rel=\"lightbox[roadtrip]\" target=\"_blank\" href=\"http:\/\/www.schoene-nachrichten.de\/wp-content\/uploads\/2007\/09\/070925_Benefiz_40.jpg\" title=\"Foto: Max Colin Heydenreich\"><img decoding=\"async\" width=\"128\" src=\"http:\/\/www.schoene-nachrichten.de\/wp-content\/uploads\/2007\/09\/070925_Benefiz_40.thumbnail.jpg\" alt=\"070925_Benefiz_40.jpg\" \/><\/a>\u00c2\u00a0<\/p>\n<p><!--more-->Zu Beginn der Veranstaltung wies der Gesch\u00e4ftsf\u00fchrer des Herz-Jesu-Krankenhauses, Alexander Schmidtke, auf das 95-j\u00e4hrige Bestehen Krankenhauses, dass Wirken der Barmherzigen Schwestern des hlg. Vinzenz vom Paul und die neue Abteilung hin, die in der umgebauten P\u00f6schelklinik am Aschenberg ihre Tagesklinik er\u00f6ffnete. Die Betreuung Jugendlicher und Kinder w\u00fcrde in ganz enger N\u00e4he zur geistigen Ausrichtung des heiligen Vinzenz von Pauls stehen, der sich zeitlebens um bed\u00fcrftige Kranke, Arme und eben auch um hilfsbed\u00fcrftige Kinder, Jugendliche und Findelkinder gesorgt hat, so Alexander Schmidtke.<\/p>\n<p><a rel=\"lightbox[roadtrip]\" target=\"_blank\" href=\"http:\/\/www.schoene-nachrichten.de\/wp-content\/uploads\/2007\/09\/070925_Benefiz_16.jpg\" title=\"Foto: Max Colin Heydenreich\"><img decoding=\"async\" width=\"128\" src=\"http:\/\/www.schoene-nachrichten.de\/wp-content\/uploads\/2007\/09\/070925_Benefiz_16.thumbnail.jpg\" alt=\"070925_Benefiz_16.jpg\" \/><\/a> <a rel=\"lightbox[roadtrip]\" target=\"_blank\" href=\"http:\/\/www.schoene-nachrichten.de\/wp-content\/uploads\/2007\/09\/070925_Benefiz_17.jpg\" title=\"Foto: Max Colin Heydenreich\"><img decoding=\"async\" width=\"128\" src=\"http:\/\/www.schoene-nachrichten.de\/wp-content\/uploads\/2007\/09\/070925_Benefiz_17.thumbnail.jpg\" alt=\"070925_Benefiz_17.jpg\" \/><\/a> <a rel=\"lightbox[roadtrip]\" target=\"_blank\" href=\"http:\/\/www.schoene-nachrichten.de\/wp-content\/uploads\/2007\/09\/070925_Benefiz_18.jpg\" title=\"Foto: Max Colin Heydenreich\"><img decoding=\"async\" width=\"128\" src=\"http:\/\/www.schoene-nachrichten.de\/wp-content\/uploads\/2007\/09\/070925_Benefiz_18.thumbnail.jpg\" alt=\"070925_Benefiz_18.jpg\" \/><\/a><\/p>\n<p><a rel=\"lightbox[roadtrip]\" target=\"_blank\" href=\"http:\/\/www.schoene-nachrichten.de\/wp-content\/uploads\/2007\/09\/070925_Benefiz_67.jpg\" title=\"Foto: Max Colin Heydenreich\"><img decoding=\"async\" width=\"128\" src=\"http:\/\/www.schoene-nachrichten.de\/wp-content\/uploads\/2007\/09\/070925_Benefiz_67.thumbnail.jpg\" alt=\"070925_Benefiz_67.jpg\" \/><\/a> <a rel=\"lightbox[roadtrip]\" target=\"_blank\" href=\"http:\/\/www.schoene-nachrichten.de\/wp-content\/uploads\/2007\/09\/070925_Benefiz_68.jpg\" title=\"Foto: Max Colin Heydenreich\"><img decoding=\"async\" width=\"128\" src=\"http:\/\/www.schoene-nachrichten.de\/wp-content\/uploads\/2007\/09\/070925_Benefiz_68.thumbnail.jpg\" alt=\"070925_Benefiz_68.jpg\" \/><\/a> <a rel=\"lightbox[roadtrip]\" target=\"_blank\" href=\"http:\/\/www.schoene-nachrichten.de\/wp-content\/uploads\/2007\/09\/070925_Benefiz_69.jpg\" title=\"Foto: Max Colin Heydenreich\"><img decoding=\"async\" width=\"128\" src=\"http:\/\/www.schoene-nachrichten.de\/wp-content\/uploads\/2007\/09\/070925_Benefiz_69.thumbnail.jpg\" alt=\"070925_Benefiz_69.jpg\" \/><\/a><\/p>\n<p>Die Barmherzigen Schwestern erf\u00fcllten diesen Auftrag schon seit vielen Jahrzehnten in der Region Fulda, hierf\u00fcr dankte er ausdr\u00fccklich. Schmidtke erw\u00e4hnte,\u00c2\u00a0 dass die Kinder- und Jugendpsychiatrie eingebunden und fester Bestandteil einer engen Kooperation zwischen dem Herz-Jesu-Krankenhaus und dem Klinikum Fulda sei. Beide Fuldaer Kliniken haben einen Kooperationsvertrag zur Bildung eines Psychiatrischen Versorgungszentrums\u00c2\u00a0 geschlossen. Das Vertragswerk zwischen beiden Krankenh\u00e4usern schlie\u00dft den Betrieb der Kinder- und Jugendpsychiatrie und der Erwachsenenpsychiatrie ein.<\/p>\n<p><a rel=\"lightbox[roadtrip]\" target=\"_blank\" href=\"http:\/\/www.schoene-nachrichten.de\/wp-content\/uploads\/2007\/09\/070925_Benefiz_19.jpg\" title=\"Foto: Max Colin Heydenreich\"><img decoding=\"async\" width=\"128\" src=\"http:\/\/www.schoene-nachrichten.de\/wp-content\/uploads\/2007\/09\/070925_Benefiz_19.thumbnail.jpg\" alt=\"070925_Benefiz_19.jpg\" \/><\/a> <a rel=\"lightbox[roadtrip]\" target=\"_blank\" href=\"http:\/\/www.schoene-nachrichten.de\/wp-content\/uploads\/2007\/09\/070925_Benefiz_20.jpg\" title=\"Foto: Max Colin Heydenreich\"><img decoding=\"async\" width=\"128\" src=\"http:\/\/www.schoene-nachrichten.de\/wp-content\/uploads\/2007\/09\/070925_Benefiz_20.thumbnail.jpg\" alt=\"070925_Benefiz_20.jpg\" \/><\/a> <a rel=\"lightbox[roadtrip]\" target=\"_blank\" href=\"http:\/\/www.schoene-nachrichten.de\/wp-content\/uploads\/2007\/09\/070925_Benefiz_21.jpg\" title=\"Foto: Max Colin Heydenreich\"><img decoding=\"async\" width=\"128\" src=\"http:\/\/www.schoene-nachrichten.de\/wp-content\/uploads\/2007\/09\/070925_Benefiz_21.thumbnail.jpg\" alt=\"070925_Benefiz_21.jpg\" \/><\/a><\/p>\n<p><a rel=\"lightbox[roadtrip]\" target=\"_blank\" href=\"http:\/\/www.schoene-nachrichten.de\/wp-content\/uploads\/2007\/09\/070925_Benefiz_76.jpg\" title=\"Foto: Max Colin Heydenreich\"><img decoding=\"async\" width=\"128\" src=\"http:\/\/www.schoene-nachrichten.de\/wp-content\/uploads\/2007\/09\/070925_Benefiz_76.thumbnail.jpg\" alt=\"070925_Benefiz_76.jpg\" \/><\/a>\u00c2\u00a0<a rel=\"lightbox[roadtrip]\" target=\"_blank\" href=\"http:\/\/www.schoene-nachrichten.de\/wp-content\/uploads\/2007\/09\/070925_Benefiz_51.jpg\" title=\"Foto: Max Colin Heydenreich\"><img decoding=\"async\" width=\"128\" src=\"http:\/\/www.schoene-nachrichten.de\/wp-content\/uploads\/2007\/09\/070925_Benefiz_51.thumbnail.jpg\" alt=\"070925_Benefiz_51.jpg\" \/><\/a>\u00c2\u00a0<a rel=\"lightbox[roadtrip]\" target=\"_blank\" href=\"http:\/\/www.schoene-nachrichten.de\/wp-content\/uploads\/2007\/09\/070925_Benefiz_78.jpg\" title=\"Foto: Max Colin Heydenreich\"><img decoding=\"async\" width=\"128\" src=\"http:\/\/www.schoene-nachrichten.de\/wp-content\/uploads\/2007\/09\/070925_Benefiz_78.thumbnail.jpg\" alt=\"070925_Benefiz_78.jpg\" \/><\/a><\/p>\n<p>Beide Versorgungsangebote sollen nach Fertigstellung umfangreicher Bauma\u00dfnahmen zuk\u00fcnftig am Standort Herz-Jesu-Krankenhaus gemeinsam betrieben werden. Er wies darauf hin, dass trotz der Unterst\u00fctzung durch das Hessische Sozialministerium die finanziellen Ressourcen sehr seien. F\u00fcr die Einrichtung eines Spielplatzes, eines Basketballplatzes oder anderer Spieleinrichtungen auf dem Au\u00dfengel\u00e4nde der Tagesklinik und f\u00fcr weitere Anschaffung wie Spiele oder auch Unternehmungen mit den Kindern- und Jugendlichen, will das Krankenhaus um externe Unterst\u00fctzung, auch in Form des Benefiz-Konzertes, in der Fuldaer Region werben.\u00c2\u00a0<\/p>\n<p><a rel=\"lightbox[roadtrip]\" target=\"_blank\" href=\"http:\/\/www.schoene-nachrichten.de\/wp-content\/uploads\/2007\/09\/070925_Benefiz_70.jpg\" title=\"Foto: Max Colin Heydenreich\"><img decoding=\"async\" width=\"128\" src=\"http:\/\/www.schoene-nachrichten.de\/wp-content\/uploads\/2007\/09\/070925_Benefiz_70.thumbnail.jpg\" alt=\"070925_Benefiz_70.jpg\" \/><\/a> <a rel=\"lightbox[roadtrip]\" target=\"_blank\" href=\"http:\/\/www.schoene-nachrichten.de\/wp-content\/uploads\/2007\/09\/070925_Benefiz_71.jpg\" title=\"Foto: Max Colin Heydenreich\"><img decoding=\"async\" width=\"128\" src=\"http:\/\/www.schoene-nachrichten.de\/wp-content\/uploads\/2007\/09\/070925_Benefiz_71.thumbnail.jpg\" alt=\"070925_Benefiz_71.jpg\" \/><\/a> <a rel=\"lightbox[roadtrip]\" target=\"_blank\" href=\"http:\/\/www.schoene-nachrichten.de\/wp-content\/uploads\/2007\/09\/070925_Benefiz_72.jpg\" title=\"Foto: Max Colin Heydenreich\"><img decoding=\"async\" width=\"128\" src=\"http:\/\/www.schoene-nachrichten.de\/wp-content\/uploads\/2007\/09\/070925_Benefiz_72.thumbnail.jpg\" alt=\"070925_Benefiz_72.jpg\" \/><\/a><\/p>\n<p><a rel=\"lightbox[roadtrip]\" target=\"_blank\" href=\"http:\/\/www.schoene-nachrichten.de\/wp-content\/uploads\/2007\/09\/070925_Benefiz_22.jpg\" title=\"Foto: Max Colin Heydenreich\"><img decoding=\"async\" width=\"128\" src=\"http:\/\/www.schoene-nachrichten.de\/wp-content\/uploads\/2007\/09\/070925_Benefiz_22.thumbnail.jpg\" alt=\"070925_Benefiz_22.jpg\" \/><\/a> <a rel=\"lightbox[roadtrip]\" target=\"_blank\" href=\"http:\/\/www.schoene-nachrichten.de\/wp-content\/uploads\/2007\/09\/070925_Benefiz_23.jpg\" title=\"Foto: Max Colin Heydenreich\"><img decoding=\"async\" width=\"128\" src=\"http:\/\/www.schoene-nachrichten.de\/wp-content\/uploads\/2007\/09\/070925_Benefiz_23.thumbnail.jpg\" alt=\"070925_Benefiz_23.jpg\" \/><\/a> <a rel=\"lightbox[roadtrip]\" target=\"_blank\" href=\"http:\/\/www.schoene-nachrichten.de\/wp-content\/uploads\/2007\/09\/070925_Benefiz_24.jpg\" title=\"Foto: Max Colin Heydenreich\"><img decoding=\"async\" width=\"128\" src=\"http:\/\/www.schoene-nachrichten.de\/wp-content\/uploads\/2007\/09\/070925_Benefiz_24.thumbnail.jpg\" alt=\"070925_Benefiz_24.jpg\" \/><\/a><\/p>\n<p>Oberb\u00fcrgermeister Gerhard M\u00f6ller unterst\u00fctzte in seinem Gru\u00dfwort das Vorhaben des Benefiz-Konzertes, er wies darauf hin, dass die Kinder und Jugendpsychiatrie schon lange im Planungskonzept der Politik gewesen sei. Nun endlich sei die erste konkrete Umsetzung erfolgt. Er dankte dem Orchester f\u00fcr die Bereitschaft das Benefiz-Konzert musikalisch zu gestalten.\u00c2\u00a0 Der neue Chefarzt der Abteilung Privatdozent Dr. Frank Theisen stellte den Zuh\u00f6rern die Tagesklinik vor und gab Informationen zur Thematik psychisch erkrankter Kinder und Jugendliche.<\/p>\n<p><a rel=\"lightbox[roadtrip]\" target=\"_blank\" href=\"http:\/\/www.schoene-nachrichten.de\/wp-content\/uploads\/2007\/09\/070925_Benefiz_79.jpg\" title=\"Foto: Max Colin Heydenreich\"><img decoding=\"async\" width=\"128\" src=\"http:\/\/www.schoene-nachrichten.de\/wp-content\/uploads\/2007\/09\/070925_Benefiz_79.thumbnail.jpg\" alt=\"070925_Benefiz_79.jpg\" \/><\/a> <a rel=\"lightbox[roadtrip]\" target=\"_blank\" href=\"http:\/\/www.schoene-nachrichten.de\/wp-content\/uploads\/2007\/09\/070925_Benefiz_80.jpg\" title=\"Foto: Max Colin Heydenreich\"><img decoding=\"async\" width=\"128\" src=\"http:\/\/www.schoene-nachrichten.de\/wp-content\/uploads\/2007\/09\/070925_Benefiz_80.thumbnail.jpg\" alt=\"070925_Benefiz_80.jpg\" \/><\/a> <a rel=\"lightbox[roadtrip]\" target=\"_blank\" href=\"http:\/\/www.schoene-nachrichten.de\/wp-content\/uploads\/2007\/09\/070925_Benefiz_81.jpg\" title=\"Foto: Max Colin Heydenreich\"><img decoding=\"async\" width=\"128\" src=\"http:\/\/www.schoene-nachrichten.de\/wp-content\/uploads\/2007\/09\/070925_Benefiz_81.thumbnail.jpg\" alt=\"070925_Benefiz_81.jpg\" \/><\/a><\/p>\n<p><a rel=\"lightbox[roadtrip]\" target=\"_blank\" href=\"http:\/\/www.schoene-nachrichten.de\/wp-content\/uploads\/2007\/09\/070925_Benefiz_25.jpg\" title=\"Foto: Max Colin Heydenreich\"><img decoding=\"async\" width=\"128\" src=\"http:\/\/www.schoene-nachrichten.de\/wp-content\/uploads\/2007\/09\/070925_Benefiz_25.thumbnail.jpg\" alt=\"070925_Benefiz_25.jpg\" \/><\/a> <a rel=\"lightbox[roadtrip]\" target=\"_blank\" href=\"http:\/\/www.schoene-nachrichten.de\/wp-content\/uploads\/2007\/09\/070925_Benefiz_26.jpg\" title=\"Foto: Max Colin Heydenreich\"><img decoding=\"async\" width=\"128\" src=\"http:\/\/www.schoene-nachrichten.de\/wp-content\/uploads\/2007\/09\/070925_Benefiz_26.thumbnail.jpg\" alt=\"070925_Benefiz_26.jpg\" \/><\/a> <a rel=\"lightbox[roadtrip]\" target=\"_blank\" href=\"http:\/\/www.schoene-nachrichten.de\/wp-content\/uploads\/2007\/09\/070925_Benefiz_27.jpg\" title=\"Foto: Max Colin Heydenreich\"><img decoding=\"async\" width=\"128\" src=\"http:\/\/www.schoene-nachrichten.de\/wp-content\/uploads\/2007\/09\/070925_Benefiz_27.thumbnail.jpg\" alt=\"070925_Benefiz_27.jpg\" \/><\/a><\/p>\n<p>Nach neuesten Studien und Erhebungen w\u00fcrden in Hessen rund 1.1 Mio. Kinder und Jugendliche leben. Experten w\u00fcrden davon ausgehen, dass 20 % der Kinder und Jugendlichen psychische Auff\u00e4lligkeiten bes\u00e4\u00dfen und rund 10%\u00c2\u00a0 einen Beratungs- bzw. Therapiebedarf h\u00e4tten. Er gab einen \u00dcberblick \u00fcber das neue Raumprogramm der Tagesklinik und den medizinischen sowie weiteren Angeboten. Er dankte ausdr\u00fccklich dem\u00c2\u00a0 Orchester f\u00fcr die Konzertzusage, hier w\u00fcrden Jugendliche f\u00fcr Jugendliche spielen. Der Leiter des Kammerorchestern Ulrich Moormann wies in seiner kurzen Rede darauf hin, dass sich das Orchester innerhalb von 5 Jahren durch unterschiedliche Schullaufbahnen bis hin zum Studium fast vollst\u00e4ndig erneuern w\u00fcrde.<\/p>\n<p><a rel=\"lightbox[roadtrip]\" target=\"_blank\" href=\"http:\/\/www.schoene-nachrichten.de\/wp-content\/uploads\/2007\/09\/070925_Benefiz_73.jpg\" title=\"Foto: Max Colin Heydenreich\"><img decoding=\"async\" width=\"128\" src=\"http:\/\/www.schoene-nachrichten.de\/wp-content\/uploads\/2007\/09\/070925_Benefiz_73.thumbnail.jpg\" alt=\"070925_Benefiz_73.jpg\" \/><\/a> <a rel=\"lightbox[roadtrip]\" target=\"_blank\" href=\"http:\/\/www.schoene-nachrichten.de\/wp-content\/uploads\/2007\/09\/070925_Benefiz_74.jpg\" title=\"Foto: Max Colin Heydenreich\"><img decoding=\"async\" width=\"128\" src=\"http:\/\/www.schoene-nachrichten.de\/wp-content\/uploads\/2007\/09\/070925_Benefiz_74.thumbnail.jpg\" alt=\"070925_Benefiz_74.jpg\" \/><\/a> <a rel=\"lightbox[roadtrip]\" target=\"_blank\" href=\"http:\/\/www.schoene-nachrichten.de\/wp-content\/uploads\/2007\/09\/070925_Benefiz_75.jpg\" title=\"Foto: Max Colin Heydenreich\"><img decoding=\"async\" width=\"128\" src=\"http:\/\/www.schoene-nachrichten.de\/wp-content\/uploads\/2007\/09\/070925_Benefiz_75.thumbnail.jpg\" alt=\"070925_Benefiz_75.jpg\" \/><\/a><\/p>\n<p><a rel=\"lightbox[roadtrip]\" target=\"_blank\" href=\"http:\/\/www.schoene-nachrichten.de\/wp-content\/uploads\/2007\/09\/070925_Benefiz_28.jpg\" title=\"Foto: Max Colin Heydenreich\"><img decoding=\"async\" width=\"128\" src=\"http:\/\/www.schoene-nachrichten.de\/wp-content\/uploads\/2007\/09\/070925_Benefiz_28.thumbnail.jpg\" alt=\"070925_Benefiz_28.jpg\" \/><\/a> <a rel=\"lightbox[roadtrip]\" target=\"_blank\" href=\"http:\/\/www.schoene-nachrichten.de\/wp-content\/uploads\/2007\/09\/070925_Benefiz_29.jpg\" title=\"Foto: Max Colin Heydenreich\"><img decoding=\"async\" width=\"128\" src=\"http:\/\/www.schoene-nachrichten.de\/wp-content\/uploads\/2007\/09\/070925_Benefiz_29.thumbnail.jpg\" alt=\"070925_Benefiz_29.jpg\" \/><\/a> <a rel=\"lightbox[roadtrip]\" target=\"_blank\" href=\"http:\/\/www.schoene-nachrichten.de\/wp-content\/uploads\/2007\/09\/070925_Benefiz_30.jpg\" title=\"Foto: Max Colin Heydenreich\"><img decoding=\"async\" width=\"128\" src=\"http:\/\/www.schoene-nachrichten.de\/wp-content\/uploads\/2007\/09\/070925_Benefiz_30.thumbnail.jpg\" alt=\"070925_Benefiz_30.jpg\" \/><\/a><\/p>\n<p>Die Teilnahmen an Wettbewerben und Konzertreisen w\u00e4ren sehr umfangreich und erfolgreich. Die Jugendlichen seien sehr motiviert und w\u00fcrden mit Freude und Spa\u00df mitwirken, auch jetzt in den Herbstferien sei man nach Leitmeritz unterwegs. Unter seiner Leitung zeigte das Kammerorchester der Jugend welches Potential im Jugendorchester vorhanden ist.\u00c2\u00a0 Mit dem Scherzo von Ludwig van Beethovens II. Sinfonie in D \u2013 Dur op. 36, der Sinfonie Nr. 5 d-moll op. 107 von Felix Mendelssohn-Bartholdy sowie dem Klavierkonzert in f-moll ( Solistin Olga Zarytovska ) von Johann Sebastian Bach\u00c2\u00a0 begeisterte das Orchester die Theaterbesucher.<\/p>\n<p><a rel=\"lightbox[roadtrip]\" target=\"_blank\" href=\"http:\/\/www.schoene-nachrichten.de\/wp-content\/uploads\/2007\/09\/070925_Benefiz_34.jpg\" title=\"Foto: Max Colin Heydenreich\"><img decoding=\"async\" width=\"128\" src=\"http:\/\/www.schoene-nachrichten.de\/wp-content\/uploads\/2007\/09\/070925_Benefiz_34.thumbnail.jpg\" alt=\"070925_Benefiz_34.jpg\" \/><\/a> <a rel=\"lightbox[roadtrip]\" target=\"_blank\" href=\"http:\/\/www.schoene-nachrichten.de\/wp-content\/uploads\/2007\/09\/070925_Benefiz_35.jpg\" title=\"Foto: Max Colin Heydenreich\"><img decoding=\"async\" width=\"128\" src=\"http:\/\/www.schoene-nachrichten.de\/wp-content\/uploads\/2007\/09\/070925_Benefiz_35.thumbnail.jpg\" alt=\"070925_Benefiz_35.jpg\" \/><\/a> <a rel=\"lightbox[roadtrip]\" target=\"_blank\" href=\"http:\/\/www.schoene-nachrichten.de\/wp-content\/uploads\/2007\/09\/070925_Benefiz_36.jpg\" title=\"Foto: Max Colin Heydenreich\"><img decoding=\"async\" width=\"128\" src=\"http:\/\/www.schoene-nachrichten.de\/wp-content\/uploads\/2007\/09\/070925_Benefiz_36.thumbnail.jpg\" alt=\"070925_Benefiz_36.jpg\" \/><\/a><\/p>\n<p><a rel=\"lightbox[roadtrip]\" target=\"_blank\" href=\"http:\/\/www.schoene-nachrichten.de\/wp-content\/uploads\/2007\/09\/070925_Benefiz_37.jpg\" title=\"Foto: Max Colin Heydenreich\"><img decoding=\"async\" width=\"128\" src=\"http:\/\/www.schoene-nachrichten.de\/wp-content\/uploads\/2007\/09\/070925_Benefiz_37.thumbnail.jpg\" alt=\"070925_Benefiz_37.jpg\" \/><\/a> <a rel=\"lightbox[roadtrip]\" target=\"_blank\" href=\"http:\/\/www.schoene-nachrichten.de\/wp-content\/uploads\/2007\/09\/070925_Benefiz_38.jpg\" title=\"Foto: Max Colin Heydenreich\"><img decoding=\"async\" width=\"128\" src=\"http:\/\/www.schoene-nachrichten.de\/wp-content\/uploads\/2007\/09\/070925_Benefiz_38.thumbnail.jpg\" alt=\"070925_Benefiz_38.jpg\" \/><\/a> <a rel=\"lightbox[roadtrip]\" target=\"_blank\" href=\"http:\/\/www.schoene-nachrichten.de\/wp-content\/uploads\/2007\/09\/070925_Benefiz_39.jpg\" title=\"Foto: Max Colin Heydenreich\"><img decoding=\"async\" width=\"128\" src=\"http:\/\/www.schoene-nachrichten.de\/wp-content\/uploads\/2007\/09\/070925_Benefiz_39.thumbnail.jpg\" alt=\"070925_Benefiz_39.jpg\" \/><\/a><\/p>\n<p>Die junge hochbegabte Solistin spielte im Anschluss noch eine Zugabe f\u00fcr die H\u00f6rerschaft. In fesselnder Weise \u00fcberraschte das Orchester zum Konzert-Abschluss mit den Themes from 007 von Calvin Custer und Pirates of the carribean von Ted Ricketts\u00c2\u00a0 das Publikum. Das Ergebnis war ein \u00fcberw\u00e4ltigender und frenetischer Applaus des Publikums f\u00fcr die gelungen Darbietung der ausgew\u00e4hlten musikalischen Werke und ein faszinierendes H\u00f6rerlebnis.<\/p>\n<p><a rel=\"lightbox[roadtrip]\" target=\"_blank\" href=\"http:\/\/www.schoene-nachrichten.de\/wp-content\/uploads\/2007\/09\/070925_Benefiz_31.jpg\" title=\"Foto: Max Colin Heydenreich\"><img decoding=\"async\" width=\"128\" src=\"http:\/\/www.schoene-nachrichten.de\/wp-content\/uploads\/2007\/09\/070925_Benefiz_31.thumbnail.jpg\" alt=\"070925_Benefiz_31.jpg\" \/><\/a> <a rel=\"lightbox[roadtrip]\" target=\"_blank\" href=\"http:\/\/www.schoene-nachrichten.de\/wp-content\/uploads\/2007\/09\/070925_Benefiz_32.jpg\" title=\"Foto: Max Colin Heydenreich\"><img decoding=\"async\" width=\"128\" src=\"http:\/\/www.schoene-nachrichten.de\/wp-content\/uploads\/2007\/09\/070925_Benefiz_32.thumbnail.jpg\" alt=\"070925_Benefiz_32.jpg\" \/><\/a> <a rel=\"lightbox[roadtrip]\" target=\"_blank\" href=\"http:\/\/www.schoene-nachrichten.de\/wp-content\/uploads\/2007\/09\/070925_Benefiz_42.jpg\" title=\"Foto: Max Colin Heydenreich\"><img decoding=\"async\" width=\"128\" src=\"http:\/\/www.schoene-nachrichten.de\/wp-content\/uploads\/2007\/09\/070925_Benefiz_42.thumbnail.jpg\" alt=\"070925_Benefiz_42.jpg\" \/><\/a><\/p>\n<p><a rel=\"lightbox[roadtrip]\" target=\"_blank\" href=\"http:\/\/www.schoene-nachrichten.de\/wp-content\/uploads\/2007\/09\/070925_Benefiz_43.jpg\" title=\"Foto: Max Colin Heydenreich\"><img decoding=\"async\" width=\"128\" src=\"http:\/\/www.schoene-nachrichten.de\/wp-content\/uploads\/2007\/09\/070925_Benefiz_43.thumbnail.jpg\" alt=\"070925_Benefiz_43.jpg\" \/><\/a> <a rel=\"lightbox[roadtrip]\" target=\"_blank\" href=\"http:\/\/www.schoene-nachrichten.de\/wp-content\/uploads\/2007\/09\/070925_Benefiz_44.jpg\" title=\"Foto: Max Colin Heydenreich\"><img decoding=\"async\" width=\"128\" src=\"http:\/\/www.schoene-nachrichten.de\/wp-content\/uploads\/2007\/09\/070925_Benefiz_44.thumbnail.jpg\" alt=\"070925_Benefiz_44.jpg\" \/><\/a> <a rel=\"lightbox[roadtrip]\" target=\"_blank\" href=\"http:\/\/www.schoene-nachrichten.de\/wp-content\/uploads\/2007\/09\/070925_Benefiz_45.jpg\" title=\"Foto: Max Colin Heydenreich\"><img decoding=\"async\" width=\"128\" src=\"http:\/\/www.schoene-nachrichten.de\/wp-content\/uploads\/2007\/09\/070925_Benefiz_45.thumbnail.jpg\" alt=\"070925_Benefiz_45.jpg\" \/><\/a><\/p>\n<p>Zum Abschluss des Benefizkonzertes gab das Herz-Jesu-Krankenhaus bei einem Sektempfang Gelegenheit zum pers\u00f6nlichen Gespr\u00e4ch und zum Ausklang des musikalischen Abends. (Michael Liebsch)<\/p>\n<p><a rel=\"lightbox[roadtrip]\" target=\"_blank\" href=\"http:\/\/www.schoene-nachrichten.de\/wp-content\/uploads\/2007\/09\/070925_Benefiz_45.jpg\" title=\"Foto: Max Colin Heydenreich\"><\/a><\/p>\n<p><a rel=\"lightbox[roadtrip]\" target=\"_blank\" href=\"http:\/\/www.schoene-nachrichten.de\/wp-content\/uploads\/2007\/09\/070925_Benefiz_01.jpg\" title=\"Foto: Max Colin Heydenreich\"><img decoding=\"async\" width=\"128\" src=\"http:\/\/www.schoene-nachrichten.de\/wp-content\/uploads\/2007\/09\/070925_Benefiz_01.thumbnail.jpg\" alt=\"070925_Benefiz_01.jpg\" \/><\/a> <a rel=\"lightbox[roadtrip]\" target=\"_blank\" href=\"http:\/\/www.schoene-nachrichten.de\/wp-content\/uploads\/2007\/09\/070925_Benefiz_02.jpg\" title=\"Foto: Max Colin Heydenreich\"><img decoding=\"async\" width=\"128\" src=\"http:\/\/www.schoene-nachrichten.de\/wp-content\/uploads\/2007\/09\/070925_Benefiz_02.thumbnail.jpg\" alt=\"070925_Benefiz_02.jpg\" \/><\/a> <a rel=\"lightbox[roadtrip]\" target=\"_blank\" href=\"http:\/\/www.schoene-nachrichten.de\/wp-content\/uploads\/2007\/09\/070925_Benefiz_03.jpg\" title=\"Foto: Max Colin Heydenreich\"><img decoding=\"async\" width=\"128\" src=\"http:\/\/www.schoene-nachrichten.de\/wp-content\/uploads\/2007\/09\/070925_Benefiz_03.thumbnail.jpg\" alt=\"070925_Benefiz_03.jpg\" \/><\/a><\/p>\n<p><a rel=\"lightbox[roadtrip]\" target=\"_blank\" href=\"http:\/\/www.schoene-nachrichten.de\/wp-content\/uploads\/2007\/09\/070925_Benefiz_46.jpg\" title=\"Foto: Max Colin Heydenreich\"><img decoding=\"async\" width=\"128\" src=\"http:\/\/www.schoene-nachrichten.de\/wp-content\/uploads\/2007\/09\/070925_Benefiz_46.thumbnail.jpg\" alt=\"070925_Benefiz_46.jpg\" \/><\/a> <a rel=\"lightbox[roadtrip]\" target=\"_blank\" href=\"http:\/\/www.schoene-nachrichten.de\/wp-content\/uploads\/2007\/09\/070925_Benefiz_47.jpg\" title=\"Foto: Max Colin Heydenreich\"><img decoding=\"async\" width=\"128\" src=\"http:\/\/www.schoene-nachrichten.de\/wp-content\/uploads\/2007\/09\/070925_Benefiz_47.thumbnail.jpg\" alt=\"070925_Benefiz_47.jpg\" \/><\/a> <a rel=\"lightbox[roadtrip]\" target=\"_blank\" href=\"http:\/\/www.schoene-nachrichten.de\/wp-content\/uploads\/2007\/09\/070925_Benefiz_48.jpg\" title=\"Foto: Max Colin Heydenreich\"><img decoding=\"async\" width=\"128\" src=\"http:\/\/www.schoene-nachrichten.de\/wp-content\/uploads\/2007\/09\/070925_Benefiz_48.thumbnail.jpg\" alt=\"070925_Benefiz_48.jpg\" \/><\/a><\/p>\n<p><a rel=\"lightbox[roadtrip]\" target=\"_blank\" href=\"http:\/\/www.schoene-nachrichten.de\/wp-content\/uploads\/2007\/09\/070925_Benefiz_52.jpg\" title=\"Foto: Max Colin Heydenreich\"><img decoding=\"async\" width=\"128\" src=\"http:\/\/www.schoene-nachrichten.de\/wp-content\/uploads\/2007\/09\/070925_Benefiz_52.thumbnail.jpg\" alt=\"070925_Benefiz_52.jpg\" \/><\/a> <a rel=\"lightbox[roadtrip]\" target=\"_blank\" href=\"http:\/\/www.schoene-nachrichten.de\/wp-content\/uploads\/2007\/09\/070925_Benefiz_53.jpg\" title=\"Foto: Max Colin Heydenreich\"><img decoding=\"async\" width=\"128\" src=\"http:\/\/www.schoene-nachrichten.de\/wp-content\/uploads\/2007\/09\/070925_Benefiz_53.thumbnail.jpg\" alt=\"070925_Benefiz_53.jpg\" \/><\/a> <a rel=\"lightbox[roadtrip]\" target=\"_blank\" href=\"http:\/\/www.schoene-nachrichten.de\/wp-content\/uploads\/2007\/09\/070925_Benefiz_54.jpg\" title=\"Foto: Max Colin Heydenreich\"><img decoding=\"async\" width=\"128\" src=\"http:\/\/www.schoene-nachrichten.de\/wp-content\/uploads\/2007\/09\/070925_Benefiz_54.thumbnail.jpg\" alt=\"070925_Benefiz_54.jpg\" \/><\/a><\/p>\n<p><a rel=\"lightbox[roadtrip]\" target=\"_blank\" href=\"http:\/\/www.schoene-nachrichten.de\/wp-content\/uploads\/2007\/09\/070925_Benefiz_04.jpg\" title=\"Foto: Max Colin Heydenreich\"><img decoding=\"async\" width=\"128\" src=\"http:\/\/www.schoene-nachrichten.de\/wp-content\/uploads\/2007\/09\/070925_Benefiz_04.thumbnail.jpg\" alt=\"070925_Benefiz_04.jpg\" \/><\/a> <a rel=\"lightbox[roadtrip]\" target=\"_blank\" href=\"http:\/\/www.schoene-nachrichten.de\/wp-content\/uploads\/2007\/09\/070925_Benefiz_05.jpg\" title=\"Foto: Max Colin Heydenreich\"><img decoding=\"async\" width=\"128\" src=\"http:\/\/www.schoene-nachrichten.de\/wp-content\/uploads\/2007\/09\/070925_Benefiz_05.thumbnail.jpg\" alt=\"070925_Benefiz_05.jpg\" \/><\/a> <a rel=\"lightbox[roadtrip]\" target=\"_blank\" href=\"http:\/\/www.schoene-nachrichten.de\/wp-content\/uploads\/2007\/09\/070925_Benefiz_06.jpg\" title=\"Foto: Max Colin Heydenreich\"><img decoding=\"async\" width=\"128\" src=\"http:\/\/www.schoene-nachrichten.de\/wp-content\/uploads\/2007\/09\/070925_Benefiz_06.thumbnail.jpg\" alt=\"070925_Benefiz_06.jpg\" \/><\/a><\/p>\n<p><a rel=\"lightbox[roadtrip]\" target=\"_blank\" href=\"http:\/\/www.schoene-nachrichten.de\/wp-content\/uploads\/2007\/09\/070925_Benefiz_55.jpg\" title=\"Foto: Max Colin Heydenreich\"><img decoding=\"async\" width=\"128\" src=\"http:\/\/www.schoene-nachrichten.de\/wp-content\/uploads\/2007\/09\/070925_Benefiz_55.thumbnail.jpg\" alt=\"070925_Benefiz_55.jpg\" \/><\/a> <a rel=\"lightbox[roadtrip]\" target=\"_blank\" href=\"http:\/\/www.schoene-nachrichten.de\/wp-content\/uploads\/2007\/09\/070925_Benefiz_56.jpg\" title=\"Foto: Max Colin Heydenreich\"><img decoding=\"async\" width=\"128\" src=\"http:\/\/www.schoene-nachrichten.de\/wp-content\/uploads\/2007\/09\/070925_Benefiz_56.thumbnail.jpg\" alt=\"070925_Benefiz_56.jpg\" \/><\/a> <a rel=\"lightbox[roadtrip]\" target=\"_blank\" href=\"http:\/\/www.schoene-nachrichten.de\/wp-content\/uploads\/2007\/09\/070925_Benefiz_57.jpg\" title=\"Foto: Max Colin Heydenreich\"><img decoding=\"async\" width=\"128\" src=\"http:\/\/www.schoene-nachrichten.de\/wp-content\/uploads\/2007\/09\/070925_Benefiz_57.thumbnail.jpg\" alt=\"070925_Benefiz_57.jpg\" \/><\/a><\/p>\n<p><a rel=\"lightbox[roadtrip]\" target=\"_blank\" href=\"http:\/\/www.schoene-nachrichten.de\/wp-content\/uploads\/2007\/09\/070925_Benefiz_58.jpg\" title=\"Foto: Max Colin Heydenreich\"><img decoding=\"async\" width=\"128\" src=\"http:\/\/www.schoene-nachrichten.de\/wp-content\/uploads\/2007\/09\/070925_Benefiz_58.thumbnail.jpg\" alt=\"070925_Benefiz_58.jpg\" \/><\/a> <a rel=\"lightbox[roadtrip]\" target=\"_blank\" href=\"http:\/\/www.schoene-nachrichten.de\/wp-content\/uploads\/2007\/09\/070925_Benefiz_59.jpg\" title=\"Foto: Max Colin Heydenreich\"><img decoding=\"async\" width=\"128\" src=\"http:\/\/www.schoene-nachrichten.de\/wp-content\/uploads\/2007\/09\/070925_Benefiz_59.thumbnail.jpg\" alt=\"070925_Benefiz_59.jpg\" \/><\/a> <a rel=\"lightbox[roadtrip]\" target=\"_blank\" href=\"http:\/\/www.schoene-nachrichten.de\/wp-content\/uploads\/2007\/09\/070925_Benefiz_60.jpg\" title=\"Foto: Max Colin Heydenreich\"><img decoding=\"async\" width=\"128\" src=\"http:\/\/www.schoene-nachrichten.de\/wp-content\/uploads\/2007\/09\/070925_Benefiz_60.thumbnail.jpg\" alt=\"070925_Benefiz_60.jpg\" \/><\/a><\/p>\n<p><a rel=\"lightbox[roadtrip]\" target=\"_blank\" href=\"http:\/\/www.schoene-nachrichten.de\/wp-content\/uploads\/2007\/09\/070925_Benefiz_07.jpg\" title=\"Foto: Max Colin Heydenreich\"><img decoding=\"async\" width=\"128\" src=\"http:\/\/www.schoene-nachrichten.de\/wp-content\/uploads\/2007\/09\/070925_Benefiz_07.thumbnail.jpg\" alt=\"070925_Benefiz_07.jpg\" \/><\/a> <a rel=\"lightbox[roadtrip]\" target=\"_blank\" href=\"http:\/\/www.schoene-nachrichten.de\/wp-content\/uploads\/2007\/09\/070925_Benefiz_08.jpg\" title=\"Foto: Max Colin Heydenreich\"><img decoding=\"async\" width=\"128\" src=\"http:\/\/www.schoene-nachrichten.de\/wp-content\/uploads\/2007\/09\/070925_Benefiz_08.thumbnail.jpg\" alt=\"070925_Benefiz_08.jpg\" \/><\/a> <a rel=\"lightbox[roadtrip]\" target=\"_blank\" href=\"http:\/\/www.schoene-nachrichten.de\/wp-content\/uploads\/2007\/09\/070925_Benefiz_09.jpg\" title=\"Foto: Max Colin Heydenreich\"><img decoding=\"async\" width=\"128\" src=\"http:\/\/www.schoene-nachrichten.de\/wp-content\/uploads\/2007\/09\/070925_Benefiz_09.thumbnail.jpg\" alt=\"070925_Benefiz_09.jpg\" \/><\/a><\/p>\n<p><a rel=\"lightbox[roadtrip]\" target=\"_blank\" href=\"http:\/\/www.schoene-nachrichten.de\/wp-content\/uploads\/2007\/09\/070925_Benefiz_61.jpg\" title=\"Foto: Max Colin Heydenreich\"><img decoding=\"async\" width=\"128\" src=\"http:\/\/www.schoene-nachrichten.de\/wp-content\/uploads\/2007\/09\/070925_Benefiz_61.thumbnail.jpg\" alt=\"070925_Benefiz_61.jpg\" \/><\/a> <a rel=\"lightbox[roadtrip]\" target=\"_blank\" href=\"http:\/\/www.schoene-nachrichten.de\/wp-content\/uploads\/2007\/09\/070925_Benefiz_62.jpg\" title=\"Foto: Max Colin Heydenreich\"><img decoding=\"async\" width=\"128\" src=\"http:\/\/www.schoene-nachrichten.de\/wp-content\/uploads\/2007\/09\/070925_Benefiz_62.thumbnail.jpg\" alt=\"070925_Benefiz_62.jpg\" \/><\/a> <a rel=\"lightbox[roadtrip]\" target=\"_blank\" href=\"http:\/\/www.schoene-nachrichten.de\/wp-content\/uploads\/2007\/09\/070925_Benefiz_63.jpg\" title=\"Foto: Max Colin Heydenreich\"><img decoding=\"async\" width=\"128\" src=\"http:\/\/www.schoene-nachrichten.de\/wp-content\/uploads\/2007\/09\/070925_Benefiz_63.thumbnail.jpg\" alt=\"070925_Benefiz_63.jpg\" \/><\/a><\/p>\n<p><a rel=\"lightbox[roadtrip]\" target=\"_blank\" href=\"http:\/\/www.schoene-nachrichten.de\/wp-content\/uploads\/2007\/09\/070925_Benefiz_10.jpg\" title=\"Foto: Max Colin Heydenreich\"><img decoding=\"async\" width=\"128\" src=\"http:\/\/www.schoene-nachrichten.de\/wp-content\/uploads\/2007\/09\/070925_Benefiz_10.thumbnail.jpg\" alt=\"070925_Benefiz_10.jpg\" \/><\/a> <a rel=\"lightbox[roadtrip]\" target=\"_blank\" href=\"http:\/\/www.schoene-nachrichten.de\/wp-content\/uploads\/2007\/09\/070925_Benefiz_11.jpg\" title=\"Foto: Max Colin Heydenreich\"><img decoding=\"async\" width=\"128\" src=\"http:\/\/www.schoene-nachrichten.de\/wp-content\/uploads\/2007\/09\/070925_Benefiz_11.thumbnail.jpg\" alt=\"070925_Benefiz_11.jpg\" \/><\/a> <a rel=\"lightbox[roadtrip]\" target=\"_blank\" href=\"http:\/\/www.schoene-nachrichten.de\/wp-content\/uploads\/2007\/09\/070925_Benefiz_12.jpg\" title=\"Foto: Max Colin Heydenreich\"><img decoding=\"async\" width=\"128\" src=\"http:\/\/www.schoene-nachrichten.de\/wp-content\/uploads\/2007\/09\/070925_Benefiz_12.thumbnail.jpg\" alt=\"070925_Benefiz_12.jpg\" \/><\/a><\/p>\n<p><a rel=\"lightbox[roadtrip]\" target=\"_blank\" href=\"http:\/\/www.schoene-nachrichten.de\/wp-content\/uploads\/2007\/09\/070925_Benefiz_64.jpg\" title=\"Foto: Max Colin Heydenreich\"><img decoding=\"async\" width=\"128\" src=\"http:\/\/www.schoene-nachrichten.de\/wp-content\/uploads\/2007\/09\/070925_Benefiz_64.thumbnail.jpg\" alt=\"070925_Benefiz_64.jpg\" \/><\/a> <a rel=\"lightbox[roadtrip]\" target=\"_blank\" href=\"http:\/\/www.schoene-nachrichten.de\/wp-content\/uploads\/2007\/09\/070925_Benefiz_65.jpg\" title=\"Foto: Max Colin Heydenreich\"><img decoding=\"async\" width=\"128\" src=\"http:\/\/www.schoene-nachrichten.de\/wp-content\/uploads\/2007\/09\/070925_Benefiz_65.thumbnail.jpg\" alt=\"070925_Benefiz_65.jpg\" \/><\/a> <a rel=\"lightbox[roadtrip]\" target=\"_blank\" href=\"http:\/\/www.schoene-nachrichten.de\/wp-content\/uploads\/2007\/09\/070925_Benefiz_66.jpg\" title=\"Foto: Max Colin Heydenreich\"><img decoding=\"async\" width=\"128\" src=\"http:\/\/www.schoene-nachrichten.de\/wp-content\/uploads\/2007\/09\/070925_Benefiz_66.thumbnail.jpg\" alt=\"070925_Benefiz_66.jpg\" \/><\/a><\/p>\n<p><a rel=\"lightbox[roadtrip]\" target=\"_blank\" href=\"http:\/\/www.schoene-nachrichten.de\/wp-content\/uploads\/2007\/09\/070925_Benefiz_13.jpg\" title=\"Foto: Max Colin Heydenreich\"><img decoding=\"async\" width=\"128\" src=\"http:\/\/www.schoene-nachrichten.de\/wp-content\/uploads\/2007\/09\/070925_Benefiz_13.thumbnail.jpg\" alt=\"070925_Benefiz_13.jpg\" \/><\/a> <a rel=\"lightbox[roadtrip]\" target=\"_blank\" href=\"http:\/\/www.schoene-nachrichten.de\/wp-content\/uploads\/2007\/09\/070925_Benefiz_14.jpg\" title=\"Foto: Max Colin Heydenreich\"><img decoding=\"async\" width=\"128\" src=\"http:\/\/www.schoene-nachrichten.de\/wp-content\/uploads\/2007\/09\/070925_Benefiz_14.thumbnail.jpg\" alt=\"070925_Benefiz_14.jpg\" \/><\/a> <a rel=\"lightbox[roadtrip]\" target=\"_blank\" href=\"http:\/\/www.schoene-nachrichten.de\/wp-content\/uploads\/2007\/09\/070925_Benefiz_15.jpg\" title=\"Foto: Max Colin Heydenreich\"><img decoding=\"async\" width=\"128\" src=\"http:\/\/www.schoene-nachrichten.de\/wp-content\/uploads\/2007\/09\/070925_Benefiz_15.thumbnail.jpg\" alt=\"070925_Benefiz_15.jpg\" \/><\/a><\/p>\n<p><a rel=\"lightbox[roadtrip]\" target=\"_blank\" href=\"http:\/\/www.schoene-nachrichten.de\/wp-content\/uploads\/2007\/09\/070925_Benefiz_82.jpg\" title=\"Foto: Max Colin Heydenreich\"><img decoding=\"async\" width=\"128\" src=\"http:\/\/www.schoene-nachrichten.de\/wp-content\/uploads\/2007\/09\/070925_Benefiz_82.thumbnail.jpg\" alt=\"070925_Benefiz_82.jpg\" \/><\/a>\u00c2\u00a0<\/p>\n","protected":false},"excerpt":{"rendered":"<div class=\"tmnf_excerpt\"><p>Sch\u00f6nes aus Fulda.\u00c2\u00a0Ein gut gef\u00fclltes Schlosstheater, ein erwartungsvolles und am Ende restlos begeistertes Publikum. Das Benefiz-Konzert des Herz-Jesu-Krankenhauses zu Gunsten der neuen Kinder und Jugendpsychiatrie war ein voller Erfolg. Zahlreiche Ehreng\u00e4ste aus Politik, Wirtschaft, Kirche und Mitarbeiter des Krankenhauses waren gekommen, um das Projekt der Tagesklinik der neuen Abteilung zu unterst\u00fctzen.\u00c2\u00a0 Fotos (82): Max Colin &hellip;<\/p>\n<\/div>","protected":false},"author":1,"featured_media":0,"comment_status":"closed","ping_status":"closed","sticky":false,"template":"","format":"standard","meta":{"footnotes":""},"categories":[1,54,51,44,48],"tags":[],"class_list":["post-5495","post","type-post","status-publish","format-standard","hentry","category-startseite","category-bildergalerien","category-medizin","category-kultur","category-forschung"],"_links":{"self":[{"href":"https:\/\/www.fuldaernachrichten.de\/index.php?rest_route=\/wp\/v2\/posts\/5495","targetHints":{"allow":["GET"]}}],"collection":[{"href":"https:\/\/www.fuldaernachrichten.de\/index.php?rest_route=\/wp\/v2\/posts"}],"about":[{"href":"https:\/\/www.fuldaernachrichten.de\/index.php?rest_route=\/wp\/v2\/types\/post"}],"author":[{"embeddable":true,"href":"https:\/\/www.fuldaernachrichten.de\/index.php?rest_route=\/wp\/v2\/users\/1"}],"replies":[{"embeddable":true,"href":"https:\/\/www.fuldaernachrichten.de\/index.php?rest_route=%2Fwp%2Fv2%2Fcomments&post=5495"}],"version-history":[{"count":0,"href":"https:\/\/www.fuldaernachrichten.de\/index.php?rest_route=\/wp\/v2\/posts\/5495\/revisions"}],"wp:attachment":[{"href":"https:\/\/www.fuldaernachrichten.de\/index.php?rest_route=%2Fwp%2Fv2%2Fmedia&parent=5495"}],"wp:term":[{"taxonomy":"category","embeddable":true,"href":"https:\/\/www.fuldaernachrichten.de\/index.php?rest_route=%2Fwp%2Fv2%2Fcategories&post=5495"},{"taxonomy":"post_tag","embeddable":true,"href":"https:\/\/www.fuldaernachrichten.de\/index.php?rest_route=%2Fwp%2Fv2%2Ftags&post=5495"}],"curies":[{"name":"wp","href":"https:\/\/api.w.org\/{rel}","templated":true}]}}