{"id":54901,"date":"2010-03-22T03:53:25","date_gmt":"2010-03-22T02:53:25","guid":{"rendered":"http:\/\/www.schoene-nachrichten.de\/?p=54901"},"modified":"2010-03-22T07:59:07","modified_gmt":"2010-03-22T06:59:07","slug":"gemeinsame-adoptionsvermittlungsstelle-stellt-neue-broschuere-vor","status":"publish","type":"post","link":"https:\/\/www.fuldaernachrichten.de\/?p=54901","title":{"rendered":"Gemeinsame Adoptionsvermittlungsstelle stellt neue Brosch\u00fcre vor"},"content":{"rendered":"<p><strong><a href=\"http:\/\/www.schoene-nachrichten.de\/wp-content\/uploads\/2010\/03\/100319_Adoption.jpg\"><img decoding=\"async\" class=\"alignleft size-thumbnail wp-image-54902\" title=\"100319_Adoption\" src=\"http:\/\/www.schoene-nachrichten.de\/wp-content\/uploads\/2010\/03\/100319_Adoption.jpg\" alt=\"100319_Adoption\" width=\"560\" srcset=\"https:\/\/www.fuldaernachrichten.de\/wp-content\/uploads\/2010\/03\/100319_Adoption.jpg 592w, https:\/\/www.fuldaernachrichten.de\/wp-content\/uploads\/2010\/03\/100319_Adoption-265x185.jpg 265w\" sizes=\"(max-width: 592px) 100vw, 592px\" \/><\/a>H\u00fcnfeld.<\/strong> \u201eAdoption im In- und Ausland\u201c lautet der Titel einer neuen Brosch\u00fcre, die von der gemeinsamen Adoptionsvermittlungsstelle der Landkreise Fulda und Hersfeld-Rotenburg sowie der Stadt Fulda herausgegeben worden ist. Deren Mitarbeiterinnen Ines George und Irmgard Plappert stellten die Publikation den Jugenddezernenten Dr. Heiko Wingenfeld (Landkreis Fulda) und Dr. Wolfgang Dippel (Stadt Fulda) sowie Jugendamtsleiter Klaus-Dieter Raub (Kreis Hersfeld-Rotenburg) vor und zogen zugleich eine positive Bilanz ihrer Arbeit im vergangenen Jahr.<!--more--><\/p>\n<p>Neben der komplett \u00fcberarbeiteten und neu aufgelegten Brosch\u00fcre f\u00fcr Adoptionsinteressierte und Adoptivfamilien wurde 2009 erstmals ein Veranstaltungskalender zum Thema Adoption erstellt. Angebote rund um das Thema Adoption sind darin geb\u00fcndelt. Sowohl Paare, die sich f\u00fcr die Adoption eines Kindes interessieren, als auch Adoptivfamilien und Menschen, die nach ihrer Herkunft suchen, finden in dem Faltblatt aktuelle Informationen, Kontakte, Beratung und interessante Veranstaltungen.<\/p>\n<p>Au\u00dferdem konnten das Seminarangebot erweitert und zwei Gespr\u00e4chskreise gegr\u00fcndet werden: einer mit dem Schwerpunkt Auslandsadoption und der andere f\u00fcr erwachsene Adoptierte auf Herkunftssuche. \u201eDenn wir haben festgestellt, dass es neben dem Bedarf an fachlicher Information auch den starken Wunsch nach Erfahrungsaustausch zwischen den Adoptivfamilien gibt\u201c, erl\u00e4uterte Sozialp\u00e4dagogin Ines George.<\/p>\n<p><strong>Statistik<\/strong><\/p>\n<p>Insgesamt 123 Menschen haben sich 2009 an die gemeinsame Adoptionsvermittlungsstelle gewendet, die ihren Sitz in der Au\u00dfenstelle H\u00fcnfeld des Landratsamtes Fulda hat. Darunter waren 60 neue Anfragen. Die Zahl der angenommenen Stiefkinder ist mit 13 im Vergleich zum Vorjahr nahezu konstant geblieben, w\u00e4hrend die der Inlands- als auch die der Auslandsadoptionsverfahren gestiegen ist. Drei Kindern aus Deutschland verhalf die Adoptionsvermittlungsstelle zu einem Leben im Familienverbund und f\u00fcnf Adoptionen aus dem Ausland begleitete sie.<\/p>\n<p>Auch die Anzahl der Paare, die sich um die Adoption eines Kindes bewarben, hat mit 36 leicht zugenommen. Au\u00dferdem wurden Eltern beraten, die ihr Kind zur Adoption freigaben, und Menschen bei ihrer Herkunftssuche unterst\u00fctzt. F\u00fcr ihren Einsatz \u2013 insbesondere die forcierte \u00d6ffentlichkeitsarbeit, welche die Bekanntheit der Adoptionsstelle erh\u00f6ht habe, und den Aufbau eines professionellen Netzwerks \u2013 ernteten Ines George und Irmgard Plappert viel Lob von den Vertretern der beiden Landkreise und der Stadt Fulda.<\/p>\n<p>Als die gemeinsame Adoptionsvermittlungsstelle vor zweieinhalb Jahren ins Leben gerufen wurde, \u00fcbernahm sie eine Vorreiterrolle im Bereich der interkommunalen Zusammenarbeit. \u201eNun zeigt sich, dass es sich um ein wegweisendes Modell handelt, welches Effizienz, hervorragende inhaltliche Arbeit und kompetente Beratung trotz begrenzter Ressourcen sicherstellt\u201c, betonte Erster Kreisbeigeordneter Dr. Wingenfeld, B\u00fcrgermeister Dr. Dippel und Jugendamtsleiter Raub.<\/p>\n<p>Wer sich f\u00fcr die Info-Brosch\u00fcre oder den Veranstaltungskalender 2010 interessiert, kann beides unter der Telefonnummer 06652\/ 181-60 bzw. -67 oder per Mail unter <a href=\"mailto:adoption@landkreis-fulda.de\">adoption@landkreis-fulda.de<\/a> bestellen.<\/p>\n","protected":false},"excerpt":{"rendered":"<div class=\"tmnf_excerpt\"><p>H\u00fcnfeld. \u201eAdoption im In- und Ausland\u201c lautet der Titel einer neuen Brosch\u00fcre, die von der gemeinsamen Adoptionsvermittlungsstelle der Landkreise Fulda und Hersfeld-Rotenburg sowie der Stadt Fulda herausgegeben worden ist. Deren Mitarbeiterinnen Ines George und Irmgard Plappert stellten die Publikation den Jugenddezernenten Dr. Heiko Wingenfeld (Landkreis Fulda) und Dr. Wolfgang Dippel (Stadt Fulda) sowie Jugendamtsleiter Klaus-Dieter &hellip;<\/p>\n<\/div>","protected":false},"author":1,"featured_media":0,"comment_status":"closed","ping_status":"closed","sticky":false,"template":"","format":"standard","meta":{"footnotes":""},"categories":[1,72,78],"tags":[],"class_list":["post-54901","post","type-post","status-publish","format-standard","hentry","category-startseite","category-jugend","category-topthema"],"_links":{"self":[{"href":"https:\/\/www.fuldaernachrichten.de\/index.php?rest_route=\/wp\/v2\/posts\/54901","targetHints":{"allow":["GET"]}}],"collection":[{"href":"https:\/\/www.fuldaernachrichten.de\/index.php?rest_route=\/wp\/v2\/posts"}],"about":[{"href":"https:\/\/www.fuldaernachrichten.de\/index.php?rest_route=\/wp\/v2\/types\/post"}],"author":[{"embeddable":true,"href":"https:\/\/www.fuldaernachrichten.de\/index.php?rest_route=\/wp\/v2\/users\/1"}],"replies":[{"embeddable":true,"href":"https:\/\/www.fuldaernachrichten.de\/index.php?rest_route=%2Fwp%2Fv2%2Fcomments&post=54901"}],"version-history":[{"count":3,"href":"https:\/\/www.fuldaernachrichten.de\/index.php?rest_route=\/wp\/v2\/posts\/54901\/revisions"}],"predecessor-version":[{"id":55047,"href":"https:\/\/www.fuldaernachrichten.de\/index.php?rest_route=\/wp\/v2\/posts\/54901\/revisions\/55047"}],"wp:attachment":[{"href":"https:\/\/www.fuldaernachrichten.de\/index.php?rest_route=%2Fwp%2Fv2%2Fmedia&parent=54901"}],"wp:term":[{"taxonomy":"category","embeddable":true,"href":"https:\/\/www.fuldaernachrichten.de\/index.php?rest_route=%2Fwp%2Fv2%2Fcategories&post=54901"},{"taxonomy":"post_tag","embeddable":true,"href":"https:\/\/www.fuldaernachrichten.de\/index.php?rest_route=%2Fwp%2Fv2%2Ftags&post=54901"}],"curies":[{"name":"wp","href":"https:\/\/api.w.org\/{rel}","templated":true}]}}