{"id":54857,"date":"2010-03-19T03:56:36","date_gmt":"2010-03-19T02:56:36","guid":{"rendered":"http:\/\/www.schoene-nachrichten.de\/?p=54857"},"modified":"2010-03-19T09:09:58","modified_gmt":"2010-03-19T08:09:58","slug":"bbz-und-mediana-kooperieren-bei-umschulungen-in-der-altenpflege","status":"publish","type":"post","link":"https:\/\/www.fuldaernachrichten.de\/?p=54857","title":{"rendered":"BBZ und Mediana kooperieren bei Umschulungen in der Altenpflege"},"content":{"rendered":"<p><strong><a href=\"http:\/\/www.schoene-nachrichten.de\/wp-content\/uploads\/2010\/03\/100318_Altenpflegeschule.jpg\"><img decoding=\"async\" class=\"alignleft size-thumbnail wp-image-54858\" title=\"100318_Altenpflegeschule\" src=\"http:\/\/www.schoene-nachrichten.de\/wp-content\/uploads\/2010\/03\/100318_Altenpflegeschule.jpg\" alt=\"100318_Altenpflegeschule\" width=\"560\" srcset=\"https:\/\/www.fuldaernachrichten.de\/wp-content\/uploads\/2010\/03\/100318_Altenpflegeschule.jpg 592w, https:\/\/www.fuldaernachrichten.de\/wp-content\/uploads\/2010\/03\/100318_Altenpflegeschule-265x182.jpg 265w\" sizes=\"(max-width: 592px) 100vw, 592px\" \/><\/a><\/strong><\/p>\n<p><strong>Fulda. <\/strong>Zuwachs f\u00fcr die osthessische Altenpflege-Landschaft: Das Educationcenter BBZ hat in Fulda in Kooperation mit der Unternehmensgruppe Mediana eine Altenpflegeschule gegr\u00fcndet. Wie Bereichsleiter Harald Merzendorfer erkl\u00e4rt, werden im ersten Durchgang 10 Umschulungspl\u00e4tze zum staatlich gepr\u00fcften Altenpfleger\u00c2\u00a0 bzw. zur staatlich gepr\u00fcften Altenpflegerin zur Verf\u00fcgung gestellt. \u201eDabei handelt es sich um eine 36-monatige, gr\u00fcndliche Vollausbildung\u201c, unterstreichen Merzendorfer und Karlheinz Bast, der Leiter der Altenpflegeschule. Beide heben in diesem Zusammenhang die gute Zusammenarbeit mit der Agentur\u00c2\u00a0 f\u00fcr Arbeit Fulda hervor, die einen Teil der Umsch\u00fcler\/-innen mit einem Bildungsgutschein f\u00f6rdert.<!--more--><\/p>\n<p>\u201eUns als heimischen Dienstleister f\u00fcr berufliche Bildung ist es wichtig, hier in Osthessen neue Ausbildungspl\u00e4tze f\u00fcr diese Zukunftssparte vorzuhalten\u201c, betont Merzendorfer. Derzeit besuchen sieben Frauen und drei M\u00e4nner diese staatlich anerkannte Schule, \u201ederen Kapazit\u00e4t weiter ausgebaut werden soll\u201c, wie Merzendorfer und Bast ank\u00fcndigen. Sie weisen auf eine weitere intensive Kooperation hin: Dieser neue Zweig des Educationcenter BBZ sei nicht am Standort in der Goerdelerstra\u00dfe angesiedelt, sondern in einer profilierten Altenpflegeeinrichtung \u2013 dem Pflegestift Mediana: \u201eWir haben dort von der Mediana Akademie R\u00e4ume angemietet und wissen die Praxisn\u00e4he bereits w\u00e4hrend der theoretischen Ausbildungseinheiten sehr zu sch\u00e4tzen\u201c.<\/p>\n<p>So k\u00f6nne im Unterricht beispielsweise eine Hausgemeinschaft des Pflegestiftes besucht oder eine diabeteskranke Bewohnerin betreut werden, indem ihr z.B. der Blutzuckerwert kontrolliert und das Ergebnis entsprechend dokumentiert wird. \u201eGerade die Verzahnung von Theorie und Praxis hilft den erwachsenen Auszubildenden sich wieder an eine typische Unterrichtssituation zu gew\u00f6hnen\u201c, erl\u00e4utert Merzendorfer.<\/p>\n<p>Auch die Leiter von Mediana Akademie und Pflegestift, Michael Bernhard und Jens Czapek, bejahen das Konzept: \u201eDurch diese Kooperation wirken wir dem Fachkr\u00e4ftemangel in der Altenpflege regionsbezogen entgegen\u201c, betonen beide. Wenn davon auch die Unternehmensgruppe Mediana\/Sediana profitiere, die Fachleute brauche, dann sei dagegen selbstverst\u00e4ndlich nichts einzuwenden, so Czapek und Bernhard.<\/p>\n<p>Laut Bast hat die Altenpflegeschule des Educationcenter BBZ neben fest angestellten Lehrkr\u00e4ften auch Dozenten f\u00fcr verschiedene Fachbereiche \u2013 zum Teil von Mediana. Das Gros ihrer praktischen Ausbildung absolvieren die zehn Azubis in station\u00e4ren Senioreneinrichtungen in Stadt und Landkreis Fulda. \u201eDabei suchen wir nach wohnortnahen M\u00f6glichkeiten\u201c, erkl\u00e4ren Bast und Merzendorfer. Vier dieser Auszubildenden werden im Pflegestift auch in der Praxis unterwiesen, eine Auszubildende ist dazu im H\u00fcnfelder Seniana.<\/p>\n","protected":false},"excerpt":{"rendered":"<div class=\"tmnf_excerpt\"><p>Fulda. Zuwachs f\u00fcr die osthessische Altenpflege-Landschaft: Das Educationcenter BBZ hat in Fulda in Kooperation mit der Unternehmensgruppe Mediana eine Altenpflegeschule gegr\u00fcndet. Wie Bereichsleiter Harald Merzendorfer erkl\u00e4rt, werden im ersten Durchgang 10 Umschulungspl\u00e4tze zum staatlich gepr\u00fcften Altenpfleger\u00c2\u00a0 bzw. zur staatlich gepr\u00fcften Altenpflegerin zur Verf\u00fcgung gestellt. \u201eDabei handelt es sich um eine 36-monatige, gr\u00fcndliche Vollausbildung\u201c, unterstreichen Merzendorfer &hellip;<\/p>\n<\/div>","protected":false},"author":1,"featured_media":0,"comment_status":"closed","ping_status":"closed","sticky":false,"template":"","format":"standard","meta":{"footnotes":""},"categories":[1,78],"tags":[],"class_list":["post-54857","post","type-post","status-publish","format-standard","hentry","category-startseite","category-topthema"],"_links":{"self":[{"href":"https:\/\/www.fuldaernachrichten.de\/index.php?rest_route=\/wp\/v2\/posts\/54857","targetHints":{"allow":["GET"]}}],"collection":[{"href":"https:\/\/www.fuldaernachrichten.de\/index.php?rest_route=\/wp\/v2\/posts"}],"about":[{"href":"https:\/\/www.fuldaernachrichten.de\/index.php?rest_route=\/wp\/v2\/types\/post"}],"author":[{"embeddable":true,"href":"https:\/\/www.fuldaernachrichten.de\/index.php?rest_route=\/wp\/v2\/users\/1"}],"replies":[{"embeddable":true,"href":"https:\/\/www.fuldaernachrichten.de\/index.php?rest_route=%2Fwp%2Fv2%2Fcomments&post=54857"}],"version-history":[{"count":3,"href":"https:\/\/www.fuldaernachrichten.de\/index.php?rest_route=\/wp\/v2\/posts\/54857\/revisions"}],"predecessor-version":[{"id":54896,"href":"https:\/\/www.fuldaernachrichten.de\/index.php?rest_route=\/wp\/v2\/posts\/54857\/revisions\/54896"}],"wp:attachment":[{"href":"https:\/\/www.fuldaernachrichten.de\/index.php?rest_route=%2Fwp%2Fv2%2Fmedia&parent=54857"}],"wp:term":[{"taxonomy":"category","embeddable":true,"href":"https:\/\/www.fuldaernachrichten.de\/index.php?rest_route=%2Fwp%2Fv2%2Fcategories&post=54857"},{"taxonomy":"post_tag","embeddable":true,"href":"https:\/\/www.fuldaernachrichten.de\/index.php?rest_route=%2Fwp%2Fv2%2Ftags&post=54857"}],"curies":[{"name":"wp","href":"https:\/\/api.w.org\/{rel}","templated":true}]}}