{"id":5483,"date":"2007-09-26T00:48:30","date_gmt":"2007-09-25T22:48:30","guid":{"rendered":"http:\/\/www.schoene-nachrichten.de\/?p=5483"},"modified":"2007-09-26T00:48:35","modified_gmt":"2007-09-25T22:48:35","slug":"energie-kreis-osthessen-laedt-zu-informationsabend-ein","status":"publish","type":"post","link":"https:\/\/www.fuldaernachrichten.de\/?p=5483","title":{"rendered":"Energie-Kreis Osthessen l\u00e4dt zu Informationsabend ein"},"content":{"rendered":"<p><strong>Termin.<\/strong> Einen Informationsabend f\u00fcr Bauherren und Modernisierer\u00c2\u00a0veranstaltet der\u00c2\u00a0Energie-Kreis Osthessen am Montag, 1. Oktober 2007, im Gemeindezentrum K\u00fcnzell. F\u00fcr Besucher gibt es ein breites Informations- und Beratungsangebot zum Thema \u201eSparen und die Umwelt schonen: Tipps zur Heizungsmodernisierung\u201c.<!--more--><\/p>\n<p>Moderne Heizungstechnik kann einen wichtigen Beitrag zum Klimaschutz leisten. Denn: Rund 90 Prozent der Energie in Privathaushalten wird f\u00fcr Raumw\u00e4rme und Warmwasserbereitung verbraucht (Quelle: AG Energiebilanzen). Am Informationsabend des Energie-Kreises Osthessen erhalten Hausbesitzer aus der Region kompetente Beratung, wie sie mit dem richtigen Heizsystem Energie sowie Kosten sparen und gleichzeitig die Umwelt schonen k\u00f6nnen.<\/p>\n<p>Ab 18:00 Uhr pr\u00e4sentieren zahlreiche renommierte Firmen im Gemeindezentrum K\u00fcnzell Technik zum Anfassen. Die Experten der ausstellenden Unternehmen und des Energie-Kreises Osthessen stehen f\u00fcr pers\u00f6nliche Beratungsgespr\u00e4che zur Verf\u00fcgung. Dar\u00fcber hinaus gibt es am Abend drei praxisorientierte Fachvortr\u00e4ge: Der Architekt Dipl.-Ing M. Eng. Thomas Weber berichtet \u00fcber energetische Geb\u00e4udesanierung und erl\u00e4utert F\u00f6rderm\u00f6glichkeiten durch die Programme der Kreditanstalt f\u00fcr Wiederaufbau.<\/p>\n<p>Peter Kiesewalter von Siemens\/Novelan spricht anschlie\u00dfend \u00fcber die Heizungsmodernisierung mit der W\u00e4rmepumpe. Sven Petersen von der Uponor Installationstechnik GmbH geht in seinem Vortrag auf den Energieausweis ein und erkl\u00e4rt, wie sich eine effiziente Fu\u00dfbodenheizung im Geb\u00e4udebestand nachr\u00fcsten l\u00e4sst. Die Moderation des Vortragsabends \u00fcbernimmt der Leiter des Bereichs Energiewirtschaft der \u00dcWAG, Dipl.-Ing. Bernhard Herber.<\/p>\n<p>Weitere Informationen erhalten Sie unter <a target=\"_blank\" href=\"http:\/\/www.energiekreis-osthessen.de\/\">http:\/\/www.energiekreis-osthessen.de\/<\/a>.\u00c2\u00a0 Der Eintritt zum Informationsabend ist frei.<\/p>\n","protected":false},"excerpt":{"rendered":"<div class=\"tmnf_excerpt\"><p>Termin. Einen Informationsabend f\u00fcr Bauherren und Modernisierer\u00c2\u00a0veranstaltet der\u00c2\u00a0Energie-Kreis Osthessen am Montag, 1. Oktober 2007, im Gemeindezentrum K\u00fcnzell. F\u00fcr Besucher gibt es ein breites Informations- und Beratungsangebot zum Thema \u201eSparen und die Umwelt schonen: Tipps zur Heizungsmodernisierung\u201c.<\/p>\n<\/div>","protected":false},"author":1,"featured_media":0,"comment_status":"closed","ping_status":"closed","sticky":false,"template":"","format":"standard","meta":{"footnotes":""},"categories":[1,52],"tags":[],"class_list":["post-5483","post","type-post","status-publish","format-standard","hentry","category-startseite","category-umwelt"],"_links":{"self":[{"href":"https:\/\/www.fuldaernachrichten.de\/index.php?rest_route=\/wp\/v2\/posts\/5483","targetHints":{"allow":["GET"]}}],"collection":[{"href":"https:\/\/www.fuldaernachrichten.de\/index.php?rest_route=\/wp\/v2\/posts"}],"about":[{"href":"https:\/\/www.fuldaernachrichten.de\/index.php?rest_route=\/wp\/v2\/types\/post"}],"author":[{"embeddable":true,"href":"https:\/\/www.fuldaernachrichten.de\/index.php?rest_route=\/wp\/v2\/users\/1"}],"replies":[{"embeddable":true,"href":"https:\/\/www.fuldaernachrichten.de\/index.php?rest_route=%2Fwp%2Fv2%2Fcomments&post=5483"}],"version-history":[{"count":0,"href":"https:\/\/www.fuldaernachrichten.de\/index.php?rest_route=\/wp\/v2\/posts\/5483\/revisions"}],"wp:attachment":[{"href":"https:\/\/www.fuldaernachrichten.de\/index.php?rest_route=%2Fwp%2Fv2%2Fmedia&parent=5483"}],"wp:term":[{"taxonomy":"category","embeddable":true,"href":"https:\/\/www.fuldaernachrichten.de\/index.php?rest_route=%2Fwp%2Fv2%2Fcategories&post=5483"},{"taxonomy":"post_tag","embeddable":true,"href":"https:\/\/www.fuldaernachrichten.de\/index.php?rest_route=%2Fwp%2Fv2%2Ftags&post=5483"}],"curies":[{"name":"wp","href":"https:\/\/api.w.org\/{rel}","templated":true}]}}