{"id":54721,"date":"2010-03-22T03:56:41","date_gmt":"2010-03-22T02:56:41","guid":{"rendered":"http:\/\/www.schoene-nachrichten.de\/?p=54721"},"modified":"2010-03-22T07:56:55","modified_gmt":"2010-03-22T06:56:55","slug":"jahreshauptversammlung-der-freiwilligen-feuerwehr-edelzell-starke-jugendfeuerwehr","status":"publish","type":"post","link":"https:\/\/www.fuldaernachrichten.de\/?p=54721","title":{"rendered":"Jahreshauptversammlung der Freiwilligen Feuerwehr Edelzell:  Starke Jugendfeuerwehr"},"content":{"rendered":"<p><strong>Fulda.<\/strong><strong> <\/strong>Der R\u00fcckblick auf das Jahr 2009 und die Ehrung langj\u00e4hriger Mitglieder standen im Mittelpunkt der Jahreshauptversammlung der Freiwilligen Feuerwehr Edelzell. Der 1. Vorsitzende Werner Draeger begr\u00fc\u00dfte neben den Mitgliedern auch den SPD-Stadtverordneten Dr. Peter Haller, den CDU-Stadtverordneten Stefan Lauer, den Feuerwehrarzt Erik Erlenkampf, den Vertreter der Stadtjugendfeuerwehr Kai Lengsfeld und Ottmar Alt vom Ortsbeirat. Alle G\u00e4ste fanden lobende Worte f\u00fcr den Einsatz der Feuerwehrm\u00e4nner und -frauen sowie f\u00fcr die Jugendfeuerwehr der FF Edelzell.<!--more--><\/p>\n<p><strong>Vielf\u00e4ltiges Engagement<\/strong><\/p>\n<p>Zu Beginn gab Werner Draeger einen \u00dcberblick \u00fcber den Verein, der aus insgesamt 147 Mitgliedern besteht. Wehrf\u00fchrer Ingo Alt, der die Jahreshauptversammlung der Einsatzabteilung leitete, berichtete danach \u00fcber zahlreiche theoretische und praktische \u00dcbungen sowie \u00fcber die Feuerwehrlehrg\u00e4nge, die im Jahr 2009 von den Mitgliedern der Einsatzabteilung abgehalten wurden. Insgesamt sind somit \u00fcber 1400 Stunden abgeleistet worden.<\/p>\n<p>Die Kameraden der Einsatzabteilung wurden sieben Mal zu Brand- und technischen Hilfeleistungseins\u00e4tzen sowie f\u00fcr Brandsicherheitswachdienste gerufen. In diesem Zusammenhang bedankte sich auch Feuerwehrarzt Erik Erlenkamp f\u00fcr die gute Zusammenarbeit mit der Feuerwehr Edelzell und seinen F\u00fchrungskr\u00e4ften. Jugendwart Ulrich Braun hob hervor, dass die elf Mitglieder der Jugendfeuerwehr viele Stunden ihrer Freizeit in \u00dcbungen, Ausbildung und Jugendarbeit investiert haben. Lobende Worte fand auch Kai Lengsfeld f\u00fcr das Engagement und die starke Mitgliederzahl der Jugendfeuerwehr.<\/p>\n<p><strong>Bef\u00f6rderungen und Ehrungen<\/strong><\/p>\n<p>Anschlie\u00dfend wurden Stefanie Vogel und Jakob Faulstroh zur Feuerwehrfrau bzw. zum Feuerwehrmann sowie Ingo Alt zum Brandmeister bef\u00f6rdert. Im Rahmen der anschlie\u00dfenden Ehrungen wurde der ehemalige B\u00fcrgermeister von Edelzell, Werner Schneider, f\u00fcr 60 Jahre Vereinzugeh\u00f6rigkeit gew\u00fcrdigt. Paul Meingast wurde ebenfalls f\u00fcr 60 Jahre, Erich Kohl und Rudolf Vogel f\u00fcr 50 Jahre Vereinszugeh\u00f6rigkeit geehrt. Au\u00dferdem konnte Rudolf Vogel in den Ehrenmitgliederstand aufgenommen werden. (cp)<\/p>\n<p><strong>Vorstand:<\/strong><\/p>\n<ul>\n<li>Wehrf\u00fchrer:   Ingo Alt<\/li>\n<li>Stell. Wehrf\u00fchrer:  J\u00f6rg Hirsch<\/li>\n<li>Jugendwart:   Ulrich Braun<\/li>\n<li>Stell. Jugendwart:  J\u00f6rg Hirsch<\/li>\n<li>1. Vorsitzender:  Werner Draeger<\/li>\n<li>2. Vorsitzender:  Andreas Vogel<\/li>\n<li>Schriftf\u00fchrer:  Michael M\u00fcller<\/li>\n<li>Kassierer:   Harald Schultheis<\/li>\n<\/ul>\n","protected":false},"excerpt":{"rendered":"<div class=\"tmnf_excerpt\"><p>Fulda. Der R\u00fcckblick auf das Jahr 2009 und die Ehrung langj\u00e4hriger Mitglieder standen im Mittelpunkt der Jahreshauptversammlung der Freiwilligen Feuerwehr Edelzell. Der 1. Vorsitzende Werner Draeger begr\u00fc\u00dfte neben den Mitgliedern auch den SPD-Stadtverordneten Dr. Peter Haller, den CDU-Stadtverordneten Stefan Lauer, den Feuerwehrarzt Erik Erlenkampf, den Vertreter der Stadtjugendfeuerwehr Kai Lengsfeld und Ottmar Alt vom Ortsbeirat. &hellip;<\/p>\n<\/div>","protected":false},"author":1,"featured_media":0,"comment_status":"closed","ping_status":"closed","sticky":false,"template":"","format":"standard","meta":{"footnotes":""},"categories":[1,71],"tags":[],"class_list":["post-54721","post","type-post","status-publish","format-standard","hentry","category-startseite","category-feuerwehr"],"_links":{"self":[{"href":"https:\/\/www.fuldaernachrichten.de\/index.php?rest_route=\/wp\/v2\/posts\/54721","targetHints":{"allow":["GET"]}}],"collection":[{"href":"https:\/\/www.fuldaernachrichten.de\/index.php?rest_route=\/wp\/v2\/posts"}],"about":[{"href":"https:\/\/www.fuldaernachrichten.de\/index.php?rest_route=\/wp\/v2\/types\/post"}],"author":[{"embeddable":true,"href":"https:\/\/www.fuldaernachrichten.de\/index.php?rest_route=\/wp\/v2\/users\/1"}],"replies":[{"embeddable":true,"href":"https:\/\/www.fuldaernachrichten.de\/index.php?rest_route=%2Fwp%2Fv2%2Fcomments&post=54721"}],"version-history":[{"count":2,"href":"https:\/\/www.fuldaernachrichten.de\/index.php?rest_route=\/wp\/v2\/posts\/54721\/revisions"}],"predecessor-version":[{"id":55045,"href":"https:\/\/www.fuldaernachrichten.de\/index.php?rest_route=\/wp\/v2\/posts\/54721\/revisions\/55045"}],"wp:attachment":[{"href":"https:\/\/www.fuldaernachrichten.de\/index.php?rest_route=%2Fwp%2Fv2%2Fmedia&parent=54721"}],"wp:term":[{"taxonomy":"category","embeddable":true,"href":"https:\/\/www.fuldaernachrichten.de\/index.php?rest_route=%2Fwp%2Fv2%2Fcategories&post=54721"},{"taxonomy":"post_tag","embeddable":true,"href":"https:\/\/www.fuldaernachrichten.de\/index.php?rest_route=%2Fwp%2Fv2%2Ftags&post=54721"}],"curies":[{"name":"wp","href":"https:\/\/api.w.org\/{rel}","templated":true}]}}