{"id":54710,"date":"2010-03-18T03:31:06","date_gmt":"2010-03-18T02:31:06","guid":{"rendered":"http:\/\/www.schoene-nachrichten.de\/?p=54710"},"modified":"2010-03-17T15:31:34","modified_gmt":"2010-03-17T14:31:34","slug":"jahreshauptversammlung-der-freiwilligen-feuerwehr-fulda-haimbachrodges-jugendliche-ausgezeichnet","status":"publish","type":"post","link":"https:\/\/www.fuldaernachrichten.de\/?p=54710","title":{"rendered":"Jahreshauptversammlung der Freiwilligen Feuerwehr Fulda \u2013Haimbach\/Rodges &#8211; Jugendliche ausgezeichnet"},"content":{"rendered":"<p><strong><a href=\"http:\/\/www.schoene-nachrichten.de\/wp-content\/uploads\/2010\/03\/100317_Ehrung.jpg\"><img decoding=\"async\" class=\"alignleft size-thumbnail wp-image-54711\" title=\"100317_Ehrung\" src=\"http:\/\/www.schoene-nachrichten.de\/wp-content\/uploads\/2010\/03\/100317_Ehrung-265x139.jpg\" alt=\"100317_Ehrung\" width=\"265\" height=\"139\" srcset=\"https:\/\/www.fuldaernachrichten.de\/wp-content\/uploads\/2010\/03\/100317_Ehrung-265x139.jpg 265w, https:\/\/www.fuldaernachrichten.de\/wp-content\/uploads\/2010\/03\/100317_Ehrung.jpg 592w\" sizes=\"(max-width: 265px) 100vw, 265px\" \/><\/a>Fulda. <\/strong>Zusammen mit Jugendwart Matthias Wiegand konnte Wehrf\u00fchrer und Vorsitzender Stephan Raab an der Jahreshaupt-versammlung der Freiwilligen Feuerwehr Fulda-Haimbach\/Rodges f\u00fcr alle Abteilungen, ganz besonders f\u00fcr die Jugend, erneut eine positive Bilanz ziehen. Mit der h\u00f6chsten Auszeichnung in der deutschen Jugendfeuerwehr, der Leistungsspange, wurden f\u00fcnf Jugendliche belohnt. Die Jugendwehr hat in den letzten f\u00fcnf Jahren dreimal an diesem Wettbewerb erfolgreich teilgenommen. Zur Versammlung erschienen auch der Fachgebietsleiter Bernd Gottschalk, Ortsvorsteher Manfred Belle, die Stadtverordnetenvorsteherin Margarete Hartmann, der CDU-Stadtverordnete Michael Ruppel und der SPD-Stadtverordnete Bernhard Lindner.<!--more--><\/p>\n<p><strong>Schulungen und Ehrungen<\/strong><\/p>\n<p>Der Verein z\u00e4hlt 76 Vereinsmitglieder, von denen 36 Kameraden und Kameradinnen in der Einsatzabteilung aktiv und 21 Atemschutztr\u00e4ger sind. Unter der F\u00fchrung von Jugendwart Matthias Wiegand geh\u00f6ren 15 Jugendliche der Jugendfeuerwehr an. Willi Engel wurde im vergangenen Jahr aus der Einsatzabteilung verabschiedet und ist nun das 13. Mitglied der Alters- und Ehrenabteilung. Au\u00dferdem hat die Wehr 23 passive und f\u00f6rdernde Mitglieder.<\/p>\n<p>Insgesamt wurden im Jahresverlauf 37 Schulungen und Sonderausbildungen durchgef\u00fchrt. Hier sind besonders f\u00fcnf erfolgreiche Ausbildungen der Jugendlichen zum Truppmann zu erw\u00e4hnen. Sabine Halter und\u00c2\u00a0 Richard Fischer wurden zur Hauptfeuerwehrfrau bzw. -mann bef\u00f6rdert und Bernhard Kropp wurde f\u00fcr 40 Jahre aktiven Dienst in der Feuerwehr mit dem Brandschutzehrenzeichen in Gold geehrt.<\/p>\n<p><strong>Sechs Alarmierungen<\/strong><\/p>\n<p>Der Wehrf\u00fchrer berichtete von sechs Alarmierungen der Freiwilligen Feuerwehr im letzten Jahr. Hier reichte das Spektrum von Brandeins\u00e4tzen an einer Lokomotive im Tunnel, dem Gro\u00dfbrand im St. Hedwig-Stift in Horas, \u00fcber Wasserrohrbruch in einem Keller, Abpumpen von Wasser aus einem R\u00fcckhaltebecken bis hin zu einer<\/p>\n<p>\u00dcbung mit dem Rettungszug. Besonders bei der \u00fcber 15-st\u00fcndigen \u00dcbung im \u201eKehrenbergtunnel\u201c bei Melsungen wurde die au\u00dferordentliche Belastung sp\u00fcrbar, die jeder Feuerwehrmann bei einem solchen Szenario ausgesetzt ist. Ebenfalls wurden auch wieder zahlreiche Brandsicherheitswachen im Stadtsaal und im Schlosstheater geleistet.<\/p>\n<p><strong>Besonderer Dank<\/strong><\/p>\n<p>Insgesamt sei das letzte Jahr laut Aussage des Wehrf\u00fchrers bez\u00fcglich der Alarmeins\u00e4tze etwas ruhiger verlaufen. So manche theoretische \u00dcbungsstunde sei zu Gunsten eines praktischen Arbeitseinsatzes am Feuerwehrhaus gewichen. W\u00e4hrend er allen Mitgliedern f\u00fcr ihr Engagement und die vielen unentgeltlich abgeleisteten Arbeitsstunden dankte, w\u00fcrdigte der Wehrf\u00fchrer besonders den au\u00dfergew\u00f6hnlichen Einsatz von Berthold Mathes, Gerhard Bosold und Karlo Schneider aus der Alters- und Ehrenabteilung. (cp)<\/p>\n","protected":false},"excerpt":{"rendered":"<div class=\"tmnf_excerpt\"><p>Fulda. Zusammen mit Jugendwart Matthias Wiegand konnte Wehrf\u00fchrer und Vorsitzender Stephan Raab an der Jahreshaupt-versammlung der Freiwilligen Feuerwehr Fulda-Haimbach\/Rodges f\u00fcr alle Abteilungen, ganz besonders f\u00fcr die Jugend, erneut eine positive Bilanz ziehen. Mit der h\u00f6chsten Auszeichnung in der deutschen Jugendfeuerwehr, der Leistungsspange, wurden f\u00fcnf Jugendliche belohnt. Die Jugendwehr hat in den letzten f\u00fcnf Jahren dreimal &hellip;<\/p>\n<\/div>","protected":false},"author":1,"featured_media":0,"comment_status":"closed","ping_status":"closed","sticky":false,"template":"","format":"standard","meta":{"footnotes":""},"categories":[1,71,44],"tags":[],"class_list":["post-54710","post","type-post","status-publish","format-standard","hentry","category-startseite","category-feuerwehr","category-kultur"],"_links":{"self":[{"href":"https:\/\/www.fuldaernachrichten.de\/index.php?rest_route=\/wp\/v2\/posts\/54710","targetHints":{"allow":["GET"]}}],"collection":[{"href":"https:\/\/www.fuldaernachrichten.de\/index.php?rest_route=\/wp\/v2\/posts"}],"about":[{"href":"https:\/\/www.fuldaernachrichten.de\/index.php?rest_route=\/wp\/v2\/types\/post"}],"author":[{"embeddable":true,"href":"https:\/\/www.fuldaernachrichten.de\/index.php?rest_route=\/wp\/v2\/users\/1"}],"replies":[{"embeddable":true,"href":"https:\/\/www.fuldaernachrichten.de\/index.php?rest_route=%2Fwp%2Fv2%2Fcomments&post=54710"}],"version-history":[{"count":2,"href":"https:\/\/www.fuldaernachrichten.de\/index.php?rest_route=\/wp\/v2\/posts\/54710\/revisions"}],"predecessor-version":[{"id":54783,"href":"https:\/\/www.fuldaernachrichten.de\/index.php?rest_route=\/wp\/v2\/posts\/54710\/revisions\/54783"}],"wp:attachment":[{"href":"https:\/\/www.fuldaernachrichten.de\/index.php?rest_route=%2Fwp%2Fv2%2Fmedia&parent=54710"}],"wp:term":[{"taxonomy":"category","embeddable":true,"href":"https:\/\/www.fuldaernachrichten.de\/index.php?rest_route=%2Fwp%2Fv2%2Fcategories&post=54710"},{"taxonomy":"post_tag","embeddable":true,"href":"https:\/\/www.fuldaernachrichten.de\/index.php?rest_route=%2Fwp%2Fv2%2Ftags&post=54710"}],"curies":[{"name":"wp","href":"https:\/\/api.w.org\/{rel}","templated":true}]}}