{"id":54368,"date":"2010-03-15T04:30:16","date_gmt":"2010-03-15T03:30:16","guid":{"rendered":"http:\/\/www.schoene-nachrichten.de\/?p=54368"},"modified":"2010-03-15T11:08:53","modified_gmt":"2010-03-15T10:08:53","slug":"rallye-copilotin-katrin-becker-ist-back-to-business","status":"publish","type":"post","link":"https:\/\/www.fuldaernachrichten.de\/?p=54368","title":{"rendered":"Rallye-Copilotin Katrin Becker ist &#8220;back to business&#8221;"},"content":{"rendered":"<p><img decoding=\"async\" title=\"100315_katrinbecker_000\" src=\"http:\/\/www.schoene-nachrichten.de\/wp-content\/uploads\/2008\/Marco\/100315_katrinbecker_000.jpg\" alt=\"100315_katrinbecker_000\" width=\"560\" \/><\/p>\n<p>Eine erfreuliche Nachricht f\u00fcr alle Rallyefans: Nach einem Jahr Pause meldet sich Katrin Becker als Copilotin von Carsten Mohe zur\u00fcck. Zusammen werden sie mit ihrem Rallyeteam die Deutsche Rallyemeisterschaft mit einem Renault Clio R3 bestreiten. \u201eIch kenne Carsten schon sehr lange, freue mich auf diese neue Herausforderung und dass ich endlich wieder in einem schnellen Auto an den Start gehen kann.\u201c so Becker.<!--more--><\/p>\n<p>Bereits im Alter von vier Jahren begann Beckers Karriere im Motorsport. Durch ihren Vater, der Mitglied im Organisationsteam der ADAC Hessen Rallye Vogelsberg ist und heute in der Histo-Rallye-Wertung aktiv teilnimmt, lernte sie die schnellen, bunten Autos kennen, von denen sie sofort fasziniert war. Versuche ihrer Mutter, sie vom Motorsport abzubringen und zu einer Sportart wie Handball oder Schwimmen zu f\u00fchren, scheiterten. Somit stand eine steile Karriere im Motorsport bevor: Sie startete mit dem Tretcar-Slalom, fuhr Rennen mit den im AC Schlitz selbst gebauten Seifenkisten, verzeichnete Erfolge im Kart-Slalom und landete schlie\u00dflich im Rallyesport.<\/p>\n<p>Mit namhaften Rallyepiloten wie Olaf Dobberkau (Mitsubishi Lancer Evo) und Niki Schelle (Suzuki Ignis S1600) absolvierte die heute 29-j\u00e4hrige Projektleiterin s\u00e4mtliche DRM-L\u00e4ufe. Mit Jaan M\u00f6lder (22, Estland) bestritt Becker die Junior World Rally Championship (JWRC) im Suzuki Swift S1600 und wurde Sportlerin des Jahres im Sportkreis Vogelsberg. Zuletzt k\u00e4mpfte sie 2008 als Copilotin von Ellen Lohr (Subaru Impreza WRX STI) um den DRM-Titel und mit Wolfgang G\u00fcnther (ebenfalls Subaru Impreza WRX STI) um den Titel des Mitropa Rallye Cup.<\/p>\n<p>&#8220;Ein Jahr Pause war definitiv zu lange. Ich bin schon sehr auf meinen neuen Fahrer, das Auto und das komplette Team gespannt.&#8221; erkl\u00e4rt Becker. &#8220;Allerdings w\u00e4re das Programm ohne meinen Arbeitgeber, die W\u00fcstenrot Bausparkasse AG in Ludwigsburg, nicht zu realisieren gewesen. Ich bin sehr dankbar, dass ich meine freie Zeit so gestalten kann, dass ich wieder in das Rallyegeschehen eingreifen kann!&#8221;<\/p>\n<p>Etwas ganz Besonderes, worauf sich Katrin freut: Die ADAC Hessen Rallye Vogelsberg. Ihrer Meinung nach gibt es sicherlich keine Veranstaltung, die einem Motorsportler mehr Adrenalin ins Blut schie\u00dfen l\u00e4sst, als die Heimrallye &#8211; schon gar nicht, wenn Mutter und Bruder direkt an der Veranstaltung helfen, Vater den Schlusswagen f\u00e4hrt und Familie, Freunde, Schulkameraden sowie Bekannte aktiv als Helfer oder als Zuschauer an der Rallye teilnehmen.<\/p>\n<p>Um sich optimal auf den ersten Lauf zur DRM 2010 vorzubereiten, wird das Team Mohe\/Becker am Samstag, den 20. M\u00e4rz 2010 auf dem &#8220;Teltow Fl\u00e4ming Ring&#8221;, in der N\u00e4he von Zossen, das neue Rallyeauto testen. Dort stehen Reifenstests und die richtige Fahrwerksabstimmung im Vordergrund. Schon eine Woche sp\u00e4ter startet die Deutsche Rallyemeisterschaft 2010 mit der ADAC Wikinger Rallye rund um S\u00fcderbrarup.<\/p>\n<p><strong>Steckbrief Katrin Becker<\/strong><br \/>\nName: Katrin Becker<br \/>\nGeburtsdatum: 08. M\u00e4rz 1981<br \/>\nFamilienstand: ledig<br \/>\nBeruf: Projektleiterin Strategie &amp; Steuerung<br \/>\nWohnort: Schlitz &amp; Kornwestheim<br \/>\nHobbies: Fitness, Biken, Relaxen<\/p>\n<p><strong>DRM-Termine 2010<\/strong><br \/>\n26.03.-27.03. ADAC Wikinger Rallye | DRM | 24392 S\u00fcderbrarup | www.wikinger-rallye.de<br \/>\n16.04.\u201317.04. ADAC Hessen-Rallye Vogelsberg | DRM | 36110 Schlitz | www.rallye-vogelsberg.de<br \/>\n27.05.-29.05. AvD-Sachsen Rallye | DRM | 08056 Zwickau | www.avd-sachsen-rallye.de<br \/>\n16.07.-17.07. ADAC Eifel-Rallye | DRM | 54550 Daun | www.eifel-rallye.de<br \/>\n03.09.-04.09. ADAC Saarland Rallye | DRM | 66763 Dillingen | www.saarland-rallye.de<\/p>\n<p>Weitere Informationen zu Katrin Becker finden Sie auf ihrer Internetseite <a href=\"http:\/\/www.katrin-becker.de\" target=\"_blank\">www.katrin-becker.de<\/a>.<\/p>\n","protected":false},"excerpt":{"rendered":"<div class=\"tmnf_excerpt\"><p>Eine erfreuliche Nachricht f\u00fcr alle Rallyefans: Nach einem Jahr Pause meldet sich Katrin Becker als Copilotin von Carsten Mohe zur\u00fcck. Zusammen werden sie mit ihrem Rallyeteam die Deutsche Rallyemeisterschaft mit einem Renault Clio R3 bestreiten. \u201eIch kenne Carsten schon sehr lange, freue mich auf diese neue Herausforderung und dass ich endlich wieder in einem schnellen &hellip;<\/p>\n<\/div>","protected":false},"author":1,"featured_media":0,"comment_status":"closed","ping_status":"closed","sticky":false,"template":"","format":"standard","meta":{"footnotes":""},"categories":[1,46,78],"tags":[],"class_list":["post-54368","post","type-post","status-publish","format-standard","hentry","category-startseite","category-sport","category-topthema"],"_links":{"self":[{"href":"https:\/\/www.fuldaernachrichten.de\/index.php?rest_route=\/wp\/v2\/posts\/54368","targetHints":{"allow":["GET"]}}],"collection":[{"href":"https:\/\/www.fuldaernachrichten.de\/index.php?rest_route=\/wp\/v2\/posts"}],"about":[{"href":"https:\/\/www.fuldaernachrichten.de\/index.php?rest_route=\/wp\/v2\/types\/post"}],"author":[{"embeddable":true,"href":"https:\/\/www.fuldaernachrichten.de\/index.php?rest_route=\/wp\/v2\/users\/1"}],"replies":[{"embeddable":true,"href":"https:\/\/www.fuldaernachrichten.de\/index.php?rest_route=%2Fwp%2Fv2%2Fcomments&post=54368"}],"version-history":[{"count":7,"href":"https:\/\/www.fuldaernachrichten.de\/index.php?rest_route=\/wp\/v2\/posts\/54368\/revisions"}],"predecessor-version":[{"id":54378,"href":"https:\/\/www.fuldaernachrichten.de\/index.php?rest_route=\/wp\/v2\/posts\/54368\/revisions\/54378"}],"wp:attachment":[{"href":"https:\/\/www.fuldaernachrichten.de\/index.php?rest_route=%2Fwp%2Fv2%2Fmedia&parent=54368"}],"wp:term":[{"taxonomy":"category","embeddable":true,"href":"https:\/\/www.fuldaernachrichten.de\/index.php?rest_route=%2Fwp%2Fv2%2Fcategories&post=54368"},{"taxonomy":"post_tag","embeddable":true,"href":"https:\/\/www.fuldaernachrichten.de\/index.php?rest_route=%2Fwp%2Fv2%2Ftags&post=54368"}],"curies":[{"name":"wp","href":"https:\/\/api.w.org\/{rel}","templated":true}]}}