{"id":5417,"date":"2007-09-22T08:10:25","date_gmt":"2007-09-22T06:10:25","guid":{"rendered":"http:\/\/www.schoene-nachrichten.de\/?p=5417"},"modified":"2007-09-22T08:10:47","modified_gmt":"2007-09-22T06:10:47","slug":"neue-kjg-pfarreigruppe-in-huenhan-gegruendet","status":"publish","type":"post","link":"https:\/\/www.fuldaernachrichten.de\/?p=5417","title":{"rendered":"Neue KjG-Pfarreigruppe in H\u00fcnhan gegr\u00fcndet"},"content":{"rendered":"<p><strong><a rel=\"lightbox[roadtrip]\" target=\"_blank\" href=\"http:\/\/www.schoene-nachrichten.de\/wp-content\/uploads\/2007\/09\/070921_kjg.jpg\" title=\"070921_kjg.jpg\"><img decoding=\"async\" align=\"left\" src=\"http:\/\/www.schoene-nachrichten.de\/wp-content\/uploads\/2007\/09\/070921_kjg.thumbnail.jpg\" hspace=\"5\" alt=\"070921_kjg.jpg\" \/><\/a>Sch\u00f6nes aus H\u00fcnhan.<\/strong> Vergangenen Sonntag schloss sich die Ministrantengruppe aus H\u00fcnhan bei Burghaun der Katholischen Jungen Gemeinde im Bistum (KjG) Fulda an. Die rund 15 Jungen und M\u00e4dchen aus dem Ort nahe H\u00fcnfeld planten schon einige Zeit den Anschluss an einen Jugendverband und gr\u00fcndeten sich nun am vergangenen Sonntag mit einem Gottesdienst feierlich als KjG-Pfarreigruppe St. Andreas H\u00fcnhan. <!--more--><br \/>\nAls Messdienergruppe treffen sich die Jugendlichen schon seit einiger Zeit und werden bei ihren gemeinsamen Vorhaben und Planungen von Ihren Eltern tatkr\u00e4ftig unterst\u00fctzt. \u00dcber den Di\u00f6zesanministrantentag und \u00fcber die Ministrantenkonferenz hat die Gruppe im letzten Jahr Kontakt zur KjG gekn\u00fcpft und sich jetzt entschlossen dem Verband beizutreten.<\/p>\n<p>Im Gr\u00fcndungsgottesdienst in der Pfarrkirche, der von den Jugendlichen selbst vorbereitet und gestaltet wurde, machten die neuen Mitglieder der KjG deutlich, was sie sich von der KjG erwarten. Mit dem immer wiederkehrenden Teilsatz \u201eWenn du mitmachst\u00e2\u20ac\u00a6.\u201c,der sich wie ein roter Faden durch den Gottesdienst zog\u00c2\u00a0 stellten die Jugendlichen heraus, dass es ihnen auf Gemeinschaft, Verbundenheit, gemeinsame Glaubenserlebnisse und Aktionen ankomme, die sie bei der KjG zu finden hoffen.<\/p>\n<p>Im Anschluss an den Gottesdienst wurden bei einem k\u00f6stlichem Brunch vor der Pfarrkirche Gute W\u00fcnsche und ein Starterpaket durch die beiden\u00c2\u00a0 KjG-Di\u00f6zesanleiter Benjamin Dickert aus Bad Orb und Lukas Riehl aus Kassel \u00fcberbracht. \u201eIhr seid nicht allein auf weiter Flur, wir unterst\u00fctzen euch! Die KjG ist der Verband der Pfarrjugendgruppen und daher richten wir unsere Energie, Arbeit und Angebote auch darauf aus, was ihr in der Pfarrei sozusagen an der Basis ben\u00f6tigt und braucht\u201c, fasste Dickert die Arbeit und Ausrichtung der KjG Fulda in seinem Gru\u00dfwort zusammen.<\/p>\n<p>\u201eDurch die KjG hat man viele M\u00f6glichkeiten, Jugendarbeit gut zu gestalten. Es gibt eine gut funktionierende Vernetzung der KjG\u00c2\u00b4lerInnen in der Region Fulda und\u00c2\u00a0 die Pfarrgruppen k\u00f6nnen die regionalen und di\u00f6zesanen Angebote der KjG f\u00fcr sich nutzen. Sch\u00f6n, dass die Gruppe aus H\u00fcnhan jetzt auch dabei ist\u201c, so R\u00fcdiger Angelstein, Regionalleiter der KjG in der Region Fulda\/Rh\u00f6n, der der neuen KjG Gruppe aus H\u00fcnhan verschiedene Spiele zur Gestaltung ihrer Gruppenarbeit \u00fcberreichte. Bei strahlendem Sonnenschein endete die Gr\u00fcndungsfeier mit KjG Song \u201eOle KjG\u201c den auch die neuen Mitglieder beherzt und fr\u00f6hlich mitsangen. Weitere Informationen zur KjG unter <a target=\"_blank\" href=\"http:\/\/www.kjg-fulda.de\">www.kjg-fulda.de<\/a><\/p>\n","protected":false},"excerpt":{"rendered":"<div class=\"tmnf_excerpt\"><p>Sch\u00f6nes aus H\u00fcnhan. Vergangenen Sonntag schloss sich die Ministrantengruppe aus H\u00fcnhan bei Burghaun der Katholischen Jungen Gemeinde im Bistum (KjG) Fulda an. Die rund 15 Jungen und M\u00e4dchen aus dem Ort nahe H\u00fcnfeld planten schon einige Zeit den Anschluss an einen Jugendverband und gr\u00fcndeten sich nun am vergangenen Sonntag mit einem Gottesdienst feierlich als KjG-Pfarreigruppe &hellip;<\/p>\n<\/div>","protected":false},"author":1,"featured_media":0,"comment_status":"closed","ping_status":"closed","sticky":false,"template":"","format":"standard","meta":{"footnotes":""},"categories":[1,72,50],"tags":[],"class_list":["post-5417","post","type-post","status-publish","format-standard","hentry","category-startseite","category-jugend","category-kirche"],"_links":{"self":[{"href":"https:\/\/www.fuldaernachrichten.de\/index.php?rest_route=\/wp\/v2\/posts\/5417","targetHints":{"allow":["GET"]}}],"collection":[{"href":"https:\/\/www.fuldaernachrichten.de\/index.php?rest_route=\/wp\/v2\/posts"}],"about":[{"href":"https:\/\/www.fuldaernachrichten.de\/index.php?rest_route=\/wp\/v2\/types\/post"}],"author":[{"embeddable":true,"href":"https:\/\/www.fuldaernachrichten.de\/index.php?rest_route=\/wp\/v2\/users\/1"}],"replies":[{"embeddable":true,"href":"https:\/\/www.fuldaernachrichten.de\/index.php?rest_route=%2Fwp%2Fv2%2Fcomments&post=5417"}],"version-history":[{"count":0,"href":"https:\/\/www.fuldaernachrichten.de\/index.php?rest_route=\/wp\/v2\/posts\/5417\/revisions"}],"wp:attachment":[{"href":"https:\/\/www.fuldaernachrichten.de\/index.php?rest_route=%2Fwp%2Fv2%2Fmedia&parent=5417"}],"wp:term":[{"taxonomy":"category","embeddable":true,"href":"https:\/\/www.fuldaernachrichten.de\/index.php?rest_route=%2Fwp%2Fv2%2Fcategories&post=5417"},{"taxonomy":"post_tag","embeddable":true,"href":"https:\/\/www.fuldaernachrichten.de\/index.php?rest_route=%2Fwp%2Fv2%2Ftags&post=5417"}],"curies":[{"name":"wp","href":"https:\/\/api.w.org\/{rel}","templated":true}]}}