{"id":5371,"date":"2007-09-20T10:43:32","date_gmt":"2007-09-20T08:43:32","guid":{"rendered":"http:\/\/www.schoene-nachrichten.de\/?p=5371"},"modified":"2007-09-20T10:43:32","modified_gmt":"2007-09-20T08:43:32","slug":"arbeiten-am-beobachtungsturm-im-roten-moor-haben-begonnen","status":"publish","type":"post","link":"https:\/\/www.fuldaernachrichten.de\/?p=5371","title":{"rendered":"Arbeiten am Beobachtungsturm im Roten Moor haben begonnen"},"content":{"rendered":"<p><strong>Sch\u00f6nes aus Fulda.<\/strong> Mit den Arbeiten zum Neubau des Beobachtungsturms im Naturschutzgebiet &#8220;Rotes Moor&#8221; wurde in der vergangenen Woche begonnen. Zun\u00e4chst hatten die Mitarbeiter der Naturschutzwacht das Dach und die Br\u00fcstung der alten Konstruktion abgetragen.<\/p>\n<p><strong>Fotos (3):<\/strong> Landkreis Fulda<\/p>\n<p><a rel=\"lightbox[roadtrip]\" href=\"http:\/\/www.schoene-nachrichten.de\/wp-content\/uploads\/2007\/09\/070919_rotes-moor_1.jpg\" title=\"070919_rotes-moor_1.jpg\"><img decoding=\"async\" src=\"http:\/\/www.schoene-nachrichten.de\/wp-content\/uploads\/2007\/09\/070919_rotes-moor_1.thumbnail.jpg\" alt=\"070919_rotes-moor_1.jpg\" \/><\/a> <a rel=\"lightbox[roadtrip]\" href=\"http:\/\/www.schoene-nachrichten.de\/wp-content\/uploads\/2007\/09\/070919_rotes-moor_2.jpg\" title=\"070919_rotes-moor_2.jpg\"><img decoding=\"async\" src=\"http:\/\/www.schoene-nachrichten.de\/wp-content\/uploads\/2007\/09\/070919_rotes-moor_2.thumbnail.jpg\" alt=\"070919_rotes-moor_2.jpg\" \/><\/a> <a rel=\"lightbox[roadtrip]\" href=\"http:\/\/www.schoene-nachrichten.de\/wp-content\/uploads\/2007\/09\/070919_rotes-moor_3.jpg\" title=\"070919_rotes-moor_3.jpg\"><img decoding=\"async\" src=\"http:\/\/www.schoene-nachrichten.de\/wp-content\/uploads\/2007\/09\/070919_rotes-moor_3.thumbnail.jpg\" alt=\"070919_rotes-moor_3.jpg\" \/><\/a><\/p>\n<p><!--more-->Der einger\u00fcstete Torso bleibt zun\u00e4chst noch stehen, bis die gro\u00dfen tragenden Rundh\u00f6lzer der neuen viereckigen Turmkonstruktion aufgerichtet und fixiert sind. Danach wird der Rest des alten Turmes entfernt und der neue, bis zum First rund zehn Meter hohe Holzturm Zug um Zug aufgebaut.<\/p>\n<p>Der Bohlenpfad kann auch w\u00e4hrend der Arbeiten begangen werden. Lediglich f\u00fcr die Zeit des Antransports und der Aufstellung der rund acht Meter langen tragenden Rundh\u00f6lzer f\u00fcr die Ecken muss am n\u00f6rdlichen Ende des Bohlenpfads mit Behinderungen gerechnet werden. Hierf\u00fcr bittet der Leiter der Verwaltungsstelle des Biosph\u00e4renreservats, Otto Evers, um Verst\u00e4ndnis, kann damit doch eine Vollsperrung des Moorpfads vermieden werden.<\/p>\n<p>Bei den Arbeiten wirken au\u00dfer der Naturschutzwacht im Rahmen der Kooperation auch der Zivildienstleistende Johannes Schmidt, der zur Zeit beim Verein Natur- und Lebensraum Rh\u00f6n angestellt ist, und der Schulpraktikant Christian Menz von der Mittelpunktschule Hilders mit.<\/p>\n<p>Der alte Turm muss ersetzt werden, weil die Holzkonstruktion in die Jahre gekommen ist und die neue Konstruktion eine bessere und unfallfreie Nutzung der Treppen insbesondere f\u00fcr Gruppen gew\u00e4hrleisten soll. Der Neubau des Beobachtungsturms wird\u00c2\u00a0durch den \u00dcWAGNatur-Fonds unterst\u00fctz, den das regionale Versorgungsunternehmen gemeinsam mit ihren Kunden im Tarif \u00dcWAGNatur gebildet hat.<\/p>\n","protected":false},"excerpt":{"rendered":"<div class=\"tmnf_excerpt\"><p>Sch\u00f6nes aus Fulda. Mit den Arbeiten zum Neubau des Beobachtungsturms im Naturschutzgebiet &#8220;Rotes Moor&#8221; wurde in der vergangenen Woche begonnen. Zun\u00e4chst hatten die Mitarbeiter der Naturschutzwacht das Dach und die Br\u00fcstung der alten Konstruktion abgetragen. Fotos (3): Landkreis Fulda<\/p>\n<\/div>","protected":false},"author":1,"featured_media":0,"comment_status":"closed","ping_status":"closed","sticky":false,"template":"","format":"standard","meta":{"footnotes":""},"categories":[1,72,52],"tags":[],"class_list":["post-5371","post","type-post","status-publish","format-standard","hentry","category-startseite","category-jugend","category-umwelt"],"_links":{"self":[{"href":"https:\/\/www.fuldaernachrichten.de\/index.php?rest_route=\/wp\/v2\/posts\/5371","targetHints":{"allow":["GET"]}}],"collection":[{"href":"https:\/\/www.fuldaernachrichten.de\/index.php?rest_route=\/wp\/v2\/posts"}],"about":[{"href":"https:\/\/www.fuldaernachrichten.de\/index.php?rest_route=\/wp\/v2\/types\/post"}],"author":[{"embeddable":true,"href":"https:\/\/www.fuldaernachrichten.de\/index.php?rest_route=\/wp\/v2\/users\/1"}],"replies":[{"embeddable":true,"href":"https:\/\/www.fuldaernachrichten.de\/index.php?rest_route=%2Fwp%2Fv2%2Fcomments&post=5371"}],"version-history":[{"count":0,"href":"https:\/\/www.fuldaernachrichten.de\/index.php?rest_route=\/wp\/v2\/posts\/5371\/revisions"}],"wp:attachment":[{"href":"https:\/\/www.fuldaernachrichten.de\/index.php?rest_route=%2Fwp%2Fv2%2Fmedia&parent=5371"}],"wp:term":[{"taxonomy":"category","embeddable":true,"href":"https:\/\/www.fuldaernachrichten.de\/index.php?rest_route=%2Fwp%2Fv2%2Fcategories&post=5371"},{"taxonomy":"post_tag","embeddable":true,"href":"https:\/\/www.fuldaernachrichten.de\/index.php?rest_route=%2Fwp%2Fv2%2Ftags&post=5371"}],"curies":[{"name":"wp","href":"https:\/\/api.w.org\/{rel}","templated":true}]}}