{"id":5346,"date":"2007-09-20T00:18:07","date_gmt":"2007-09-19T22:18:07","guid":{"rendered":"http:\/\/www.schoene-nachrichten.de\/?p=5346"},"modified":"2007-09-20T00:18:47","modified_gmt":"2007-09-19T22:18:47","slug":"landesregierung-setzt-auf-energieeffizienz","status":"publish","type":"post","link":"https:\/\/www.fuldaernachrichten.de\/?p=5346","title":{"rendered":"Landesregierung setzt auf &#8220;Energieeffizienz im Mietwohnungsbau\u201c"},"content":{"rendered":"<p><strong>Wohnen.<\/strong> Die Hessische Landesregierung setzt beim Mietwohnungsbau auf Energieeffizienz. Umbauma\u00dfnahmen f\u00fcr bessere W\u00e4rmed\u00e4mmung und neue Energiesparh\u00e4user sollen k\u00fcnftig besser gef\u00f6rdert werden. Dies teilten Wirtschaftsminister Dr. Alois Rhiel und Finanzminister Karlheinz Weimar\u00c2\u00a0gestern in Wiesbaden mit. <!--more--><\/p>\n<p>Das Landesprogramm \u201eEnergieeffizienz im Mietwohnungsbau\u201c wird vom Land Hessen zusammen mit der LTH-Bank f\u00fcr Infrastruktur umgesetzt. Insgesamt 90 Millionen Euro stehen bis 2010 zur Verf\u00fcgung. Die Ma\u00dfnahmen werden gef\u00f6rdert durch eine Zinsverbilligung von einem Prozentpunkt.<\/p>\n<p>\u201eDies ist gut angelegtes Geld. Der Energieverbrauch sinkt und die Umwelt wird weniger belastet. Gleichzeitig erwarten wir, dass neue Technologien entwickelt werden und die regionale Baubranche gest\u00e4rkt wird. Es sind mittelst\u00e4ndische Betriebe und Handwerker aus der Region, die bei Umbauma\u00dfnahmen t\u00e4tig werden\u201c, erkl\u00e4rten Rhiel und Weimar.<\/p>\n<p>Schwerpunkte sind die Erneuerung von Raumheizung und Warmwasserbereitung, auf die rund 40 Prozent des Endenergieverbrauchs entfallen. F\u00f6rderf\u00e4hig sind ferner eine moderne und wirtschaftliche W\u00e4rmed\u00e4mmung, Erneuerung der Fenster und der Einbau moderner Heiztechnik. So kann der Energieverbrauch f\u00fcr Heizung und Warmwasserbereitung deutlich gesenkt werden.<\/p>\n<p>F\u00fcr energiesparende Neubauten ist die in Hessen entwickelte Passivhaus-Bauweise und die dabei eingesetzten Effizienztechnologien das Ma\u00df der Dinge. Passivhauskomponenten f\u00fcr die Modernisierung bestehender Geb\u00e4ude haben jedoch ebenso bereits Marktreife erlangt und k\u00f6nnen gef\u00f6rdert werden. Wie Rhiel und Weimar ferner betonten, erg\u00e4nzt das neue Programm hervorragend die bereits laufenden Ma\u00dfnahmen auf diesem Sektor, darunter die Hessische Energiespar-Aktion und die F\u00f6rderung der Modernisierung von Mietwohnungen im Rahmen der sozialen Wohnraumf\u00f6rderung.<\/p>\n<p>Antragsberechtigt sind Wohnungsunternehmen, Wohnungsgenossenschaften, St\u00e4dte und Gemeinden sowie private Vermieter, deren Mietsh\u00e4user vier oder mehr Wohnungen haben. Das neue Programm tritt sofort in Kraft. Informationen gibt es bei der LTH-Bank f\u00fcr Infrastruktur von Dr. Schlee unter der Telefonnummer 069 -\u00c2\u00a091 32-5725.<\/p>\n","protected":false},"excerpt":{"rendered":"<div class=\"tmnf_excerpt\"><p>Wohnen. Die Hessische Landesregierung setzt beim Mietwohnungsbau auf Energieeffizienz. Umbauma\u00dfnahmen f\u00fcr bessere W\u00e4rmed\u00e4mmung und neue Energiesparh\u00e4user sollen k\u00fcnftig besser gef\u00f6rdert werden. Dies teilten Wirtschaftsminister Dr. Alois Rhiel und Finanzminister Karlheinz Weimar\u00c2\u00a0gestern in Wiesbaden mit.<\/p>\n<\/div>","protected":false},"author":1,"featured_media":0,"comment_status":"closed","ping_status":"closed","sticky":false,"template":"","format":"standard","meta":{"footnotes":""},"categories":[1,29,52],"tags":[],"class_list":["post-5346","post","type-post","status-publish","format-standard","hentry","category-startseite","category-politik","category-umwelt"],"_links":{"self":[{"href":"https:\/\/www.fuldaernachrichten.de\/index.php?rest_route=\/wp\/v2\/posts\/5346","targetHints":{"allow":["GET"]}}],"collection":[{"href":"https:\/\/www.fuldaernachrichten.de\/index.php?rest_route=\/wp\/v2\/posts"}],"about":[{"href":"https:\/\/www.fuldaernachrichten.de\/index.php?rest_route=\/wp\/v2\/types\/post"}],"author":[{"embeddable":true,"href":"https:\/\/www.fuldaernachrichten.de\/index.php?rest_route=\/wp\/v2\/users\/1"}],"replies":[{"embeddable":true,"href":"https:\/\/www.fuldaernachrichten.de\/index.php?rest_route=%2Fwp%2Fv2%2Fcomments&post=5346"}],"version-history":[{"count":0,"href":"https:\/\/www.fuldaernachrichten.de\/index.php?rest_route=\/wp\/v2\/posts\/5346\/revisions"}],"wp:attachment":[{"href":"https:\/\/www.fuldaernachrichten.de\/index.php?rest_route=%2Fwp%2Fv2%2Fmedia&parent=5346"}],"wp:term":[{"taxonomy":"category","embeddable":true,"href":"https:\/\/www.fuldaernachrichten.de\/index.php?rest_route=%2Fwp%2Fv2%2Fcategories&post=5346"},{"taxonomy":"post_tag","embeddable":true,"href":"https:\/\/www.fuldaernachrichten.de\/index.php?rest_route=%2Fwp%2Fv2%2Ftags&post=5346"}],"curies":[{"name":"wp","href":"https:\/\/api.w.org\/{rel}","templated":true}]}}