{"id":53436,"date":"2010-03-06T04:37:43","date_gmt":"2010-03-06T03:37:43","guid":{"rendered":"http:\/\/www.schoene-nachrichten.de\/?p=53436"},"modified":"2010-03-05T09:38:00","modified_gmt":"2010-03-05T08:38:00","slug":"rauchmelderaktion-kommt-gut-an-generalversammlung-der-freiwilligen-feuerwehr-flieden","status":"publish","type":"post","link":"https:\/\/www.fuldaernachrichten.de\/?p=53436","title":{"rendered":"Rauchmelderaktion kommt gut an &#8211; Generalversammlung der Freiwilligen Feuerwehr Flieden"},"content":{"rendered":"<p><strong>Flieden.<\/strong> Von einem erlebnisreichen Jahr berichtete der erste Vorsitzende Andreas Friedrich auf der gut besuchten Generalversammlung der Freiwilligen Feuerwehr Flieden am vergangenen Samstag im Feuerwehrhaus Flieden. Als G\u00e4ste begr\u00fc\u00dfte er Horst Vormwald vom Gemeindevorstand, den Ortsvorsteher Erhard Auth sowie den Gemeindebrandinspektor Uwe Raupach.<!--more--><\/p>\n<p>In seinem umfangreichen Jahresbericht ging Friedrich auf die zahlreichen Aktivit\u00e4ten des Vereines im kulturellen Bereich ein. Besonders die im letzten Jahr ins Leben gerufene Kampagne \u201eMit Sicherheit ins Leben &#8211; jedem Neugeborenen in Flieden, D\u00f6ngesm\u00fchle und Struth einen Rauchmelder\u201c komme sehr gut an, mittlerweile konnten eine gro\u00dfe Zahl von Rauchmeldern der Zielgruppe junge Eltern \u00fcberreicht werden.<\/p>\n<p>Gleichzeitig lobte der Vorsitzende die vertrauensvolle und konstruktive Zusammenarbeit im Vorstand und Verein sowie den Idealismus und die Kamerad-schaft \u00c2\u00a0in den einzelnen Abteilungen. Die Gesamtmitgliederzahl betrug zum Jahresende 2009 insgesamt 418 Mitglieder. In der Einsatzabteilung sind 52 Feuerwehrkameraden und eine -kameradin aktiv, die Jugendfeuerwehr z\u00e4hlt derzeit 24 Jugendliche, im Spielmanns- und Fanfarenzug sind 40 Mitglieder aktiv dabei. Der Ehren- und Altersabteilung geh\u00f6ren 21 Kameraden an, au\u00dferdem z\u00e4hlt der Verein 280 passive und f\u00f6rdernde Mitglieder.<\/p>\n<p>Einen positiven Kassenbericht konnte der Kassierer Thorsten Kress der Versammlung pr\u00e4sentieren, die Kassenpr\u00fcfer Bernd Kress und Marco Kress bescheinigten eine ordnungsgem\u00e4\u00dfe und korrekte Kassenf\u00fchrung, die Versammlung erteilte dem Vorstand die Entlastung f\u00fcr das abgelaufene Jahr.<\/p>\n<p>Eine detaillierte Aufstellung \u00fcber die zu bew\u00e4ltigenden Eins\u00e4tze gab Wehrf\u00fchrer Goswin Iller in seinem Bericht. Die insgesamt 30 Eins\u00e4tze gliedern sich in 13 Brandeins\u00e4tze, 15 Hilfeleistungseins\u00e4tze, davon 2 Verkehrsunf\u00e4lle und 3 \u00d6leins\u00e4tze, und 2 Fehlalarme. Hinzu kommen noch 14 Brandsicherheitsdienste und 2 Sicherungsdienste bei Umz\u00fcgen. Weiterhin wurden in den 3 Einsatzgruppen insgesamt 36 Gruppenausbildungen, 6 Zug\u00fcbungen sowie 6 theoretische Ausbildungen abgehalten. Auf Kreisebene und an der Landesfeuerwehrschule in Kassel absolvierten zahlreiche Kameraden Aus- und Weiterbildungslehrg\u00e4nge.<\/p>\n<p>Die Amtszeit des stellvertretenden Wehrf\u00fchrers Michael Fu\u00df war abgelaufen. Der bisherige Amtsinhaber \u00c2\u00a0wurde in der stattfindenden Abstimmung auf weitere f\u00fcnf Jahre wiedergew\u00e4hlt. Die Jugendfeuerwehr Flieden, so Jugendwart Holger Heil, absolvierte im zur\u00fcckliegenden Jahr 137 Gruppenstunden, die sich in 72 Stunden feuerwehrtechnische Ausbildung und 65 Stunden allgemeine Jugendarbeit aufteilen. Daneben verbrachte die Jugendgruppe mehrere Tage in Zeltlagern der Gemeindejugendfeuerwehr. Daneben standen Kino- und Schwimmbadbesuche sowie Kochen, Wandern und Minigolf auf dem Ausbildungsplan.<\/p>\n<p>F\u00fcr den Spielmanns- und Fanfarenzug berichtete Susanne M\u00f6ller ausf\u00fchrlich \u00fcber die Auftritte und St\u00e4ndchen sowie \u00fcber abgehaltene Probenabende und -wochenenden. Ein H\u00f6hepunkt im zur\u00fcckliegenden Jahr war das 1. Seminarkonzert des Spielmann- und Fanfarenzuges. Das Thema war die Spielmannsmusik in Europa w\u00e4hrend des 30j\u00e4hrigen Krieges. Eugen Junk berichtete von 12 Veranstaltungen der Ehren- und Altersabteilung, die neben Treffen auch regelm\u00e4\u00dfig Wanderungen im K\u00f6nigreich veranstalte.<\/p>\n<p>Zahlreiche Ehrungen standen an diesem Abend auf dem Programm. F\u00fcr die passive Mitgliedschaft im Feuerwehrverein wurden mit Urkunden und den Ehrennadeln des Kurhessisch Waldeck\u00e2\u20ac\u2122schen Feuerwehrverbandes folgende Personen geehrt: f\u00fcr 25 Jahre Erna Larbig, Markus M\u00fcller und Eugen Vonderlehr, f\u00fcr 40 Jahre Peter Bagus, Reinhold Junk, Rainer Mall und Thomas Pfeffer, f\u00fcr 50 Jahre Elmar Heil und Adalbert Roppert. Gleichzeitig erhielten sie wie auch Michael Fu\u00df &#8211; f\u00fcr 25 Jahre &#8211; die jeweilige Vereinsehrung.<\/p>\n<p>In seinem Gru\u00dfwort w\u00fcrdigte Horst Vormwald die stete Einsatzbereitschaft der Wehr. Der Ortsvorsteher Erhard Auth dankte dem Verein f\u00fcr seinen Beitrag im kulturellen Leben der Gemeinde. Gemeindebrandinspektor Uwe Raupach appellierte vor allem an die aktiven Einsatzkr\u00e4fte, sich den stetig wachsenden Anforderungen einer schlagkr\u00e4ftigen Feuerwehr gerade im Bereich des Atemschutzes weiterzubilden.<\/p>\n<p>Dar\u00fcber hinaus kommen in K\u00fcrze neue Aufgabenbereiche im Bezug auf die Fertigstellung des Distelrasentunnels und die Sicherstellung des Brandschutzes und der technischen Hilfeleistung daf\u00fcr auf die Feuerwehr Flieden zu, denen es gilt sich zu stellen. Mit einer Vorschau auf die Veranstaltungen in diesem Jahr schloss der Vorsitzende Friedrich die Generalversammlung mit dem Leitspruch der Feuerwehr: \u201eGott zur Ehr\u00e2\u20ac\u2122, dem N\u00e4chsten zur Wehr\u201c. (af)<\/p>\n","protected":false},"excerpt":{"rendered":"<div class=\"tmnf_excerpt\"><p>Flieden. Von einem erlebnisreichen Jahr berichtete der erste Vorsitzende Andreas Friedrich auf der gut besuchten Generalversammlung der Freiwilligen Feuerwehr Flieden am vergangenen Samstag im Feuerwehrhaus Flieden. Als G\u00e4ste begr\u00fc\u00dfte er Horst Vormwald vom Gemeindevorstand, den Ortsvorsteher Erhard Auth sowie den Gemeindebrandinspektor Uwe Raupach.<\/p>\n<\/div>","protected":false},"author":1,"featured_media":0,"comment_status":"closed","ping_status":"closed","sticky":false,"template":"","format":"standard","meta":{"footnotes":""},"categories":[1,71],"tags":[],"class_list":["post-53436","post","type-post","status-publish","format-standard","hentry","category-startseite","category-feuerwehr"],"_links":{"self":[{"href":"https:\/\/www.fuldaernachrichten.de\/index.php?rest_route=\/wp\/v2\/posts\/53436","targetHints":{"allow":["GET"]}}],"collection":[{"href":"https:\/\/www.fuldaernachrichten.de\/index.php?rest_route=\/wp\/v2\/posts"}],"about":[{"href":"https:\/\/www.fuldaernachrichten.de\/index.php?rest_route=\/wp\/v2\/types\/post"}],"author":[{"embeddable":true,"href":"https:\/\/www.fuldaernachrichten.de\/index.php?rest_route=\/wp\/v2\/users\/1"}],"replies":[{"embeddable":true,"href":"https:\/\/www.fuldaernachrichten.de\/index.php?rest_route=%2Fwp%2Fv2%2Fcomments&post=53436"}],"version-history":[{"count":1,"href":"https:\/\/www.fuldaernachrichten.de\/index.php?rest_route=\/wp\/v2\/posts\/53436\/revisions"}],"predecessor-version":[{"id":53559,"href":"https:\/\/www.fuldaernachrichten.de\/index.php?rest_route=\/wp\/v2\/posts\/53436\/revisions\/53559"}],"wp:attachment":[{"href":"https:\/\/www.fuldaernachrichten.de\/index.php?rest_route=%2Fwp%2Fv2%2Fmedia&parent=53436"}],"wp:term":[{"taxonomy":"category","embeddable":true,"href":"https:\/\/www.fuldaernachrichten.de\/index.php?rest_route=%2Fwp%2Fv2%2Fcategories&post=53436"},{"taxonomy":"post_tag","embeddable":true,"href":"https:\/\/www.fuldaernachrichten.de\/index.php?rest_route=%2Fwp%2Fv2%2Ftags&post=53436"}],"curies":[{"name":"wp","href":"https:\/\/api.w.org\/{rel}","templated":true}]}}