{"id":53236,"date":"2010-02-27T10:22:19","date_gmt":"2010-02-27T09:22:19","guid":{"rendered":"http:\/\/www.schoene-nachrichten.de\/?p=53236"},"modified":"2010-02-28T10:39:22","modified_gmt":"2010-02-28T09:39:22","slug":"spatenstich-in-eine-bessere-zukunft-bau-der-neuen-kindertagesstaette-st-blasius-beginnt","status":"publish","type":"post","link":"https:\/\/www.fuldaernachrichten.de\/?p=53236","title":{"rendered":"Spatenstich in eine bessere Zukunft  &#8211; Bau der neuen Kindertagesst\u00e4tte St. Blasius beginnt"},"content":{"rendered":"<p><strong><a href=\"http:\/\/www.schoene-nachrichten.de\/wp-content\/uploads\/2010\/02\/100226_Spatenstich.jpg\"><\/a><a href=\"http:\/\/www.schoene-nachrichten.de\/wp-content\/uploads\/2010\/02\/100226_Spatenstich.jpg\"><img decoding=\"async\" class=\"alignnone size-thumbnail wp-image-53237\" title=\"100226_Spatenstich\" src=\"http:\/\/www.schoene-nachrichten.de\/wp-content\/uploads\/2010\/02\/100226_Spatenstich.jpg\" alt=\"100226_Spatenstich\" width=\"560\" srcset=\"https:\/\/www.fuldaernachrichten.de\/wp-content\/uploads\/2010\/02\/100226_Spatenstich.jpg 592w, https:\/\/www.fuldaernachrichten.de\/wp-content\/uploads\/2010\/02\/100226_Spatenstich-265x176.jpg 265w\" sizes=\"(max-width: 592px) 100vw, 592px\" \/><\/a><br \/>\n<\/strong><\/p>\n<p>Fulda. Bei feuchtem Wetter trafen sich nur gut gelaunte Menschen an der noch vorhandenen \u201eBaracke\u201c der ehemaligen Kindertagesst\u00e4tte St. Blasius in der Buseckstra\u00dfe in Fuldas Mitte. Der Grund dieser guten Laune war der Spatenstich in eine bessere Zukunft dieser Kindertagesst\u00e4tte. Oberb\u00fcrgermeister Gerhard M\u00f6ller begr\u00fc\u00dfte auch im Namen von Stadtbaur\u00e4tin Cornelia Zuschke zun\u00e4chst alle Anwesenden, darunter Stadtpfarrer Reith, die Architekten vom Architekturb\u00fcro Reith &amp; Wehner sowie viele weitere, die den Neubau des Kinderlandes erm\u00f6glichen sollen.<!--more--><\/p>\n<p>Mit einem Blick hinter sich in Richtung blauem Altkindergarten sagte M\u00f6ller s\u00fcffisant, \u201edas Geb\u00e4ude hat seinen Dienst getan und ist sicherlich abgeschrieben\u201c. Sein Dank f\u00fcr die rasche Entscheidung f\u00fcr den Neubau und die Finanzierung richtete der Verwaltungschef an das Bistum Fulda, das Land und auch den Bund. \u201eNur durch die Mittel des Sonderkonjunkturprogramms des Bundes und des Landes sowie des Handelns des Bistums und der Stadt wird ein lang gehegte Traum nun Wirklichkeit\u201c. \u201eWir nehmen hier gemeinsam ca. 1.615.000 EUR in die Hand und bauen einen Ort des Spielens, Lernens und der kindlichen Geborgenheit\u201c, betont M\u00f6ller.<\/p>\n<p><strong>Zuk\u00fcnftig auch Betreuung f\u00fcr Unter-Dreij\u00e4hriger<\/strong><\/p>\n<p>Neben der Betreuung von \u00dcber-Dreij\u00e4hrigen wird der neue Kindergarten auch die Unter-Dreij\u00e4hrigen aufnehmen k\u00f6nnen. \u201eDies ist ein wirklicher Schritt in die Zukunft dieses Standortes und des gesamten Quartiers der s\u00fcd\u00f6stlichen Kernstadt\u201c, so OB M\u00f6ller. 300.000 EUR aus der Bundesf\u00f6rderung stehen f\u00fcr die Finanzierung des Bereichs der Unter-Dreij\u00e4hrigen zur Verf\u00fcgung.<\/p>\n<p><a href=\"http:\/\/www.schoene-nachrichten.de\/wp-content\/uploads\/2010\/02\/100226_Spatenstich2.jpg\"><img decoding=\"async\" class=\"alignnone size-thumbnail wp-image-53238\" title=\"100226_Spatenstich2\" src=\"http:\/\/www.schoene-nachrichten.de\/wp-content\/uploads\/2010\/02\/100226_Spatenstich2-265x176.jpg\" alt=\"100226_Spatenstich2\" width=\"265\" height=\"176\" srcset=\"https:\/\/www.fuldaernachrichten.de\/wp-content\/uploads\/2010\/02\/100226_Spatenstich2-265x176.jpg 265w, https:\/\/www.fuldaernachrichten.de\/wp-content\/uploads\/2010\/02\/100226_Spatenstich2.jpg 592w\" sizes=\"(max-width: 265px) 100vw, 265px\" \/><\/a> <a href=\"http:\/\/www.schoene-nachrichten.de\/wp-content\/uploads\/2010\/02\/100226_Spatenstich3.jpg\"><img decoding=\"async\" class=\"alignnone size-thumbnail wp-image-53239\" title=\"100226_Spatenstich3\" src=\"http:\/\/www.schoene-nachrichten.de\/wp-content\/uploads\/2010\/02\/100226_Spatenstich3-265x176.jpg\" alt=\"100226_Spatenstich3\" width=\"265\" height=\"176\" srcset=\"https:\/\/www.fuldaernachrichten.de\/wp-content\/uploads\/2010\/02\/100226_Spatenstich3-265x176.jpg 265w, https:\/\/www.fuldaernachrichten.de\/wp-content\/uploads\/2010\/02\/100226_Spatenstich3.jpg 592w\" sizes=\"(max-width: 265px) 100vw, 265px\" \/><\/a>Die zuk\u00fcnftige Kindertagesst\u00e4tte, die in unmittelbarer Nachbarschaft zum nun abzubrechenden Altgeb\u00e4ude errichtet wird, ist ein klarer und funktionaler Bau. Im Rahmen eines Architektenwettbewerbs im Sommer letzten Jahres konnten die Ideen des Architekturb\u00fcros Reith &amp; Wehner alle Sachverst\u00e4ndige \u00fcberzeugen. Die energieeinsparende Geb\u00e4udekubatur sowie eine entsprechende Materialverwendung soll eine g\u00fcnstige Unterhaltung gew\u00e4hrleisten und dem Umweltschutz<br \/>\nRechnung tragen.<\/p>\n<p>Die Kindertagesst\u00e4tte, die in Tr\u00e4gerschaft der Pfarrgemeinde St. Blasius gef\u00fchrt werden soll, wird auf dem Gel\u00e4nde der Stadtpfarrei Fulda gebaut. Das Grundst\u00fcck hat die Stadt Fulda im Erbbaurecht von der Stadtpfarrei \u201eerworben\u201c und diese gemeinsame Handlungsweise war Grundstein f\u00fcr den raschen Neubau.<\/p>\n<p>Im Zuge der Neuerrichtung wurde auch die Zuwegung neu angegangen. Die bereits erstellte Trasse zum zuk\u00fcnftigen neuen Kindergarten stellt auch eine Neuordnung und Verbesserung der Lehrerparkpl\u00e4tze f\u00fcr die nahe Heinrich-von-Bibra-Schule dar. Stadtpfarrer Reith dankte \u2013 im Hintergrund der unbedingten Erfordernis des Neubaus \u2013 den Beteiligten und Entscheidern bei der Stadt Fulda. \u201eSie machen uns gl\u00fccklich und hier spreche ich auch f\u00fcr die Leiterin, Simone Haschke\u201c, so der katholische Geistliche.<\/p>\n<p><strong>Neues Zuhause im \u201eKinderwohnheim\u201c<\/strong><\/p>\n<p>Mit dem Baubeginn wird das vorhandene Altgeb\u00e4ude zun\u00e4chst fachgerecht abgebrochen, so dass dann mit dem Neubau begonnen werden kann. In der \u00dcbergangsphase fanden die Kinder ein neues \u201eZuhause\u201c. Im nahe gelegenen Schwesternwohnheim des Klinikums Fulda bezogen die Kleinen ein neues \u201eKinderwohnheim\u201c im Erdgeschoss. Neben bunten Farben hielt somit auch junges Leben in dieses Geb\u00e4ude Einzug. Simone Haschke, Leiterin der Kindertagesst\u00e4tte, ist mit der \u00dcbergangsl\u00f6sung sehr zufrieden. \u201eWir haben hier alles und f\u00fchlen uns richtig wohl \u2013 dennoch erwarten wir sehnlichst das neue Geb\u00e4ude.\u201c Der Bezug der neuen R\u00e4umlichkeiten ist f\u00fcr Ende 2010 geplant.  (hm)<\/p>\n","protected":false},"excerpt":{"rendered":"<div class=\"tmnf_excerpt\"><p>Fulda. Bei feuchtem Wetter trafen sich nur gut gelaunte Menschen an der noch vorhandenen \u201eBaracke\u201c der ehemaligen Kindertagesst\u00e4tte St. Blasius in der Buseckstra\u00dfe in Fuldas Mitte. Der Grund dieser guten Laune war der Spatenstich in eine bessere Zukunft dieser Kindertagesst\u00e4tte. Oberb\u00fcrgermeister Gerhard M\u00f6ller begr\u00fc\u00dfte auch im Namen von Stadtbaur\u00e4tin Cornelia Zuschke zun\u00e4chst alle Anwesenden, darunter &hellip;<\/p>\n<\/div>","protected":false},"author":1,"featured_media":0,"comment_status":"closed","ping_status":"closed","sticky":false,"template":"","format":"standard","meta":{"footnotes":""},"categories":[1,72,78],"tags":[],"class_list":["post-53236","post","type-post","status-publish","format-standard","hentry","category-startseite","category-jugend","category-topthema"],"_links":{"self":[{"href":"https:\/\/www.fuldaernachrichten.de\/index.php?rest_route=\/wp\/v2\/posts\/53236","targetHints":{"allow":["GET"]}}],"collection":[{"href":"https:\/\/www.fuldaernachrichten.de\/index.php?rest_route=\/wp\/v2\/posts"}],"about":[{"href":"https:\/\/www.fuldaernachrichten.de\/index.php?rest_route=\/wp\/v2\/types\/post"}],"author":[{"embeddable":true,"href":"https:\/\/www.fuldaernachrichten.de\/index.php?rest_route=\/wp\/v2\/users\/1"}],"replies":[{"embeddable":true,"href":"https:\/\/www.fuldaernachrichten.de\/index.php?rest_route=%2Fwp%2Fv2%2Fcomments&post=53236"}],"version-history":[{"count":6,"href":"https:\/\/www.fuldaernachrichten.de\/index.php?rest_route=\/wp\/v2\/posts\/53236\/revisions"}],"predecessor-version":[{"id":53273,"href":"https:\/\/www.fuldaernachrichten.de\/index.php?rest_route=\/wp\/v2\/posts\/53236\/revisions\/53273"}],"wp:attachment":[{"href":"https:\/\/www.fuldaernachrichten.de\/index.php?rest_route=%2Fwp%2Fv2%2Fmedia&parent=53236"}],"wp:term":[{"taxonomy":"category","embeddable":true,"href":"https:\/\/www.fuldaernachrichten.de\/index.php?rest_route=%2Fwp%2Fv2%2Fcategories&post=53236"},{"taxonomy":"post_tag","embeddable":true,"href":"https:\/\/www.fuldaernachrichten.de\/index.php?rest_route=%2Fwp%2Fv2%2Ftags&post=53236"}],"curies":[{"name":"wp","href":"https:\/\/api.w.org\/{rel}","templated":true}]}}