{"id":5264,"date":"2007-09-17T00:09:39","date_gmt":"2007-09-16T22:09:39","guid":{"rendered":"http:\/\/www.schoene-nachrichten.de\/?p=5264"},"modified":"2007-09-17T00:20:55","modified_gmt":"2007-09-16T22:20:55","slug":"fuenf-jahre-neuro-spine-center-dr-al-hami","status":"publish","type":"post","link":"https:\/\/www.fuldaernachrichten.de\/?p=5264","title":{"rendered":"F\u00fcnf Jahre Neuro-Spine-Center Dr. Al-Hami"},"content":{"rendered":"<p><strong>Sch\u00f6nes aus Fulda.<\/strong> \u201eWas f\u00fcr ein elegantes Fest\u201c und \u201etolles Ambiente\u201c, so \u00e4u\u00dferten sich viele der zahlreichen G\u00e4ste der Gala zum 5-j\u00e4hrigen Jubil\u00e4um des Neuro-Spine-Center Al Hami. Sie alle waren in den festlich dekorierten Festsaal des Maritim gekommen, um ihren Gastgeber, den Gr\u00fcnder und Inhaber der Privatklinik, Dr. Samir Al-Hami, als kompetenten Mediziner, mutigen Unternehmer und als beispielhafte Pers\u00f6nlichkeit zu feiern und den Erfolg seiner Klinik zu w\u00fcrdigen.<\/p>\n<p><strong>Fotos (11):<\/strong> Andre Druschel<\/p>\n<p><a rel=\"lightbox[roadtrip]\" target=\"_blank\" href=\"http:\/\/www.schoene-nachrichten.de\/wp-content\/uploads\/2007\/09\/070916_Alhami_06.jpg\" title=\"Foto: Andre Druschel\"><img decoding=\"async\" width=\"128\" src=\"http:\/\/www.schoene-nachrichten.de\/wp-content\/uploads\/2007\/09\/070916_Alhami_06.thumbnail.jpg\" alt=\"070916_Alhami_06.jpg\" \/><\/a>\u00c2\u00a0<a rel=\"lightbox[roadtrip]\" target=\"_blank\" href=\"http:\/\/www.schoene-nachrichten.de\/wp-content\/uploads\/2007\/09\/070916_Alhami_11.jpg\" title=\"Foto: Andre Druschel\"><img decoding=\"async\" width=\"128\" src=\"http:\/\/www.schoene-nachrichten.de\/wp-content\/uploads\/2007\/09\/070916_Alhami_11.thumbnail.jpg\" alt=\"070916_Alhami_11.jpg\" \/><\/a> <a rel=\"lightbox[roadtrip]\" target=\"_blank\" href=\"http:\/\/www.schoene-nachrichten.de\/wp-content\/uploads\/2007\/09\/070916_Alhami_05.jpg\" title=\"Foto: Andre Druschel\"><img decoding=\"async\" width=\"128\" src=\"http:\/\/www.schoene-nachrichten.de\/wp-content\/uploads\/2007\/09\/070916_Alhami_05.thumbnail.jpg\" alt=\"070916_Alhami_05.jpg\" \/><\/a><\/p>\n<p><!--more-->Auch viele prominente G\u00e4ste waren seiner Einladung gefolgt, angefangen mit dem ehemaligen Fuldaer OB und heutigen Hessischen Minister f\u00fcr Wirtschaft, Verkehr und Landesentwicklung, Dr. Alois Rhiel, \u00fcber den Staatssekret\u00e4r im Hessischen Finanzministerium Dr. Walter Arnold, den ehemaligen Landrat Fritz Kramer, den Oberb\u00fcrgermeister der Stadt Fulda, Gerhard M\u00f6ller und den ersten Kreisbeigeordneten, Heiko Wingenfeld, bis zu hochrangigen Vertretern verschiedener \u00c4rzteverb\u00e4nde und der gro\u00dfen Krankenh\u00e4user der Region, dem Herz-Jesu, dem st\u00e4dtischen Klinikum und dem Eichhof Krankenhaus in Lauterbach.<\/p>\n<p><a rel=\"lightbox[roadtrip]\" target=\"_blank\" href=\"http:\/\/www.schoene-nachrichten.de\/wp-content\/uploads\/2007\/09\/070916_Alhami_01.jpg\" title=\"Foto: Andre Druschel\"><img decoding=\"async\" width=\"128\" src=\"http:\/\/www.schoene-nachrichten.de\/wp-content\/uploads\/2007\/09\/070916_Alhami_01.thumbnail.jpg\" alt=\"070916_Alhami_01.jpg\" \/><\/a> <a rel=\"lightbox[roadtrip]\" target=\"_blank\" href=\"http:\/\/www.schoene-nachrichten.de\/wp-content\/uploads\/2007\/09\/070916_Alhami_02.jpg\" title=\"Foto: Andre Druschel\"><img decoding=\"async\" width=\"128\" src=\"http:\/\/www.schoene-nachrichten.de\/wp-content\/uploads\/2007\/09\/070916_Alhami_02.thumbnail.jpg\" alt=\"070916_Alhami_02.jpg\" \/><\/a> <a rel=\"lightbox[roadtrip]\" target=\"_blank\" href=\"http:\/\/www.schoene-nachrichten.de\/wp-content\/uploads\/2007\/09\/070916_Alhami_03.jpg\" title=\"Foto: Andre Druschel\"><img decoding=\"async\" width=\"128\" src=\"http:\/\/www.schoene-nachrichten.de\/wp-content\/uploads\/2007\/09\/070916_Alhami_03.thumbnail.jpg\" alt=\"070916_Alhami_03.jpg\" \/><\/a><\/p>\n<p>Mit allen dreien ist Dr. Al-Hami stark verbunden, mit dem Klinikum, da er dort lange als Neurochirurg t\u00e4tig war und dort seine Idee zu einer Privatklinik reifte, mit dem Eichhof Krankenhaus, da er dort nach seinem Schritt in die Selbstst\u00e4ndigkeit im Jahr 2000 einen ersten Kooperationspartner fand und mit dem Herz-Jesu Krankenhaus als zweitem Partnerkrankenhaus, in dem er seit 2005 regelm\u00e4\u00dfig Operationen durchf\u00fchrt.<\/p>\n<p><a rel=\"lightbox[roadtrip]\" target=\"_blank\" href=\"http:\/\/www.schoene-nachrichten.de\/wp-content\/uploads\/2007\/09\/070916_Alhami_07.jpg\" title=\"Foto: Andre Druschel\"><img decoding=\"async\" width=\"128\" src=\"http:\/\/www.schoene-nachrichten.de\/wp-content\/uploads\/2007\/09\/070916_Alhami_07.thumbnail.jpg\" alt=\"070916_Alhami_07.jpg\" \/><\/a> <a rel=\"lightbox[roadtrip]\" target=\"_blank\" href=\"http:\/\/www.schoene-nachrichten.de\/wp-content\/uploads\/2007\/09\/070916_Alhami_08.jpg\" title=\"Foto: Andre Druschel\"><img decoding=\"async\" width=\"128\" src=\"http:\/\/www.schoene-nachrichten.de\/wp-content\/uploads\/2007\/09\/070916_Alhami_08.thumbnail.jpg\" alt=\"070916_Alhami_08.jpg\" \/><\/a> <a rel=\"lightbox[roadtrip]\" target=\"_blank\" href=\"http:\/\/www.schoene-nachrichten.de\/wp-content\/uploads\/2007\/09\/070916_Alhami_09.jpg\" title=\"Foto: Andre Druschel\"><img decoding=\"async\" width=\"128\" src=\"http:\/\/www.schoene-nachrichten.de\/wp-content\/uploads\/2007\/09\/070916_Alhami_09.thumbnail.jpg\" alt=\"070916_Alhami_09.jpg\" \/><\/a><\/p>\n<p>Im Fokus der Gru\u00dfworte stand jedoch vor allem die erfolgreiche Arbeit, die das Team um Dr. Al Hami im eigenen, 2002 in der M\u00fcnsterfeldallee 2, bezogenen Haus durchf\u00fchrt. So gab die Patientin, Frau Schreiner-Koscielny, in ihrer Festrede einen eindrucksvollen pers\u00f6nlichen Bericht \u00fcber ihre Leidens- und Heilungsgeschichte ab, in dem sie schilderte, dass sie sich nach einer Odyssee durch Krankenh\u00e4user in ganz Deutschland, hier im Neuro-Spine-Center endlich mit ihrem Schmerz verstanden gef\u00fchlt und in Dr. Al Hami wirklich den oft zitierten \u201eArzt des Vertrauens\u201c gefunden habe.<\/p>\n<p><a rel=\"lightbox[roadtrip]\" target=\"_blank\" href=\"http:\/\/www.schoene-nachrichten.de\/wp-content\/uploads\/2007\/09\/070916_Alhami_04.jpg\" title=\"Foto: Andre Druschel\"><img decoding=\"async\" width=\"128\" src=\"http:\/\/www.schoene-nachrichten.de\/wp-content\/uploads\/2007\/09\/070916_Alhami_04.thumbnail.jpg\" alt=\"070916_Alhami_04.jpg\" \/><\/a>\u00c2\u00a0<a rel=\"lightbox[roadtrip]\" target=\"_blank\" href=\"http:\/\/www.schoene-nachrichten.de\/wp-content\/uploads\/2007\/09\/070916_Alhami_10.jpg\" title=\"Foto: Andre Druschel\"><img decoding=\"async\" width=\"128\" src=\"http:\/\/www.schoene-nachrichten.de\/wp-content\/uploads\/2007\/09\/070916_Alhami_10.thumbnail.jpg\" alt=\"070916_Alhami_10.jpg\" \/><\/a>\u00c2\u00a0<\/p>\n<p>Sie schloss mit den bewegenden Worten, dass sie nun nach sechs Operationen sehr gl\u00fccklich weil endlich schmerzfrei sei und die Zukunft in ihr Leben zur\u00fcckgekehrt sei. Weniger dramatisch, nicht aber weniger eindr\u00fccklich geriet der Vortrag von Staatsminister Dr. Rhiel, der die Leistungen und das Engagement Dr. Al-Hamis in einen gro\u00dfen gesellschaftlichen Zusammenhang stellte. F\u00fcr die These des Ministers, dass Eigennutz nichts Unmoralisches habe, wenn er im Ergebnis auch der Gesellschaft nutze, gibt das Neuro-Spine-Center als private Unternehmung zum Wohle der Menschen und zur Bereicherung der Gesundheitsregion Osthessen schlie\u00dflich ein leuchtendes Beispiel ab.<\/p>\n<p>Wie mutig die Entscheidung, eine eigene Klinik aufzubauen angesichts der schwierigen Umbauphase im deutschen Gesundheitswesen gewesen sei, best\u00e4tigte auch Alexander Schmidtke, der Gesch\u00e4ftsf\u00fchrer des Herz-Jesu Krankenhauses. Umso erfreulicher ist es, dass die Gr\u00fcndung der Privatklinik zu einer Erfolgsstory geraten ist, die beste Aussichten auf Fortsetzung hat. Immerhin erkranken 80 Prozent aller Menschen in Deutschland mindestens einmal im Leben an einem R\u00fcckenleiden. Zwischen sechs und acht Millionen Menschen leiden chronisch daran, wie es in einer Mitteilung aus dem Bundesgesundheitsministerium hei\u00dft.<\/p>\n<p>Eine Spezialklinik f\u00fcr R\u00fcckenleiden, die neben modernsten Behandlungsmethoden und hoher fachlicher Kompetenz auch kundenorientierten Service und ein freundliches Ambiente bietet, kann daher nur mit weiteren Zuwachsraten und gro\u00dfem Renommee weit \u00fcber die Region Osthessen hinaus rechnen.<\/p>\n<p>Das Neuro-Spine-Center hat also allen Grund sich zu feiern und das taten die G\u00e4ste mit ihrem allseits beliebten Gastgeber denn auch. So begann der gesellige Teil des Abends mit einem \u00fcppigen Gala-Buffet mit ausgesuchten Speisen, die stilvoll um ein Paar lebender Silberstatuen herum arrangiert zum Schlemmen verf\u00fchrten. Mit dezenter Dinnermusik sorgte die versierte Stuttgarter Galaband \u201eBB &amp; the Blueboys\u201c f\u00fcr den musikalischen Rahmen, bevor sie zu sp\u00e4terer Stunde mit fetzigen St\u00fccken zum Tanzen animierten.<\/p>\n<p>Doch nicht nur die Beine, auch die Lachmuskeln kamen zum Einsatz. Das russische Clown-Duo \u201eSintez Buff\u201c \u201eerzog\u201c sich in einer fulminanten Show voller Slapstick, Clownerie und Akrobatik ein paar Nachwuchs-Kom\u00f6dianten aus dem Publikum, was die Zuschauer mit gro\u00dfem Gel\u00e4chter quittierten.<\/p>\n<p>Erholung fanden die G\u00e4ste dagegen in den kleinen Wellness-Oasen der Veranstaltung, einer Zigarrenlounge, in der die Liebhaber des blauen Dunstes kompetent von dem Fachpersonal des Tabakladens \u201ePalm\u201c beraten wurden, und in der \u201cTouch-over Lounge\u201c, in der sich die Damen nachfrisieren, schminken, mit Erfrischungssprays oder einer Nackenmassage verw\u00f6hnen lassen konnten, ein Angebot, das allseits begeistert angenommen wurde.<\/p>\n<p>Viele \u201eAhs\u201c und \u201eOhs\u201c rief auch das Feuerwerk hervor, das von der Barockterrasse aus gesehen und zu H\u00e4ndels Feuerwerksmusik choreographiert einige G\u00e4ste sogar zu Vergleichen mit Hoffesten August des Starken inspirierte. Begeisterung rief ebenfalls die Late Night Show des S\u00e4ngers und Entertainers Christof Rath hervor, der mit pointierten Moderationen durch den Abend gef\u00fchrt hatte und mit Frank Sinatras \u201eMy Way\u201c f\u00fcr einen glanzvollen Schlusspunkt der Veranstaltung sorgte.<\/p>\n<p>F\u00fcr den reibungslosen und perfekt inszenierten Ablauf der Veranstaltung sorgte die renommierte Fuldaer Veranstaltungsagentur WUNDERLAND, der Dr. Al-Hami vertrauensvoll die komplette Gestaltung und Umsetzung \u00fcberlies. (Marianne Blum)<\/p>\n","protected":false},"excerpt":{"rendered":"<div class=\"tmnf_excerpt\"><p>Sch\u00f6nes aus Fulda. \u201eWas f\u00fcr ein elegantes Fest\u201c und \u201etolles Ambiente\u201c, so \u00e4u\u00dferten sich viele der zahlreichen G\u00e4ste der Gala zum 5-j\u00e4hrigen Jubil\u00e4um des Neuro-Spine-Center Al Hami. Sie alle waren in den festlich dekorierten Festsaal des Maritim gekommen, um ihren Gastgeber, den Gr\u00fcnder und Inhaber der Privatklinik, Dr. Samir Al-Hami, als kompetenten Mediziner, mutigen Unternehmer &hellip;<\/p>\n<\/div>","protected":false},"author":1,"featured_media":0,"comment_status":"closed","ping_status":"closed","sticky":false,"template":"","format":"standard","meta":{"footnotes":""},"categories":[1,51],"tags":[],"class_list":["post-5264","post","type-post","status-publish","format-standard","hentry","category-startseite","category-medizin"],"_links":{"self":[{"href":"https:\/\/www.fuldaernachrichten.de\/index.php?rest_route=\/wp\/v2\/posts\/5264","targetHints":{"allow":["GET"]}}],"collection":[{"href":"https:\/\/www.fuldaernachrichten.de\/index.php?rest_route=\/wp\/v2\/posts"}],"about":[{"href":"https:\/\/www.fuldaernachrichten.de\/index.php?rest_route=\/wp\/v2\/types\/post"}],"author":[{"embeddable":true,"href":"https:\/\/www.fuldaernachrichten.de\/index.php?rest_route=\/wp\/v2\/users\/1"}],"replies":[{"embeddable":true,"href":"https:\/\/www.fuldaernachrichten.de\/index.php?rest_route=%2Fwp%2Fv2%2Fcomments&post=5264"}],"version-history":[{"count":0,"href":"https:\/\/www.fuldaernachrichten.de\/index.php?rest_route=\/wp\/v2\/posts\/5264\/revisions"}],"wp:attachment":[{"href":"https:\/\/www.fuldaernachrichten.de\/index.php?rest_route=%2Fwp%2Fv2%2Fmedia&parent=5264"}],"wp:term":[{"taxonomy":"category","embeddable":true,"href":"https:\/\/www.fuldaernachrichten.de\/index.php?rest_route=%2Fwp%2Fv2%2Fcategories&post=5264"},{"taxonomy":"post_tag","embeddable":true,"href":"https:\/\/www.fuldaernachrichten.de\/index.php?rest_route=%2Fwp%2Fv2%2Ftags&post=5264"}],"curies":[{"name":"wp","href":"https:\/\/api.w.org\/{rel}","templated":true}]}}