{"id":526,"date":"2006-12-27T15:19:59","date_gmt":"2006-12-27T14:19:59","guid":{"rendered":"http:\/\/www.schoene-nachrichten.de\/?p=526"},"modified":"2006-12-27T15:21:11","modified_gmt":"2006-12-27T14:21:11","slug":"weihnachten-im-herz-jesu-krankenhaus-visite-mit-landrat","status":"publish","type":"post","link":"https:\/\/www.fuldaernachrichten.de\/?p=526","title":{"rendered":"Weihnachten im Herz-Jesu-Krankenhaus &#8211; &#8220;Visite&#8221; mit Landrat Bernd Woide"},"content":{"rendered":"<p><strong>Sch\u00f6nes aus Fulda.<\/strong> An der traditionellen \u201eWeihnachtsvisite\u201c im Herz-Jesu-Krankenhaus nahm in diesem Jahr erstmals Landrat Bernd Woide teil. Gemeinsam mit Krankenhausleitung und Gesch\u00e4ftsf\u00fchrung w\u00fcnschte er Patienten und Mitarbeitern ein frohes Fest und ein gl\u00fcckliches neues Jahr.<\/p>\n<p>\u00c2\u00a0<\/p>\n<p>Foto: HJK<\/p>\n<p>\u00c2\u00a0<\/p>\n<p><a title=\"Foto: HJK\" href=\"http:\/\/www.schoene-nachrichten.de\/wp-content\/uploads\/2006\/12\/061227-hjk_woide.jpg\" target=\"_blank\"><img decoding=\"async\" id=\"image527\" height=\"96\" alt=\"061227-hjk_woide.jpg\" src=\"http:\/\/www.schoene-nachrichten.de\/wp-content\/uploads\/2006\/12\/061227-hjk_woide.thumbnail.jpg\" \/><\/a><\/p>\n<p>\u00c2\u00a0<\/p>\n<p><!--more--><\/p>\n<p>Der Weihnachtsbesuch des Landrates begann im Geriatrischen Zentrum in der Elisabethenklinik. Anschlie\u00dfend wurden alle Stationen der Inneren Abteilung, der Chirurgie und der Frauenheilkunde und Geburtshilfe des Krankenhauses am Gerloser Weg besucht. Die weihnachtlichen Gr\u00fc\u00dfe wurden in jedes Krankenzimmer getragen und alle Patienten pers\u00f6nlich begr\u00fc\u00dft.<\/p>\n<p>\u00c2\u00a0<\/p>\n<p>Auch drei kleine Engelchen hatten bei einem voll belegten Krankenhaus allerhand zu tun. In jedem Krankenzimmer wurde ein Gedicht aufgesagt, Geschenke verteilt und an die bevorstehende Geburt Christi erinnert. Die Ordensoberin des Krankenhauses, Schwester Eva-Maria Martin, hatte den Besuch des Landrates organisiert und daf\u00fcr gesorgt, dass bei der Vielzahl der Patienten niemand vergessen wurde.<\/p>\n<p>\u00c2\u00a0<\/p>\n<p>Dankbare und freudige Patientinnen und Patienten waren der Beweis, dass sich die Patienten \u00fcber den Besuch des Landrates sehr gefreut haben. Den Abschluss des Weihnachtsbesuches bildete am Abend ein gro\u00dfes Mitarbeiterweihnachtsfest im Foyer des Krankenhauses.<\/p>\n","protected":false},"excerpt":{"rendered":"<div class=\"tmnf_excerpt\"><p>Sch\u00f6nes aus Fulda. An der traditionellen \u201eWeihnachtsvisite\u201c im Herz-Jesu-Krankenhaus nahm in diesem Jahr erstmals Landrat Bernd Woide teil. Gemeinsam mit Krankenhausleitung und Gesch\u00e4ftsf\u00fchrung w\u00fcnschte er Patienten und Mitarbeitern ein frohes Fest und ein gl\u00fcckliches neues Jahr. \u00c2\u00a0 Foto: HJK \u00c2\u00a0 \u00c2\u00a0<\/p>\n<\/div>","protected":false},"author":1,"featured_media":0,"comment_status":"closed","ping_status":"closed","sticky":false,"template":"","format":"standard","meta":{"footnotes":""},"categories":[1],"tags":[],"class_list":["post-526","post","type-post","status-publish","format-standard","hentry","category-startseite"],"_links":{"self":[{"href":"https:\/\/www.fuldaernachrichten.de\/index.php?rest_route=\/wp\/v2\/posts\/526","targetHints":{"allow":["GET"]}}],"collection":[{"href":"https:\/\/www.fuldaernachrichten.de\/index.php?rest_route=\/wp\/v2\/posts"}],"about":[{"href":"https:\/\/www.fuldaernachrichten.de\/index.php?rest_route=\/wp\/v2\/types\/post"}],"author":[{"embeddable":true,"href":"https:\/\/www.fuldaernachrichten.de\/index.php?rest_route=\/wp\/v2\/users\/1"}],"replies":[{"embeddable":true,"href":"https:\/\/www.fuldaernachrichten.de\/index.php?rest_route=%2Fwp%2Fv2%2Fcomments&post=526"}],"version-history":[{"count":0,"href":"https:\/\/www.fuldaernachrichten.de\/index.php?rest_route=\/wp\/v2\/posts\/526\/revisions"}],"wp:attachment":[{"href":"https:\/\/www.fuldaernachrichten.de\/index.php?rest_route=%2Fwp%2Fv2%2Fmedia&parent=526"}],"wp:term":[{"taxonomy":"category","embeddable":true,"href":"https:\/\/www.fuldaernachrichten.de\/index.php?rest_route=%2Fwp%2Fv2%2Fcategories&post=526"},{"taxonomy":"post_tag","embeddable":true,"href":"https:\/\/www.fuldaernachrichten.de\/index.php?rest_route=%2Fwp%2Fv2%2Ftags&post=526"}],"curies":[{"name":"wp","href":"https:\/\/api.w.org\/{rel}","templated":true}]}}