{"id":5249,"date":"2007-09-15T00:29:50","date_gmt":"2007-09-14T22:29:50","guid":{"rendered":"http:\/\/www.schoene-nachrichten.de\/?p=5249"},"modified":"2007-09-15T00:32:30","modified_gmt":"2007-09-14T22:32:30","slug":"geistliche-oekumene-erlebt-ithemba-bedeutet-hoffnung","status":"publish","type":"post","link":"https:\/\/www.fuldaernachrichten.de\/?p=5249","title":{"rendered":"Geistliche \u00d6kumene erlebt \u2013 \u201eiThemba\u201c bedeutet Hoffnung"},"content":{"rendered":"<p><strong><a rel=\"lightbox[roadtrip]\" target=\"_blank\" href=\"http:\/\/www.schoene-nachrichten.de\/wp-content\/uploads\/2007\/09\/070915_team3.jpg\" title=\"070915_team3.jpg\"><img decoding=\"async\" align=\"left\" src=\"http:\/\/www.schoene-nachrichten.de\/wp-content\/uploads\/2007\/09\/070915_team3.thumbnail.jpg\" hspace=\"5\" alt=\"070915_team3.jpg\" \/><\/a>Sch\u00f6nes aus Fulda.<\/strong> Zum siebten Male ist die s\u00fcdafrikanische Gruppe &#8220;iThemba&#8221; jedes Jahr eine Woche im Fuldaer Landkreis unterwegs, haupts\u00e4chlich in den Schulen, um dort von Erfahrungen in S\u00fcdafrika mit Gewalt, Rassismus, Drogen und Aids aus der Sicht junger Christen zu berichten.<!--more--><\/p>\n<p>Gerhard Fritz aus der Pfarrei St. Peter und Paul in Petersberg und Lehrer an der Freiherr vom Stein Schule koordiniert die Schuleins\u00e4tze: \u201e\u00e2\u20ac\u2122iThemba\u00e2\u20ac\u2122 bringt mit ihrer Begeisterung und der Mischung aus Theater, Musik, Tanz und Trommeln das pulsierende Leben Afrikas mit. Das Team tourt durch Deutschland, um eine Botschaft der Hoffnung und der Freude weiterzugeben und um f\u00fcr ein Stra\u00dfenkinderprojekt in S\u00fcdafrika zu sammeln.\u201c<\/p>\n<p>\u201eiThemba\u201c ist ein Wort aus der Zulu-Sprache, eine der elf offiziellen Landessprachen in S\u00fcdafrika und bedeutet Hoffnung. Das Anliegen der Teammitglieder ist es, den Jugendlichen in verschiedenen L\u00e4ndern zu zeigen, da\u00df es Hoffnung f\u00fcr ihr Leben gibt. Viele Teammitglieder kommen aus einer schwierigen Umgebung: Armut, Scheidungen, Vergewaltigungen und t\u00e4tliche \u00dcbergriffe sind nur einige der st\u00e4ndig wiederkehrenden Umst\u00e4nde. Manche waren schon tief abgerutscht in Drogen oder Kriminalit\u00e4t. An einem Punkt in ihrem Leben haben sie erfahren, da\u00df Jesus Christus sie vorbehaltlos liebt und da\u00df er Ihnen eine Perspektive f\u00fcr ihr Leben anbietet.<\/p>\n<p>In sechs Schulen pr\u00e4sentiert die Gruppe ihr Programm in Aulen, in Turnhallen, auf dem Pausenhof oder in Schulklassen. Sie geben Workshops in Tanz, Trommeln, Singen von afrikanischen Liedern aber auch Gespr\u00e4chseinheiten zu Themen wie Drogen, Aids und Sexualit\u00e4t, Rassismus und Vers\u00f6hnung und lassen dabei ihr je eigenes Glaubenszeugnis einflie\u00dfen. Die Schirmherrschaft \u00fcber die Veranstaltung in Fulda hat die \u201eEvangelische Allianz\u201c, ein Zusammenschlu\u00df von evangelischen Landeskirchen und Freikirchen.<\/p>\n<p>Der Referent f\u00fcr Neuevangelisierung im Bisch\u00f6flichen Generalvikariat in Fulda, Thomas Bretz, betont: \u201eSeit 2004, im Zuge der Vorbereitungen auf den Weltjugendtag, kooperiert das Bisch\u00f6fliche Jugendamt mit dem \u201eiThemba\u201c-Projekt. Hier erleben wir die geistliche \u00d6kumene von der viel gesprochen wird: Verantwortliche aus der katholischen und der evangelischen Kirche aus Freikirchen und geistlichen Gemeinschaften beten und arbeiten gemeinsam an einem konkreten Projekt der Jugendevangelisierung.\u201c<\/p>\n<p>Fezeka Khobo (25) aus Johannesburg berichtet, da\u00df ihr Vater von 1988 bis 1994 aufgrund seiner Hautfarbe gewaltsam in ein Gef\u00e4ngnis gesperrt wurde. \u201eSeitdem hasste ich alle Wei\u00dfen. Aber durch meine Freundschaft mit Jesus Christus lernte ich zu begreifen, was Vergebung und Vers\u00f6hnung ist. Heute habe ich viele wei\u00dfe Freunde\u201c, erz\u00e4hlt sie.<\/p>\n<p>Auch Harald Fr\u00fchauf, Direktor der Domschule in Fulda, an der Kinder und Jugendliche aus 26 Nationen unterrichtet werden, betont: Die Botschaft der Hoffnung von \u201eiThemba\u201c von Vers\u00f6hnung und Vielfalt buchstabieren wir immer wieder im Schulalltag und ist vielleicht ein friedliches Vorbild f\u00fcr die Welt. F\u00fcr das kommende Jahr wurde \u201eiThemba\u201c bereits von elf Schulen im Landkreis eingeladen.<\/p>\n","protected":false},"excerpt":{"rendered":"<div class=\"tmnf_excerpt\"><p>Sch\u00f6nes aus Fulda. Zum siebten Male ist die s\u00fcdafrikanische Gruppe &#8220;iThemba&#8221; jedes Jahr eine Woche im Fuldaer Landkreis unterwegs, haupts\u00e4chlich in den Schulen, um dort von Erfahrungen in S\u00fcdafrika mit Gewalt, Rassismus, Drogen und Aids aus der Sicht junger Christen zu berichten.<\/p>\n<\/div>","protected":false},"author":1,"featured_media":0,"comment_status":"closed","ping_status":"closed","sticky":false,"template":"","format":"standard","meta":{"footnotes":""},"categories":[1,72,50],"tags":[],"class_list":["post-5249","post","type-post","status-publish","format-standard","hentry","category-startseite","category-jugend","category-kirche"],"_links":{"self":[{"href":"https:\/\/www.fuldaernachrichten.de\/index.php?rest_route=\/wp\/v2\/posts\/5249","targetHints":{"allow":["GET"]}}],"collection":[{"href":"https:\/\/www.fuldaernachrichten.de\/index.php?rest_route=\/wp\/v2\/posts"}],"about":[{"href":"https:\/\/www.fuldaernachrichten.de\/index.php?rest_route=\/wp\/v2\/types\/post"}],"author":[{"embeddable":true,"href":"https:\/\/www.fuldaernachrichten.de\/index.php?rest_route=\/wp\/v2\/users\/1"}],"replies":[{"embeddable":true,"href":"https:\/\/www.fuldaernachrichten.de\/index.php?rest_route=%2Fwp%2Fv2%2Fcomments&post=5249"}],"version-history":[{"count":0,"href":"https:\/\/www.fuldaernachrichten.de\/index.php?rest_route=\/wp\/v2\/posts\/5249\/revisions"}],"wp:attachment":[{"href":"https:\/\/www.fuldaernachrichten.de\/index.php?rest_route=%2Fwp%2Fv2%2Fmedia&parent=5249"}],"wp:term":[{"taxonomy":"category","embeddable":true,"href":"https:\/\/www.fuldaernachrichten.de\/index.php?rest_route=%2Fwp%2Fv2%2Fcategories&post=5249"},{"taxonomy":"post_tag","embeddable":true,"href":"https:\/\/www.fuldaernachrichten.de\/index.php?rest_route=%2Fwp%2Fv2%2Ftags&post=5249"}],"curies":[{"name":"wp","href":"https:\/\/api.w.org\/{rel}","templated":true}]}}