{"id":52002,"date":"2010-09-27T03:04:29","date_gmt":"2010-09-27T01:04:29","guid":{"rendered":"http:\/\/www.schoene-nachrichten.de\/?p=52002"},"modified":"2010-09-27T08:04:57","modified_gmt":"2010-09-27T06:04:57","slug":"neu-im-kino-the-road-kinostart-am-07-10-2010","status":"publish","type":"post","link":"https:\/\/www.fuldaernachrichten.de\/?p=52002","title":{"rendered":"Neu im Kino: The Road &#8211; Kinostart am 07.10.2010"},"content":{"rendered":"<p><strong><a href=\"http:\/\/www.schoene-nachrichten.de\/wp-content\/uploads\/2010\/02\/100210_Road.jpg\"><img fetchpriority=\"high\" decoding=\"async\" class=\"alignleft size-thumbnail wp-image-52003\" title=\"100210_Road\" src=\"http:\/\/www.schoene-nachrichten.de\/wp-content\/uploads\/2010\/02\/100210_Road-265x378.jpg\" alt=\"100210_Road\" width=\"265\" height=\"378\" srcset=\"https:\/\/www.fuldaernachrichten.de\/wp-content\/uploads\/2010\/02\/100210_Road-265x378.jpg 265w, https:\/\/www.fuldaernachrichten.de\/wp-content\/uploads\/2010\/02\/100210_Road.jpg 399w\" sizes=\"(max-width: 265px) 100vw, 265px\" \/><\/a>Kino. <\/strong>Die Zivilisation, wie wir sie kennen, existiert nicht mehr. Die Sonne ist verdunkelt, tierisches wie pflanzliches Leben ist ausgestorben, und nur wenige Menschen haben die Katastrophe \u00fcberlebt. Unter ihnen ein Vater (Viggo Mortensen), der nach dem Selbstmord seiner verzweifelten Frau (Charlize Theron) alleine mit dem gemeinsamen Sohn (Kodi Smit-McPhee) durch verw\u00fcstete St\u00e4dte und zerst\u00f6rte Stra\u00dfen Richtung S\u00fcden zieht, in der Hoffnung, dass es dort w\u00e4rmer ist. Angst, Furcht und Hoffnungslosigkeit dominieren ihren Alltag auf der Suche nach Zuflucht, Wasser und Essen. In jedem Autowrack und jedem verlassenen Haus k\u00f6nnten andere \u00dcberlebende lauern, die ihnen nach den letzten Habseligkeiten oder sogar dem Leben trachten. Inmitten dieser Welt aus unendlicher \u00d6dnis und kannibalistischer Gewalt versucht der Vater nach allen Kr\u00e4ften, seinem Sohn einen Rest Lebensmut zu erhalten.<\/p>\n<p><strong> Kinosrart: 07.10.2010<\/strong><\/p>\n","protected":false},"excerpt":{"rendered":"<div class=\"tmnf_excerpt\"><p>Kino. Die Zivilisation, wie wir sie kennen, existiert nicht mehr. Die Sonne ist verdunkelt, tierisches wie pflanzliches Leben ist ausgestorben, und nur wenige Menschen haben die Katastrophe \u00fcberlebt. Unter ihnen ein Vater (Viggo Mortensen), der nach dem Selbstmord seiner verzweifelten Frau (Charlize Theron) alleine mit dem gemeinsamen Sohn (Kodi Smit-McPhee) durch verw\u00fcstete St\u00e4dte und zerst\u00f6rte &hellip;<\/p>\n<\/div>","protected":false},"author":1,"featured_media":0,"comment_status":"closed","ping_status":"closed","sticky":false,"template":"","format":"standard","meta":{"footnotes":""},"categories":[1,79],"tags":[],"class_list":["post-52002","post","type-post","status-publish","format-standard","hentry","category-startseite","category-kino"],"_links":{"self":[{"href":"https:\/\/www.fuldaernachrichten.de\/index.php?rest_route=\/wp\/v2\/posts\/52002","targetHints":{"allow":["GET"]}}],"collection":[{"href":"https:\/\/www.fuldaernachrichten.de\/index.php?rest_route=\/wp\/v2\/posts"}],"about":[{"href":"https:\/\/www.fuldaernachrichten.de\/index.php?rest_route=\/wp\/v2\/types\/post"}],"author":[{"embeddable":true,"href":"https:\/\/www.fuldaernachrichten.de\/index.php?rest_route=\/wp\/v2\/users\/1"}],"replies":[{"embeddable":true,"href":"https:\/\/www.fuldaernachrichten.de\/index.php?rest_route=%2Fwp%2Fv2%2Fcomments&post=52002"}],"version-history":[{"count":8,"href":"https:\/\/www.fuldaernachrichten.de\/index.php?rest_route=\/wp\/v2\/posts\/52002\/revisions"}],"predecessor-version":[{"id":71330,"href":"https:\/\/www.fuldaernachrichten.de\/index.php?rest_route=\/wp\/v2\/posts\/52002\/revisions\/71330"}],"wp:attachment":[{"href":"https:\/\/www.fuldaernachrichten.de\/index.php?rest_route=%2Fwp%2Fv2%2Fmedia&parent=52002"}],"wp:term":[{"taxonomy":"category","embeddable":true,"href":"https:\/\/www.fuldaernachrichten.de\/index.php?rest_route=%2Fwp%2Fv2%2Fcategories&post=52002"},{"taxonomy":"post_tag","embeddable":true,"href":"https:\/\/www.fuldaernachrichten.de\/index.php?rest_route=%2Fwp%2Fv2%2Ftags&post=52002"}],"curies":[{"name":"wp","href":"https:\/\/api.w.org\/{rel}","templated":true}]}}