{"id":51440,"date":"2010-02-04T00:57:38","date_gmt":"2010-02-03T23:57:38","guid":{"rendered":"http:\/\/www.schoene-nachrichten.de\/?p=51440"},"modified":"2010-02-04T07:59:09","modified_gmt":"2010-02-04T06:59:09","slug":"kulturschaufenster-lothar-behounek","status":"publish","type":"post","link":"https:\/\/www.fuldaernachrichten.de\/?p=51440","title":{"rendered":"Kulturschaufenster &#8211; Lothar Behounek"},"content":{"rendered":"<p><img decoding=\"async\" src=\"http:\/\/www.kulturschaufenster.com\/wp-content\/themes\/theme896\/images\/100128_Kulturschaufenster.png\" alt=\"Portrait\" \/><br \/>\nJede Woche neu zeigt das Kulturschaufenster, wie viele interessante Kreative es in Osthessen gibt. Diese Woche:  Der Leiter der Landesmusikakademie Hessen, Lothar Behounek.<\/p>\n<p>Erst k\u00fcrzlich ist er mit seiner Familie in die Region gezogen. Ein Jahr lang pendelte er zwischen S\u00fcddeutschland und Schlitz, wo er im Herbst 2008 den Posten als Leiter der Landesmusikakademie Hessen auf Schloss Hallenburg \u00fcbernommen hat. Dass er damit wohl einen der sch\u00f6nsten Arbeitpl\u00e4tze im Landkreis hat, ist ihm wohl bewusst. Die erst in den letzten Jahren umfassend renovierte barocke Schlossanlage mitten in dem alten englischen Park ist nicht aber nicht nur ein f\u00fcrstliches Ambiente, sie bietet Musikern ideale Voraussetzungen mit ihren bestens ausgestatteten Probenr\u00e4umen in jeder Gr\u00f6\u00dfe, \u00dcbernachtungsm\u00f6glichkeiten auf dem Gel\u00e4nde und nat\u00fcrlich mit ihren eleganten Vortragss\u00e4len, die f\u00fcr kleine Kammermusikabende ebenso wie f\u00fcr gro\u00dfe Gala-Konzerte geeignet sind. Kein Wunder, dass sich das nicht nur bei den Aktiven von Schulorchestern bis zu Profiensembles, von Laien-Ch\u00f6ren bis zu gro\u00dfen Solisten herumgesprochen hat, sondern auch das Publikum gern her kommt und die Hallenburg immer mehr Menschen auch weit \u00fcber die Region hinaus mit ihren Akademie- und Matinee-Konzerten, dem j\u00e4hrlich durchgef\u00fchrte Pianisten-Wettstreit \u201ePianale\u201c und zahlreichen Sonderveranstaltungen ein Begriff wird.<\/p>\n<p>Dieses Potential noch zu steigern, hat sich der 1956 in Bamberg geborene Behounek vorgenommen. Schon in Steinheim am Albuch (Ost Baden-W\u00fcrttemberg) war er sehr aktiv: Von 1993 &#8211; 20089 war er Leiter der \u00f6rtlichen Musikschule, f\u00fchrte den Vorsitz beim Zusammenschluss von 14 regionalen Musikschulen, war Mitglied im Forum Internationale Musikschulakademie Schloss Kapfenburg, sa\u00df im Regionalausschuss von \u201eJugend musiziert\u201c und war Vorstandsmitglied des \u201eJungen Kammerorchesters Ost-W\u00fcrttemberg\u201c, das er mitbegr\u00fcndete.<\/p>\n<p>F\u00fcr Schlitz hat er sich nun vorgenommen, die Akademie- und Matineekonzerte noch bekannter zu machen, aber daneben auch andere Sparten wie Jazz und Musik-Kabarett in der Hallenburg zu etablieren. Auch Veranstaltungen, auf denen neben guter Musik kulinarische Gaumenfreuden dargeboten werden, wie der Silvesterball, ein Sommerfest und Gartenkonzerte, stehen auf der Agenda von Lothar Behounek.<\/p>\n<p>Dass seine eigene Musik dabei zu kurz kommt \u2013 er hat Akkordeon und Schlagzeug studiert und war lange Jahre Chor- und Orchesterleiter \u2013 nimmt er angesichts dieser Herausforderungen in Kauf. Dass er bei allem, was sich vorgenommen hat, erfolgreich ist, w\u00fcnschen wir dem sympathischen Musiker und Organisator. Die Region wird von diesem kulturellen Leuchtturm in jeder Hinsicht profitieren.<\/p>\n<ol>\n<li><strong>Kommen Sie aus der Region oder hat es Sie ins Fuldaer Land verschlagen? Wie kam es dazu?<\/strong><br \/>\nIch komme aus Baden-W\u00fcrtemberg. Die Direktorenstelle an der Landesmusikakademie Hessen hat mich gereizt.<\/li>\n<li><strong>Was sind Ihre n\u00e4chsten Projekte?<\/strong><br \/>\nTermine: 16.01. Simba \u2013 K\u00f6nig der L\u00f6wen<br \/>\nJazzkonzerte am 09.03. und 26.03.10 \u201eJazz am Freitag\u201c<br \/>\nLandeswettbewerb Jugend musiziert vom 11. \u2013 14.03.10<br \/>\nKonzert mit dem Landessinfonieorchester am 11.04.10<br \/>\nOrchesterkonzerte f\u00fcr Kinder im Mai (falls Finanzierung klappt)<br \/>\n\u201eSchlitz feiert\u201c am 09.-11.07.2010 und, und, und&#8230;<\/li>\n<li><strong>Was w\u00fcrden Sie gern k\u00f6nnen\/ noch lernen?<\/strong><br \/>\nGleitschirmfliegen \u2013 keine Zeit.<\/li>\n<li><strong>Was sehen Sie am liebsten im Fernsehen?<\/strong><br \/>\nNachrichten auf dem Zweiten<\/li>\n<li><strong>Was ist ihr Lieblingslied?<\/strong><br \/>\nHeute: \u201eWinter of Canada\u201c. F\u00e4llt mir gerade ein, wo ich es im Radio h\u00f6re bei  dem sch\u00f6nen Winterwetter.<\/li>\n<li><strong>Was essen Sie ganz besonders gern? Was m\u00f6gen Sie gar nicht?<\/strong><br \/>\nLasagne\/ lauwarmes Essen!!!!<\/li>\n<li><strong>Was ist die bl\u00f6deste Frage, die ihnen jemals gestellt wurde?<\/strong><br \/>\nSie wissen: Es gibt nur bl\u00f6de und bl\u00f6deste Antworten.<\/li>\n<li><strong>Gibt es einen K\u00fcnstler in der Region, den Sie <span style=\"text-decoration: line-through;\">gut finden\/ bewundern\/<\/span> ganz besonders sch\u00e4tzen<span style=\"text-decoration: line-through;\">\/ verehren (Unzutreffendes bitte streichen)? <\/span>Und warum?<\/strong><br \/>\nDen Bildhauer Ulrich Barnickel und seine Skulpturen \u201eWeg der Hoffnung\u201c auf Point Alpha.<\/li>\n<li><strong>Welche Eigenschaft w\u00fcrden Sie sich am ehesten zuordnen?<\/strong><br \/>\nZielstrebigkeit.<\/li>\n<li><strong>Was w\u00fcrden Sie mit einem Lottogewinn tun?<\/strong><br \/>\nKulturelle und soziale Zwecke unterst\u00fctzen.<\/li>\n<\/ol>\n","protected":false},"excerpt":{"rendered":"<div class=\"tmnf_excerpt\"><p>Jede Woche neu zeigt das Kulturschaufenster, wie viele interessante Kreative es in Osthessen gibt. Diese Woche: Der Leiter der Landesmusikakademie Hessen, Lothar Behounek. Erst k\u00fcrzlich ist er mit seiner Familie in die Region gezogen. Ein Jahr lang pendelte er zwischen S\u00fcddeutschland und Schlitz, wo er im Herbst 2008 den Posten als Leiter der Landesmusikakademie Hessen &hellip;<\/p>\n<\/div>","protected":false},"author":1,"featured_media":0,"comment_status":"closed","ping_status":"closed","sticky":false,"template":"","format":"standard","meta":{"footnotes":""},"categories":[1,79,44],"tags":[],"class_list":["post-51440","post","type-post","status-publish","format-standard","hentry","category-startseite","category-kino","category-kultur"],"_links":{"self":[{"href":"https:\/\/www.fuldaernachrichten.de\/index.php?rest_route=\/wp\/v2\/posts\/51440","targetHints":{"allow":["GET"]}}],"collection":[{"href":"https:\/\/www.fuldaernachrichten.de\/index.php?rest_route=\/wp\/v2\/posts"}],"about":[{"href":"https:\/\/www.fuldaernachrichten.de\/index.php?rest_route=\/wp\/v2\/types\/post"}],"author":[{"embeddable":true,"href":"https:\/\/www.fuldaernachrichten.de\/index.php?rest_route=\/wp\/v2\/users\/1"}],"replies":[{"embeddable":true,"href":"https:\/\/www.fuldaernachrichten.de\/index.php?rest_route=%2Fwp%2Fv2%2Fcomments&post=51440"}],"version-history":[{"count":1,"href":"https:\/\/www.fuldaernachrichten.de\/index.php?rest_route=\/wp\/v2\/posts\/51440\/revisions"}],"predecessor-version":[{"id":51441,"href":"https:\/\/www.fuldaernachrichten.de\/index.php?rest_route=\/wp\/v2\/posts\/51440\/revisions\/51441"}],"wp:attachment":[{"href":"https:\/\/www.fuldaernachrichten.de\/index.php?rest_route=%2Fwp%2Fv2%2Fmedia&parent=51440"}],"wp:term":[{"taxonomy":"category","embeddable":true,"href":"https:\/\/www.fuldaernachrichten.de\/index.php?rest_route=%2Fwp%2Fv2%2Fcategories&post=51440"},{"taxonomy":"post_tag","embeddable":true,"href":"https:\/\/www.fuldaernachrichten.de\/index.php?rest_route=%2Fwp%2Fv2%2Ftags&post=51440"}],"curies":[{"name":"wp","href":"https:\/\/api.w.org\/{rel}","templated":true}]}}