{"id":51196,"date":"2010-02-01T00:54:34","date_gmt":"2010-01-31T23:54:34","guid":{"rendered":"http:\/\/www.schoene-nachrichten.de\/?p=51196"},"modified":"2010-02-01T10:57:19","modified_gmt":"2010-02-01T09:57:19","slug":"51196","status":"publish","type":"post","link":"https:\/\/www.fuldaernachrichten.de\/?p=51196","title":{"rendered":"Kulturschaufenster &#8211; Daniel M\u00fcller"},"content":{"rendered":"<p><img fetchpriority=\"high\" decoding=\"async\" class=\"alignleft\" title=\"Kulturschaufenster\" src=\"http:\/\/www.kulturschaufenster.com\/wp-content\/themes\/theme896\/images\/100118_Kulturschaufenster.png\" alt=\"\" width=\"286\" height=\"262\" \/>Aus der Hochrh\u00f6n stammt er und da wohnt er \u2013 nach seinem Studium in Marburg \u2013 heute wieder. Von hier aus ist er in ganz Deutschland und sogar dar\u00fcber hinaus unterwegs. Denn der Keyboarder, Arrangeur und Komponist ist gefragt und das nicht nur bei regionalen Gr\u00f6\u00dfen. So dr\u00fcckt er u.a. bei dem schr\u00e4gen Schlagers\u00e4nger und Grand Prix Teilnehmer Guildo Horn die Tasten, sei es live on stage oder bei diversen Fernsehauftritten. Dann geh\u00f6rt er zu der Fuldaer Partyband \u201eMambo Kingx\u201c, ist Gr\u00fcndungsmitglied der rockigen Volksmusik-Formation \u201eLahntaler\u201c, spielt und arrangiert f\u00fcr das Damen-Trio \u201eSabinett\u201c und f\u00fcr das erfolgreiche Comedy-Duo \u201eWolf &amp; Bleuel\u201c und ist selbst Teil des Musik-Kabarett Duos \u201eBELLA &amp; BELLISSIMO\u201c, und damit sind nur die Highlights aufgez\u00e4hlt.<\/p>\n<p>Was man auf dieser Aufz\u00e4hlung schlie\u00dfen kann: Der Mann ist vielseitig. Er ist auf keinen Musikstil festgelegt, aber das humorige Element spielt immer eine Rolle, mal mehr, mal weniger offensichtlich. Und genau das spiegelt auch den Charakter dieses Musikers: Er ist offen, stets gut gelaunt, mit einem ausgepr\u00e4gten Sinn f\u00fcr Komik ausgestattet und kann nicht \u201eNein\u201c sagen. Dar\u00fcber hat er sogar ein Lied geschrieben&#8230;.<!--more--><\/p>\n<ol>\n<li><strong>Kommen Sie aus der Region oder hat es Sie ins Fuldaer Land verschlagen? Wie kam es dazu?<\/strong><br \/>\nIch bin geb\u00fcrtiger Rh\u00f6ner, zog zum Studium fort und kam danach wieder zur\u00fcck in die Heimat.<\/li>\n<li><strong>Was sind Ihre n\u00e4chsten Projekte?<\/strong><br \/>\nIch arbeite gerade sehr viel mit der Band \u201eLahntaler\u201c, eine Mischung aus Volksmusik und Rock mit hessisch angehauchten Texten. Dazu gesellen sich viele Live-Auftritte mit den Mambo-Kingx, Guildo Horn und Sabinett. Bella &amp; Bellissimo schreben gerade an vielen neuen Eigenkompositionen. Es wird also nicht langweilig.<\/li>\n<li><strong>Was w\u00fcrden Sie gern k\u00f6nnen\/ noch lernen?<\/strong><br \/>\nK\u00f6nnen: Gitarre, ein Instrument, welches ich nie begreifen werde.<br \/>\nLernen: Lesen. Ich schaffe nie mehr als zwei Seiten. Dann geht die Entspannung in die Tiefschlafphase \u00fcber.<\/li>\n<li><strong>Was sehen Sie am liebsten im Fernsehen?<\/strong><br \/>\nDokumentationen auf N24 oder Ph\u00f6nix, \u201eNeues aus der Anstalt\u201c, gute Spielfilme. Viel l\u00e4nger ist die Liste, was ich nicht gern sehe, zusammengefasst 95% der Sendungen von RTL und Co.<\/li>\n<li><strong>Was ist ihr Lieblingslied?<\/strong><br \/>\nIch habe wirklich sehr viele, sage aber einfach mal \u201eOh Danny Boy\u201c. Das passt so sch\u00f6n an dieser Stelle.<\/li>\n<li><strong>Was essen Sie ganz besonders gern? Was m\u00f6gen Sie gar nicht?<\/strong><br \/>\nIch mag einfache Hausmannskost, das klassische Teller-Dreigestirn: Gesund, Kohlenhydrate, Fett. Ich hasse \u201etannenwaldschonungsgro\u00dfe\u201c Zugabe von Rosmarin zu Kartoffeln etc.<\/li>\n<li><strong>Was ist die bl\u00f6deste Frage, die ihnen jemals gestellt wurde?<\/strong><br \/>\nHabe ich dich geweckt? Darf ich mir mal eine Zigarette leihen?<\/li>\n<li><strong>Gibt es einen K\u00fcnstler in der Region, den Sie gut finden\/ bewundern\/ ganz besonders sch\u00e4tzen\/ verehren (Unzutreffendes bitte streichen)? Und warum?<\/strong><br \/>\nDen Maler Peter Blum und den Fotografen Andr\u00e9 Druschel. Menschen mit begnadetem Blick.<\/li>\n<li><strong>Welche Eigenschaft w\u00fcrden Sie sich am ehesten zuordnen?<\/strong><br \/>\nHumor und Leichtigkeit.<\/li>\n<li><strong>Was w\u00fcrden Sie mit einem Lottogewinn tun?<\/strong><br \/>\nAusgeben f\u00fcr Sinnvolles und Sinnloses.<\/li>\n<\/ol>\n","protected":false},"excerpt":{"rendered":"<div class=\"tmnf_excerpt\"><p>Aus der Hochrh\u00f6n stammt er und da wohnt er \u2013 nach seinem Studium in Marburg \u2013 heute wieder. Von hier aus ist er in ganz Deutschland und sogar dar\u00fcber hinaus unterwegs. Denn der Keyboarder, Arrangeur und Komponist ist gefragt und das nicht nur bei regionalen Gr\u00f6\u00dfen. So dr\u00fcckt er u.a. bei dem schr\u00e4gen Schlagers\u00e4nger und &hellip;<\/p>\n<\/div>","protected":false},"author":1,"featured_media":0,"comment_status":"closed","ping_status":"closed","sticky":false,"template":"","format":"standard","meta":{"footnotes":""},"categories":[1,79,44],"tags":[],"class_list":["post-51196","post","type-post","status-publish","format-standard","hentry","category-startseite","category-kino","category-kultur"],"_links":{"self":[{"href":"https:\/\/www.fuldaernachrichten.de\/index.php?rest_route=\/wp\/v2\/posts\/51196","targetHints":{"allow":["GET"]}}],"collection":[{"href":"https:\/\/www.fuldaernachrichten.de\/index.php?rest_route=\/wp\/v2\/posts"}],"about":[{"href":"https:\/\/www.fuldaernachrichten.de\/index.php?rest_route=\/wp\/v2\/types\/post"}],"author":[{"embeddable":true,"href":"https:\/\/www.fuldaernachrichten.de\/index.php?rest_route=\/wp\/v2\/users\/1"}],"replies":[{"embeddable":true,"href":"https:\/\/www.fuldaernachrichten.de\/index.php?rest_route=%2Fwp%2Fv2%2Fcomments&post=51196"}],"version-history":[{"count":5,"href":"https:\/\/www.fuldaernachrichten.de\/index.php?rest_route=\/wp\/v2\/posts\/51196\/revisions"}],"predecessor-version":[{"id":51201,"href":"https:\/\/www.fuldaernachrichten.de\/index.php?rest_route=\/wp\/v2\/posts\/51196\/revisions\/51201"}],"wp:attachment":[{"href":"https:\/\/www.fuldaernachrichten.de\/index.php?rest_route=%2Fwp%2Fv2%2Fmedia&parent=51196"}],"wp:term":[{"taxonomy":"category","embeddable":true,"href":"https:\/\/www.fuldaernachrichten.de\/index.php?rest_route=%2Fwp%2Fv2%2Fcategories&post=51196"},{"taxonomy":"post_tag","embeddable":true,"href":"https:\/\/www.fuldaernachrichten.de\/index.php?rest_route=%2Fwp%2Fv2%2Ftags&post=51196"}],"curies":[{"name":"wp","href":"https:\/\/api.w.org\/{rel}","templated":true}]}}