{"id":5113,"date":"2007-09-09T01:10:27","date_gmt":"2007-09-08T23:10:27","guid":{"rendered":"http:\/\/www.schoene-nachrichten.de\/?p=5113"},"modified":"2007-09-09T01:10:27","modified_gmt":"2007-09-08T23:10:27","slug":"108-deutsche-wandertag-in-fulda-und-der-rhoen-interview-mit-rhoenklub-praesidentin-regina-rinke","status":"publish","type":"post","link":"https:\/\/www.fuldaernachrichten.de\/?p=5113","title":{"rendered":"108. Deutsche Wandertag in Fulda und der Rh\u00f6n &#8211; Interview mit Rh\u00f6nklub-Pr\u00e4sidentin Regina Rinke"},"content":{"rendered":"<p><strong><a rel=\"lightbox[roadtrip]\" target=\"_blank\" href=\"http:\/\/www.schoene-nachrichten.de\/wp-content\/uploads\/2007\/09\/070909_regina_rinke.jpg\" title=\"070909_regina_rinke.jpg\"><img decoding=\"async\" align=\"left\" src=\"http:\/\/www.schoene-nachrichten.de\/wp-content\/uploads\/2007\/09\/070909_regina_rinke.thumbnail.jpg\" hspace=\"5\" alt=\"070909_regina_rinke.jpg\" \/><\/a>Sch\u00f6nes aus der Rh\u00f6n.<\/strong> Vom 26. bis 30. Juni 2008 wird in Fulda und damit in der gesamten Rh\u00f6n der 108. Deutsche Wandertag stattfinden. Der Rh\u00f6nklub ist Ausrichter dieses Gro\u00dfereignisses und wird dabei von der Stadt Fulda, den f\u00fcnf Rh\u00f6nlandkreisen und dem Land Hessen unterst\u00fctzt. Doch wie ist die Rh\u00f6n auf den Deutschen Wandertag und die mehr als 30 000 G\u00e4ste vorbereitet? Regina Rinke, Pr\u00e4sidentin des Rh\u00f6nklubs, antwortet im Interview.<!--more--><\/p>\n<p><strong>Frau Rinke, Sie waren vor wenigen Wochen Gast des 107. Deutschen Wandertages in Saarlouis. Mit welchen Erfahrungen sind sie von dort zur\u00fcckgekehrt?<\/strong>\u00c2\u00a0<\/p>\n<p><strong>Regina Rinke:<\/strong> Ich besuche seit 30 Jahren die Deutschen Wandertage. Aber mit Blick auf Fulda habe ich die beiden letzten in der Eifel und in Saarlouis ganz bewusst miterlebt. Bei beiden Wandertagen gab es ein hervorragendes Wetter \u2013 und das ist unwahrscheinlich wichtig f\u00fcr den Erfolg. Aber daran k\u00f6nnen wir in der Rh\u00f6n nat\u00fcrlich nicht drehen. In Saarlouis gab es einen gro\u00dfen Markt, auf dem der Festbetrieb stattfand.<\/p>\n<p>Direkt daneben war ein Zelt f\u00fcr die Aussteller, also f\u00fcr die Tourismusmesse, aufgebaut. Das hat dazu gef\u00fchrt, dass die Besucher des Festbetriebs direkt in die Ausstellung kamen. Wir haben von dieser Variante gelernt und werden unsere urspr\u00fcnglichen Pl\u00e4ne jetzt \u00e4ndern.<\/p>\n<p><strong>Was genau bedeutet das?<\/strong><\/p>\n<p><strong>Regina Rinke:<\/strong> Wir wollten die Tourismusb\u00f6rse urspr\u00fcnglich im Fuldaer Esperanto-Hotel und die einzelnen Veranstaltungen auf verschiedenen Pl\u00e4tzen der Stadt stattfinden lassen. Aber nach dem deutschen Wandertag in Saarlouis hat uns der Fuldaer Oberb\u00fcrgermeister Gerhard M\u00f6ller, der ebenfalls dort zu Gast war, schnell zu einem Gespr\u00e4ch eingeladen.<\/p>\n<p>Er bietet uns jetzt die gesamte Pauluspromenade f\u00fcr den Festbetrieb und die Orangerie als Ort f\u00fcr die Tourismusb\u00f6rse an. Damit haben wir den gleichen Effekt wie in Saarlouis: Festmeile und Tourismusmesse sind nicht voneinander getrennt. Mehr noch: Mit der Pauluspromenade, der Orangerie, dem Schlossgarten und dem Dom haben wir ein solch attraktives Zentrum f\u00fcr den Deutschen Wandertag, wie es andere Veranstaltungsorte so einfach nicht hatten und haben.<\/p>\n<p><strong>Mit wie vielen G\u00e4sten rechnen Sie zum 108. Deutschen Wandertag \u2013 und wie ist die Region darauf vorbereitet?<\/strong><\/p>\n<p><strong>Regina Rinke:<\/strong> Ich bin \u00fcberzeugt davon, dass wir die Besucherzahl von rund 30 000 in Saarlouis toppen k\u00f6nnen. Wir haben in Saarlouis gemerkt, dass es ein gro\u00dfes Interesse an Fulda und der Rh\u00f6n gibt. Was die Stadt Fulda betrifft, so habe ich das Gef\u00fchl, dass sie ausgezeichnet auf dieses Ereignis vorbereitet ist. Die Stadt hat uns volle Unterst\u00fctzung zugesichert. Wir brauchen auch sehr viele Leute, die sich um alles M\u00f6gliche k\u00fcmmern.<\/p>\n<p>Auch die f\u00fcnf Rh\u00f6ner Landkreise haben uns mit jeweils 10 000 Euro unterst\u00fctzt. Schlie\u00dflich werden die wenigsten Wanderer ja in Fulda selbst, sondern vielmehr in der Rh\u00f6n \u00fcbernachten, wo sie auch den Ausgangspunkt f\u00fcr die Wanderrouten finden. Doch mit dem Geld alleine ist es nicht getan. Wir brauchen zum Beispiel noch Busse, die die Wanderer kostenlos bef\u00f6rdern, unter anderem zur Abschlussveranstaltung auf Point Alpha.<\/p>\n<p><strong>Wie hat sich die einheimische Gastronomie und Hotellerie auf den zu erwartenden Ansturm eingestellt?<\/strong><\/p>\n<p><strong>Regina Rinke:<\/strong> Ich bin mir nicht sicher, ob wirklich schon alle Gastst\u00e4tten und Beherbergungsbetriebe in der Rh\u00f6n wissen, dass der 108. Deutsche Wandertag in gerade mal neun Monaten hier bei uns stattfindet. Einige Gastst\u00e4tten wie das Eisenacher Haus auf dem Ellenbogen in Th\u00fcringen veranstalten w\u00e4hrend des Wandertages spezielle Feste. Leider wollten aber verschiedene Orte nicht von ihren festen Veranstaltungspl\u00e4nen abr\u00fccken.<\/p>\n<p>Sie waren nicht bereit, Veranstaltungen mit gro\u00dfer Publikumswirkung in die Zeit des Deutschen Wandertages zu legen. Au\u00dferdem hatten wir schon mehrfach dazu aufgefordert, dass sich Selbstvermarkter wie Schnapsbrenner, Brotb\u00e4cker oder Salamimacher sowie Musikkapellen bei uns melden, denn diese brauchen wir f\u00fcr das Rahmenprogramm in Fulda. Da ist leider auch noch nicht viel passiert.<\/p>\n<p><strong>Wie ist es um die Wanderwege in der Rh\u00f6n bestellt, und wie bereitet sich der Rh\u00f6nklub vor, um der enormen Nachfrage nach gef\u00fchrten Wanderungen w\u00e4hrend des Deutschen Wandertages gerecht zu werden?<\/strong><\/p>\n<p><strong>Regina Rinke:<\/strong> Die Wanderwege sind in einem sehr guten Zustand, und unsere Zweigvereine ziehen allesamt sehr gut mit. In dieser Beziehung habe ich gar keinen Kummer. Allerdings wissen wir von den letzten Deutschen Wandertagen, dass an den Wanderungen immer weit mehr Menschen teilgenommen haben, als angemeldet waren. In der Regel waren es doppelt so viele. Das bringt nat\u00fcrlich logistische Probleme mit sich.<\/p>\n<p>Unsere Zweigvereine m\u00fcssen daher in der Hinterhand noch ein oder zwei Wanderf\u00fchrer haben, die sofort einspringen, wenn die Gruppe mehr als 50 Teilnehmer hat. Eine Wanderung mit 150 Leuten kann man unm\u00f6glich alleine f\u00fchren. Au\u00dferdem wollen wir unterwegs Obst und Getr\u00e4nke anbieten. Nichts ist schlimmer, als wenn die Wanderer nicht einmal eine Flasche Wasser kaufen oder sich mit frischem Obst st\u00e4rken k\u00f6nnen.<\/p>\n<p>Das Obst sponsert uns \u00fcbrigens tegut\u00e2\u20ac\u00a6 Wenn wir eine Rast einlegen, dann m\u00fcssen an diesem Ort gen\u00fcgend Sitzm\u00f6glichkeiten vorhanden sein. Wenn der Wanderweg eine viel befahrene Bundesstra\u00dfe \u00fcberquert, was leider manchmal der Fall ist, dann m\u00fcssen Ordner zur Stelle sein, die den Verkehr anhalten.<\/p>\n<p><strong>Was ist notwendig, um den 108. Deutschen Wandertag in Fulda und in der Rh\u00f6n wirklich zu einem unvergesslichen und positiven H\u00f6hepunkt f\u00fcr die Wanderer aus dem ganzen Bundesgebiet zu gestalten?<\/strong><\/p>\n<p><strong>Regina Rinke:<\/strong> Wir m\u00fcssen das besser machen, was die anderen Ausrichter der Deutschen Wandertage nicht so gut gemacht haben. Im Herbst wird es beispielsweise noch einmal eine detaillierte Einweisung f\u00fcr alle Wanderf\u00fchrer geben. Und die beteiligten Partner in der Region, allen voran die Gastronomie, muss sich \u00fcber die Bedeutung dieses Ereignisses bewusst werden. Es bleibt nicht mehr viel Zeit, um zu handeln.<\/p>\n<p>Interview und Foto: Mediendienst f\u00fcr das Biosph\u00e4renreservat Rh\u00f6n\/Carsten Kallenbach<\/p>\n","protected":false},"excerpt":{"rendered":"<div class=\"tmnf_excerpt\"><p>Sch\u00f6nes aus der Rh\u00f6n. Vom 26. bis 30. Juni 2008 wird in Fulda und damit in der gesamten Rh\u00f6n der 108. Deutsche Wandertag stattfinden. Der Rh\u00f6nklub ist Ausrichter dieses Gro\u00dfereignisses und wird dabei von der Stadt Fulda, den f\u00fcnf Rh\u00f6nlandkreisen und dem Land Hessen unterst\u00fctzt. Doch wie ist die Rh\u00f6n auf den Deutschen Wandertag und &hellip;<\/p>\n<\/div>","protected":false},"author":1,"featured_media":0,"comment_status":"closed","ping_status":"closed","sticky":false,"template":"","format":"standard","meta":{"footnotes":""},"categories":[1,52],"tags":[],"class_list":["post-5113","post","type-post","status-publish","format-standard","hentry","category-startseite","category-umwelt"],"_links":{"self":[{"href":"https:\/\/www.fuldaernachrichten.de\/index.php?rest_route=\/wp\/v2\/posts\/5113","targetHints":{"allow":["GET"]}}],"collection":[{"href":"https:\/\/www.fuldaernachrichten.de\/index.php?rest_route=\/wp\/v2\/posts"}],"about":[{"href":"https:\/\/www.fuldaernachrichten.de\/index.php?rest_route=\/wp\/v2\/types\/post"}],"author":[{"embeddable":true,"href":"https:\/\/www.fuldaernachrichten.de\/index.php?rest_route=\/wp\/v2\/users\/1"}],"replies":[{"embeddable":true,"href":"https:\/\/www.fuldaernachrichten.de\/index.php?rest_route=%2Fwp%2Fv2%2Fcomments&post=5113"}],"version-history":[{"count":0,"href":"https:\/\/www.fuldaernachrichten.de\/index.php?rest_route=\/wp\/v2\/posts\/5113\/revisions"}],"wp:attachment":[{"href":"https:\/\/www.fuldaernachrichten.de\/index.php?rest_route=%2Fwp%2Fv2%2Fmedia&parent=5113"}],"wp:term":[{"taxonomy":"category","embeddable":true,"href":"https:\/\/www.fuldaernachrichten.de\/index.php?rest_route=%2Fwp%2Fv2%2Fcategories&post=5113"},{"taxonomy":"post_tag","embeddable":true,"href":"https:\/\/www.fuldaernachrichten.de\/index.php?rest_route=%2Fwp%2Fv2%2Ftags&post=5113"}],"curies":[{"name":"wp","href":"https:\/\/api.w.org\/{rel}","templated":true}]}}