{"id":51090,"date":"2010-01-30T05:14:28","date_gmt":"2010-01-30T04:14:28","guid":{"rendered":"http:\/\/www.schoene-nachrichten.de\/?p=51090"},"modified":"2010-01-30T10:16:38","modified_gmt":"2010-01-30T09:16:38","slug":"dekra-zeichnet-malteser-fahrdienst-in-fulda-aus","status":"publish","type":"post","link":"https:\/\/www.fuldaernachrichten.de\/?p=51090","title":{"rendered":"DEKRA zeichnet Malteser Fahrdienst in Fulda aus"},"content":{"rendered":"<p><strong><a href=\"http:\/\/www.schoene-nachrichten.de\/wp-content\/uploads\/2010\/01\/100129_Malteser.jpg\"><img fetchpriority=\"high\" decoding=\"async\" class=\"alignleft size-thumbnail wp-image-51091\" title=\"100129_Malteser\" src=\"http:\/\/www.schoene-nachrichten.de\/wp-content\/uploads\/2010\/01\/100129_Malteser-265x198.jpg\" alt=\"100129_Malteser\" width=\"265\" height=\"198\" srcset=\"https:\/\/www.fuldaernachrichten.de\/wp-content\/uploads\/2010\/01\/100129_Malteser-265x198.jpg 265w, https:\/\/www.fuldaernachrichten.de\/wp-content\/uploads\/2010\/01\/100129_Malteser.jpg 592w\" sizes=\"(max-width: 265px) 100vw, 265px\" \/><\/a>Fulda<\/strong>. Der Malteser Fahrdienst in Fulda ist als erster Fahrdienst der Region mit dem Qualit\u00e4tssiegel \u201eSicherheit in der Personenbef\u00f6rderung\u201c der DEKRA und des T\u00dcV ausgezeichnet worden. Damit geh\u00f6rt Fulda zu den 126 Malteser-Standorten, die erstmalig bundesweit zertifiziert wurden. 1,3 Mio Kilometer haben die Malteser in Fulda im Kranken- und Behindertenfahrdienst im letzten Jahr zur\u00fcckgelegt. Dabei waren 130 Mitarbeiter und 45 Fahrzeuge im Einsatz.<!--more--><\/p>\n<p>Im Beisein des B\u00fcrgermeisters Dr. Dippel, dem Leiter der Sch\u00fclerbef\u00f6rderung des Landkreises Fulda Herrn Gaul sowie dem Gesamtwerkst\u00e4ttenleiter der Caritas Herrn Wystrach \u00fcberreichte der Leiter der Dekra Fulda Stephan Bonn die Urkunde an Thomas Peffermann, Bezirksgesch\u00e4ftsf\u00fchrer der Malteser. \u201eDas Zertifikat best\u00e4tigt dem gepr\u00fcften Unternehmen, dass das Unternehmen freiwillig weit \u00fcber den gesetzlich vorgeschriebenen Rahmen hinaus Kriterien erf\u00fcllt, die von einem neutralen Dritten periodisch \u00fcberwacht werden\u201c, erl\u00e4utert Bonn.<\/p>\n<p>\u201eDie Sicherheit und Zufriedenheit der von uns bef\u00f6rderten Personen steht bei unserem Tun immer im Vordergrund\u201c, sagt Thomas Peffermann. \u201eDeshalb freut es mich besonders, dass die kontinuierliche Verbesserung unserer Arbeit und das Einhalten hoher Qualit\u00e4tsstandards sich gelohnt haben und mit dem Pr\u00fcfsiegel best\u00e4tigt wurden.\u201c<\/p>\n<p>Die DEKRA und der T\u00dcV haben anhand zahlreicher Kriterien, wie zum Beispiel Fragen nach Ausbildung und regelm\u00e4\u00dfiger Schulung der Fahrer, Durchf\u00fchrung von Analysen der Kundenzufriedenheit oder Wartung der Fahrzeuge, die drei Bereiche Unternehmens\u00c2\u00adorganisation, Fahrer und Fahrzeuge \u00fcberpr\u00fcft und die Qualit\u00e4t des Malteser Fahrdienstes beglaubigt. Thomas Peffermann zeigte sich stolz, \u201edass wir bundesweit der erste Fahrdienst sind, der sich bem\u00fcht hat, dieses Zertifikat zu erlangen und die Leistungen durch eine externe Institution bewerten zu lassen.\u201c<\/p>\n<p>Mit diesem G\u00fctesiegel verdeutlichen die Malteser laut Peffermann, dass sie bereits heute mehr f\u00fcr die Sicherheit leis\u00c2\u00adten als gesetzlich vorgeschrieben. Auch Dr. Dippel best\u00e4tigt, dass \u201edie Sicherheit im Vordergrund stehen muss. Hierbei sind die Malteser ein \u00e4u\u00dferst zuverl\u00e4ssiger Partner.\u201c Bundesweit f\u00fchren die Malteser Fahrdienste j\u00e4hrlich mehr als sechs Millionen Bef\u00f6rderungen durch, wobei insgesamt rund 60 Millionen Kilometer zur\u00fcckgelegt werden. Das entspricht ungef\u00e4hr einer Entfernung von 186-mal von der Erde bis zum Mond.<\/p>\n","protected":false},"excerpt":{"rendered":"<div class=\"tmnf_excerpt\"><p>Fulda. Der Malteser Fahrdienst in Fulda ist als erster Fahrdienst der Region mit dem Qualit\u00e4tssiegel \u201eSicherheit in der Personenbef\u00f6rderung\u201c der DEKRA und des T\u00dcV ausgezeichnet worden. Damit geh\u00f6rt Fulda zu den 126 Malteser-Standorten, die erstmalig bundesweit zertifiziert wurden. 1,3 Mio Kilometer haben die Malteser in Fulda im Kranken- und Behindertenfahrdienst im letzten Jahr zur\u00fcckgelegt. Dabei &hellip;<\/p>\n<\/div>","protected":false},"author":1,"featured_media":0,"comment_status":"closed","ping_status":"closed","sticky":false,"template":"","format":"standard","meta":{"footnotes":""},"categories":[1],"tags":[],"class_list":["post-51090","post","type-post","status-publish","format-standard","hentry","category-startseite"],"_links":{"self":[{"href":"https:\/\/www.fuldaernachrichten.de\/index.php?rest_route=\/wp\/v2\/posts\/51090","targetHints":{"allow":["GET"]}}],"collection":[{"href":"https:\/\/www.fuldaernachrichten.de\/index.php?rest_route=\/wp\/v2\/posts"}],"about":[{"href":"https:\/\/www.fuldaernachrichten.de\/index.php?rest_route=\/wp\/v2\/types\/post"}],"author":[{"embeddable":true,"href":"https:\/\/www.fuldaernachrichten.de\/index.php?rest_route=\/wp\/v2\/users\/1"}],"replies":[{"embeddable":true,"href":"https:\/\/www.fuldaernachrichten.de\/index.php?rest_route=%2Fwp%2Fv2%2Fcomments&post=51090"}],"version-history":[{"count":2,"href":"https:\/\/www.fuldaernachrichten.de\/index.php?rest_route=\/wp\/v2\/posts\/51090\/revisions"}],"predecessor-version":[{"id":51097,"href":"https:\/\/www.fuldaernachrichten.de\/index.php?rest_route=\/wp\/v2\/posts\/51090\/revisions\/51097"}],"wp:attachment":[{"href":"https:\/\/www.fuldaernachrichten.de\/index.php?rest_route=%2Fwp%2Fv2%2Fmedia&parent=51090"}],"wp:term":[{"taxonomy":"category","embeddable":true,"href":"https:\/\/www.fuldaernachrichten.de\/index.php?rest_route=%2Fwp%2Fv2%2Fcategories&post=51090"},{"taxonomy":"post_tag","embeddable":true,"href":"https:\/\/www.fuldaernachrichten.de\/index.php?rest_route=%2Fwp%2Fv2%2Ftags&post=51090"}],"curies":[{"name":"wp","href":"https:\/\/api.w.org\/{rel}","templated":true}]}}