{"id":51049,"date":"2010-01-30T05:20:27","date_gmt":"2010-01-30T04:20:27","guid":{"rendered":"http:\/\/www.schoene-nachrichten.de\/?p=51049"},"modified":"2010-01-30T10:20:36","modified_gmt":"2010-01-30T09:20:36","slug":"buedingen-gastgeber-fuer-deutschlands-nachtwaechter-tuermer-und-figuren","status":"publish","type":"post","link":"https:\/\/www.fuldaernachrichten.de\/?p=51049","title":{"rendered":"B\u00fcdingen \u2013 Gastgeber f\u00fcr Deutschlands Nachtw\u00e4chter, T\u00fcrmer und Figuren"},"content":{"rendered":"<p><strong><a href=\"http:\/\/www.schoene-nachrichten.de\/wp-content\/uploads\/2010\/01\/100129_B\u00fcdingen.jpg\"><img decoding=\"async\" class=\"alignleft size-thumbnail wp-image-51050\" title=\"100129_B\u00fcdingen\" src=\"http:\/\/www.schoene-nachrichten.de\/wp-content\/uploads\/2010\/01\/100129_B\u00fcdingen-265x176.jpg\" alt=\"100129_B\u00fcdingen\" width=\"265\" height=\"176\" \/><\/a>B\u00fcdingen. <\/strong>Die Jahreshauptversammlung des Vereins \u201eDeutsche Gilde der Nachtw\u00e4chter, T\u00fcrmer und Figuren e.V.\u201c findet in diesem Jahr in B\u00fcdingen statt. Aus ganz Deutschland reisen die historisch gewandeten Gildemitglieder zum Treffen am ersten M\u00e4rzwochenende an.<!--more--><\/p>\n<p>Die Gilde hat es sich zur Aufgabe gemacht, aus vergangenen Zeiten zu erz\u00e4hlen und die Menschen mit dem \u00dcberlieferten vertraut zu machen. B\u00fcdingen bietet mit seiner mittelalterlichen Altstadtkulisse sowie den zahlreichen Nachtw\u00e4chter- und Erlebnisf\u00fchrungen optimale Vorraussetzungen f\u00fcr das Treffen.<\/p>\n<p>Denn nicht umsonst lautet der Stadtslogan: \u201eHier lebt Geschichte\u201c und auch der Besuch der historischen Figuren wird das wieder deutlich zeigen. Ein \u00f6ffentlicher Rundgang, bei dem die oder andere auch Anekdote aus dem Nachtw\u00e4chterleben zu erwarten ist, findet am Samstag, dem 06. M\u00e4rz ab 17.30 Uhr statt. Treffpunkt ist der Marktplatz. Interessierte sind dazu herzlich eingeladen.<\/p>\n","protected":false},"excerpt":{"rendered":"<div class=\"tmnf_excerpt\"><p>B\u00fcdingen. Die Jahreshauptversammlung des Vereins \u201eDeutsche Gilde der Nachtw\u00e4chter, T\u00fcrmer und Figuren e.V.\u201c findet in diesem Jahr in B\u00fcdingen statt. Aus ganz Deutschland reisen die historisch gewandeten Gildemitglieder zum Treffen am ersten M\u00e4rzwochenende an.<\/p>\n<\/div>","protected":false},"author":1,"featured_media":0,"comment_status":"closed","ping_status":"closed","sticky":false,"template":"","format":"standard","meta":{"footnotes":""},"categories":[1,44],"tags":[],"class_list":["post-51049","post","type-post","status-publish","format-standard","hentry","category-startseite","category-kultur"],"_links":{"self":[{"href":"https:\/\/www.fuldaernachrichten.de\/index.php?rest_route=\/wp\/v2\/posts\/51049","targetHints":{"allow":["GET"]}}],"collection":[{"href":"https:\/\/www.fuldaernachrichten.de\/index.php?rest_route=\/wp\/v2\/posts"}],"about":[{"href":"https:\/\/www.fuldaernachrichten.de\/index.php?rest_route=\/wp\/v2\/types\/post"}],"author":[{"embeddable":true,"href":"https:\/\/www.fuldaernachrichten.de\/index.php?rest_route=\/wp\/v2\/users\/1"}],"replies":[{"embeddable":true,"href":"https:\/\/www.fuldaernachrichten.de\/index.php?rest_route=%2Fwp%2Fv2%2Fcomments&post=51049"}],"version-history":[{"count":2,"href":"https:\/\/www.fuldaernachrichten.de\/index.php?rest_route=\/wp\/v2\/posts\/51049\/revisions"}],"predecessor-version":[{"id":51103,"href":"https:\/\/www.fuldaernachrichten.de\/index.php?rest_route=\/wp\/v2\/posts\/51049\/revisions\/51103"}],"wp:attachment":[{"href":"https:\/\/www.fuldaernachrichten.de\/index.php?rest_route=%2Fwp%2Fv2%2Fmedia&parent=51049"}],"wp:term":[{"taxonomy":"category","embeddable":true,"href":"https:\/\/www.fuldaernachrichten.de\/index.php?rest_route=%2Fwp%2Fv2%2Fcategories&post=51049"},{"taxonomy":"post_tag","embeddable":true,"href":"https:\/\/www.fuldaernachrichten.de\/index.php?rest_route=%2Fwp%2Fv2%2Ftags&post=51049"}],"curies":[{"name":"wp","href":"https:\/\/api.w.org\/{rel}","templated":true}]}}