{"id":51042,"date":"2010-01-30T17:17:47","date_gmt":"2010-01-30T16:17:47","guid":{"rendered":"http:\/\/www.schoene-nachrichten.de\/?p=51042"},"modified":"2010-01-31T17:18:02","modified_gmt":"2010-01-31T16:18:02","slug":"sparkassendirektor-reiner-mueck-in-den-ruhestand-verabschiedet","status":"publish","type":"post","link":"https:\/\/www.fuldaernachrichten.de\/?p=51042","title":{"rendered":"Sparkassendirektor Reiner M\u00fcck in den Ruhestand verabschiedet"},"content":{"rendered":"<p><strong><a href=\"http:\/\/www.schoene-nachrichten.de\/wp-content\/uploads\/2010\/01\/100129_Vorstand.jpg\"><img decoding=\"async\" class=\"alignleft size-thumbnail wp-image-51043\" title=\"100129_Vorstand\" src=\"http:\/\/www.schoene-nachrichten.de\/wp-content\/uploads\/2010\/01\/100129_Vorstand-265x176.jpg\" alt=\"100129_Vorstand\" width=\"265\" height=\"176\" srcset=\"https:\/\/www.fuldaernachrichten.de\/wp-content\/uploads\/2010\/01\/100129_Vorstand-265x176.jpg 265w, https:\/\/www.fuldaernachrichten.de\/wp-content\/uploads\/2010\/01\/100129_Vorstand.jpg 592w\" sizes=\"(max-width: 265px) 100vw, 265px\" \/><\/a>Fulda. <\/strong>Stabwechsel bei der Sparkasse Fulda. Nach fast 50-j\u00e4hriger Berufslaufbahn verabschiedete das gr\u00f6\u00dfte heimische Kreditinstitut seinen stellvertretenden Vorstandsvorsitzenden Reiner M\u00fcck in den Ruhestand. Ab 1. Februar 2010 leitet mit Alois Fr\u00fcchtl, Uwe Marohn und Horst Habermehl eine dreik\u00f6pfige Gesch\u00e4fftsleitung die Geschicke des Hauses.<!--more--><\/p>\n<p><strong>Gro\u00dfer \u201eBahnhof\u201c mit Lokalprominenz<\/strong><\/p>\n<p>Bei einem Empfang im Hotel \u201eEsperanto\u201c nutzten viele Repr\u00e4sentanten des politischen und wirtschaftlichen Lebens die Gelegenheit, Reiner M\u00fcck herzliche Worte auf den Weg in den neuen Lebensabschnitt mitzugeben. Oberb\u00fcrgermeister Gerhard M\u00f6ller w\u00fcrdigte das Wirken des 65-J\u00e4hrigen ebenso wie Gerhard Grandke, Gesch\u00e4ftsf\u00fchrender Pr\u00e4sident des Sparkassen- und Giroverbands Hessen-Th\u00fcringen, und Bernhard Juchheim, Pr\u00e4sident der Industrie- und Handelskammer Fulda.<\/p>\n<p><a href=\"http:\/\/www.schoene-nachrichten.de\/wp-content\/uploads\/2010\/01\/100129_Mueck.jpg\"><img fetchpriority=\"high\" decoding=\"async\" class=\"alignleft size-thumbnail wp-image-51044\" title=\"100129_Mueck\" src=\"http:\/\/www.schoene-nachrichten.de\/wp-content\/uploads\/2010\/01\/100129_Mueck-265x398.jpg\" alt=\"100129_Mueck\" width=\"265\" height=\"398\" srcset=\"https:\/\/www.fuldaernachrichten.de\/wp-content\/uploads\/2010\/01\/100129_Mueck-265x398.jpg 265w, https:\/\/www.fuldaernachrichten.de\/wp-content\/uploads\/2010\/01\/100129_Mueck.jpg 399w\" sizes=\"(max-width: 265px) 100vw, 265px\" \/><\/a>Seine Sparkassenlaufbahn startete Reiner M\u00fcck bereits mit 16 Jahren. Im April 1961, nach Ende der Schulzeit, begann er eine Berufsausbildung bei der damaligen Kreissparkasse Fulda und damit bei dem Geldinstitut, dem er bis zu seiner Pensionierung treu blieb. Nach der Kaufmannsgehilfenpr\u00fcfung 1963 folgten \u2013 lediglich unterbrochen durch den Grundwehrdienst \u2013 zun\u00e4chst Jahre, in denen Reiner M\u00fcck die gesamte Breite des Sparkassengesch\u00e4fts kennen lernte. Anfang der siebziger Jahre konzentrierte er sich mehr und mehr auf das Kreditgesch\u00e4ft.<\/p>\n<p>Als Absolvent des Lehrinstituts der Deutschen Sparkassenakademie in Bonn \u00fcbernahm er im Herbst 1979 die Leitung der Kreditabteilung der Kreissparkasse. Weitere Stationen waren die Leitung der Niederlassung H\u00fcnfeld und Anfang 1986 die Berufung zum Vorstandsmitglied der Kreissparkasse. Im Juli 1993 ernannte der Verwaltungsrat Reiner M\u00fcck zum stellvertretenden Vorstandsvorsitzenden.<\/p>\n<p>Dieses Amt hatte er \u2013 von einer fusionsbedingten Unterbrechung abgesehen \u2013 bis zu seinem letzten Arbeitstag auch bei der Sparkasse Fulda inne. Dabei verantwortete er zuletzt vor allem das Gesch\u00e4ft der Filialdirektionen, des Verm\u00f6gensanlagecenters und des Immobiliencenters sowie die Bereiche Organisation, Risikosteuerung, Rechnungswesen, Controlling, Marketing und Vertriebssteuerung.<\/p>\n<p>Als Mitglied des Aufsichtsrats der Deutschen Sparkassen Leasing AG &amp; Co. KG und des Siedlungswerks Fulda eG engagierte sich Reiner M\u00fcck auch \u00fcber die Grenzen der heimischen Sparkasse hinaus. Noch bis zum Sommer dieses Jahres amtiert er als Pr\u00e4sident des Rotary-Clubs Fulda.<\/p>\n<p><strong>Neuer Vorstand hat Aufgaben verteilt<\/strong><\/p>\n<p>F\u00fcr die Arbeit des k\u00fcnftigen Vorstands hatte der Verwaltungsrat der Sparkasse bereits im Sommer vergangenen Jahres die Weichen gestellt und zwei neue Vorstandsmitglieder bestellt.<\/p>\n<p>Uwe Marohn (42) ist geb\u00fcrtiger Ostwestfale und wechselte im Herbst vergangenen Jahres aus Th\u00fcringen an die Fulda. Er war zuletzt Vorstandsmitglied der Kreissparkasse Gotha und verantwortet in seiner neuen Position ab 1. Februar 2010 vor allem das Privatkundengesch\u00e4ft. Hierzu geh\u00f6ren das Verm\u00f6gensanlagecenter, das Immobiliencenter und das gesamte Filialgesch\u00e4ft; hinzu kommen Direkt Banking Center, Vertriebssteuerung und Marketing der Sparkasse Fulda.<\/p>\n<p>Schon am 1. November 2009 wurde Horst Habermehl in den Vorstand der Sparkasse berufen. Der 45-J\u00e4hrige ist ein \u201eEigen- gew\u00e4chs\u201c der Sparkasse; bei der fr\u00fcheren St\u00e4dtischen Sparkasse und Landesleihbank Fulda begann er im Jahr 1983 als Auszubildender. Im Vorstand wird Habermehl k\u00fcnftig f\u00fcr die Bereiche Organisation und Infrastruktur, Risikosteuerung, Rechnungswesen und Controlling verantwortlich sein.<\/p>\n<p>Vorstandsvorsitzender der Sparkasse Fulda bleibt Alois Fr\u00fcchtl (54). Er amtiert in dieser Position seit dem Jahr 2002. Sein Dezernat umfasst das Firmenkundencenter sowie die Bereiche Treasury, Personalwesen, Innen- revision und Unternehmensentwicklung\/Unternehmenskommunikation.<\/p>\n<p>Die Sparkasse will ihre erfolgreiche gesch\u00e4ftspolitische Ausrichtung auch nach dem personellen Wechsel in der Gesch\u00e4ftsleitung beibehalten. Das Institut ist, so Alois Fr\u00fcchtl, nicht zuletzt dank der hervorragenden Arbeit seines bisherigen Vorstandskollegen M\u00fcck stabil aufgestellt und hat seine Marktposition auch in den letzten Jahren gut behauptet. Die Sparkasse k\u00f6nne sich nunmehr darauf konzentrieren, das Gesch\u00e4ft in ausgew\u00e4hlten Bereichen zu intensivieren und die internen Prozesse zu optimieren.<\/p>\n","protected":false},"excerpt":{"rendered":"<div class=\"tmnf_excerpt\"><p>Fulda. Stabwechsel bei der Sparkasse Fulda. Nach fast 50-j\u00e4hriger Berufslaufbahn verabschiedete das gr\u00f6\u00dfte heimische Kreditinstitut seinen stellvertretenden Vorstandsvorsitzenden Reiner M\u00fcck in den Ruhestand. Ab 1. Februar 2010 leitet mit Alois Fr\u00fcchtl, Uwe Marohn und Horst Habermehl eine dreik\u00f6pfige Gesch\u00e4fftsleitung die Geschicke des Hauses.<\/p>\n<\/div>","protected":false},"author":1,"featured_media":0,"comment_status":"closed","ping_status":"closed","sticky":false,"template":"","format":"standard","meta":{"footnotes":""},"categories":[1,44,29],"tags":[],"class_list":["post-51042","post","type-post","status-publish","format-standard","hentry","category-startseite","category-kultur","category-politik"],"_links":{"self":[{"href":"https:\/\/www.fuldaernachrichten.de\/index.php?rest_route=\/wp\/v2\/posts\/51042","targetHints":{"allow":["GET"]}}],"collection":[{"href":"https:\/\/www.fuldaernachrichten.de\/index.php?rest_route=\/wp\/v2\/posts"}],"about":[{"href":"https:\/\/www.fuldaernachrichten.de\/index.php?rest_route=\/wp\/v2\/types\/post"}],"author":[{"embeddable":true,"href":"https:\/\/www.fuldaernachrichten.de\/index.php?rest_route=\/wp\/v2\/users\/1"}],"replies":[{"embeddable":true,"href":"https:\/\/www.fuldaernachrichten.de\/index.php?rest_route=%2Fwp%2Fv2%2Fcomments&post=51042"}],"version-history":[{"count":2,"href":"https:\/\/www.fuldaernachrichten.de\/index.php?rest_route=\/wp\/v2\/posts\/51042\/revisions"}],"predecessor-version":[{"id":51112,"href":"https:\/\/www.fuldaernachrichten.de\/index.php?rest_route=\/wp\/v2\/posts\/51042\/revisions\/51112"}],"wp:attachment":[{"href":"https:\/\/www.fuldaernachrichten.de\/index.php?rest_route=%2Fwp%2Fv2%2Fmedia&parent=51042"}],"wp:term":[{"taxonomy":"category","embeddable":true,"href":"https:\/\/www.fuldaernachrichten.de\/index.php?rest_route=%2Fwp%2Fv2%2Fcategories&post=51042"},{"taxonomy":"post_tag","embeddable":true,"href":"https:\/\/www.fuldaernachrichten.de\/index.php?rest_route=%2Fwp%2Fv2%2Ftags&post=51042"}],"curies":[{"name":"wp","href":"https:\/\/api.w.org\/{rel}","templated":true}]}}