{"id":5102,"date":"2007-09-08T00:41:09","date_gmt":"2007-09-07T22:41:09","guid":{"rendered":"http:\/\/www.schoene-nachrichten.de\/?p=5102"},"modified":"2007-09-08T00:41:20","modified_gmt":"2007-09-07T22:41:20","slug":"tage-der-champions-am-15-und-16-september-bei-ford-sorg","status":"publish","type":"post","link":"https:\/\/www.fuldaernachrichten.de\/?p=5102","title":{"rendered":"&#8220;Tage der Champions&#8221; am 15. und 16. September bei Ford Sorg"},"content":{"rendered":"<p><strong><a rel=\"lightbox[roadtrip]\" target=\"_blank\" href=\"http:\/\/www.schoene-nachrichten.de\/wp-content\/uploads\/2007\/09\/070907_ford.jpg\" title=\"070907_ford.jpg\"><img decoding=\"async\" align=\"left\" src=\"http:\/\/www.schoene-nachrichten.de\/wp-content\/uploads\/2007\/09\/070907_ford.thumbnail.jpg\" hspace=\"5\" alt=\"070907_ford.jpg\" \/><\/a>Termin.<\/strong> In den Verkaufsr\u00e4umen von Ford Sorg in der Fuldaer Kreuzbergstra\u00dfe dreht sich am 15. und 16. September alles um die Champions League \u2013 und um die aktuellen Modelle des K\u00f6lner Autobauers.<!--more--><\/p>\n<p>Die Champions von Ford Sorg: der Ford Focus ST, der Ford Fiesta ST, der Ford S-Max\u00c2\u00a0 &#8211; Europas Auto des Jahres 2007 &#8211; und der Ford Mondeo, der zum Firmenauto des Jahres gew\u00e4hlt wurde. Kunden k\u00f6nnen sich am 15. und 16. September \u00fcber viele Aktionsangebote informieren und f\u00fcr jede Testfahrt einen UEFA Champions League Matchball Replica mit nach Hause nehmen. Zudem werden in einem bundesweiten Gewinnspiel Karten f\u00fcr die UEFA Champions League verlost. Ford Sorg hat f\u00fcr weitere \u00dcberraschungen rund um den Fu\u00dfball gesorgt.<\/p>\n<p><strong>Zum Foto:<\/strong>\u00c2\u00a0Im Mittelpunkt der Aktionstage bei Ford Sorg stehen f\u00fcr Gerhard Wiegand, Verkaufsleiter bei Ford Sorg, unter anderem die Sportmodelle der \u201eST\u201c-Reihe und die Champions League.<\/p>\n","protected":false},"excerpt":{"rendered":"<div class=\"tmnf_excerpt\"><p>Termin. In den Verkaufsr\u00e4umen von Ford Sorg in der Fuldaer Kreuzbergstra\u00dfe dreht sich am 15. und 16. September alles um die Champions League \u2013 und um die aktuellen Modelle des K\u00f6lner Autobauers.<\/p>\n<\/div>","protected":false},"author":1,"featured_media":0,"comment_status":"closed","ping_status":"closed","sticky":false,"template":"","format":"standard","meta":{"footnotes":""},"categories":[1,35],"tags":[],"class_list":["post-5102","post","type-post","status-publish","format-standard","hentry","category-startseite","category-auto"],"_links":{"self":[{"href":"https:\/\/www.fuldaernachrichten.de\/index.php?rest_route=\/wp\/v2\/posts\/5102","targetHints":{"allow":["GET"]}}],"collection":[{"href":"https:\/\/www.fuldaernachrichten.de\/index.php?rest_route=\/wp\/v2\/posts"}],"about":[{"href":"https:\/\/www.fuldaernachrichten.de\/index.php?rest_route=\/wp\/v2\/types\/post"}],"author":[{"embeddable":true,"href":"https:\/\/www.fuldaernachrichten.de\/index.php?rest_route=\/wp\/v2\/users\/1"}],"replies":[{"embeddable":true,"href":"https:\/\/www.fuldaernachrichten.de\/index.php?rest_route=%2Fwp%2Fv2%2Fcomments&post=5102"}],"version-history":[{"count":0,"href":"https:\/\/www.fuldaernachrichten.de\/index.php?rest_route=\/wp\/v2\/posts\/5102\/revisions"}],"wp:attachment":[{"href":"https:\/\/www.fuldaernachrichten.de\/index.php?rest_route=%2Fwp%2Fv2%2Fmedia&parent=5102"}],"wp:term":[{"taxonomy":"category","embeddable":true,"href":"https:\/\/www.fuldaernachrichten.de\/index.php?rest_route=%2Fwp%2Fv2%2Fcategories&post=5102"},{"taxonomy":"post_tag","embeddable":true,"href":"https:\/\/www.fuldaernachrichten.de\/index.php?rest_route=%2Fwp%2Fv2%2Ftags&post=5102"}],"curies":[{"name":"wp","href":"https:\/\/api.w.org\/{rel}","templated":true}]}}