{"id":51013,"date":"2010-01-31T04:19:13","date_gmt":"2010-01-31T03:19:13","guid":{"rendered":"http:\/\/www.schoene-nachrichten.de\/?p=51013"},"modified":"2010-01-31T17:19:20","modified_gmt":"2010-01-31T16:19:20","slug":"gastvortrag-von-professor-heil-an-der-theologischen-fakultaet","status":"publish","type":"post","link":"https:\/\/www.fuldaernachrichten.de\/?p=51013","title":{"rendered":"Gastvortrag von Professor Heil an der Theologischen Fakult\u00e4t"},"content":{"rendered":"<p><strong>Fulda.<\/strong> Professor Dr. Johannes Heil, Leiter der Hochschule f\u00fcr J\u00fcdische Studien in Heidelberg, h\u00e4lt am Dienstag, 2. Februar, um 19.30 Uhr einen \u00f6ffentlichen Gastvortrag zum Thema \u201eDer \u00e2\u20ac\u0161Hebraeus quidam\u00e2\u20ac\u2122 bei Hrabanus Maurus und andere \u00fcberraschende Traditionen in der karolingischen Exegese \u2013 eine Spurenlese\u201c. Ort des Gastvortrags ist das Auditorium maximum am Eduard-Schick-Platz 2. (bpf)<\/p>\n","protected":false},"excerpt":{"rendered":"<div class=\"tmnf_excerpt\"><p>Fulda. Professor Dr. Johannes Heil, Leiter der Hochschule f\u00fcr J\u00fcdische Studien in Heidelberg, h\u00e4lt am Dienstag, 2. Februar, um 19.30 Uhr einen \u00f6ffentlichen Gastvortrag zum Thema \u201eDer \u00e2\u20ac\u0161Hebraeus quidam\u00e2\u20ac\u2122 bei Hrabanus Maurus und andere \u00fcberraschende Traditionen in der karolingischen Exegese \u2013 eine Spurenlese\u201c. Ort des Gastvortrags ist das Auditorium maximum am Eduard-Schick-Platz 2. (bpf)<\/p>\n<\/div>","protected":false},"author":1,"featured_media":0,"comment_status":"closed","ping_status":"closed","sticky":false,"template":"","format":"standard","meta":{"footnotes":""},"categories":[1,44],"tags":[],"class_list":["post-51013","post","type-post","status-publish","format-standard","hentry","category-startseite","category-kultur"],"_links":{"self":[{"href":"https:\/\/www.fuldaernachrichten.de\/index.php?rest_route=\/wp\/v2\/posts\/51013","targetHints":{"allow":["GET"]}}],"collection":[{"href":"https:\/\/www.fuldaernachrichten.de\/index.php?rest_route=\/wp\/v2\/posts"}],"about":[{"href":"https:\/\/www.fuldaernachrichten.de\/index.php?rest_route=\/wp\/v2\/types\/post"}],"author":[{"embeddable":true,"href":"https:\/\/www.fuldaernachrichten.de\/index.php?rest_route=\/wp\/v2\/users\/1"}],"replies":[{"embeddable":true,"href":"https:\/\/www.fuldaernachrichten.de\/index.php?rest_route=%2Fwp%2Fv2%2Fcomments&post=51013"}],"version-history":[{"count":2,"href":"https:\/\/www.fuldaernachrichten.de\/index.php?rest_route=\/wp\/v2\/posts\/51013\/revisions"}],"predecessor-version":[{"id":51115,"href":"https:\/\/www.fuldaernachrichten.de\/index.php?rest_route=\/wp\/v2\/posts\/51013\/revisions\/51115"}],"wp:attachment":[{"href":"https:\/\/www.fuldaernachrichten.de\/index.php?rest_route=%2Fwp%2Fv2%2Fmedia&parent=51013"}],"wp:term":[{"taxonomy":"category","embeddable":true,"href":"https:\/\/www.fuldaernachrichten.de\/index.php?rest_route=%2Fwp%2Fv2%2Fcategories&post=51013"},{"taxonomy":"post_tag","embeddable":true,"href":"https:\/\/www.fuldaernachrichten.de\/index.php?rest_route=%2Fwp%2Fv2%2Ftags&post=51013"}],"curies":[{"name":"wp","href":"https:\/\/api.w.org\/{rel}","templated":true}]}}