{"id":50961,"date":"2010-01-29T05:44:42","date_gmt":"2010-01-29T04:44:42","guid":{"rendered":"http:\/\/www.schoene-nachrichten.de\/?p=50961"},"modified":"2010-01-28T18:50:22","modified_gmt":"2010-01-28T17:50:22","slug":"unternehmen-solitus-neu-in-grossenlueder","status":"publish","type":"post","link":"https:\/\/www.fuldaernachrichten.de\/?p=50961","title":{"rendered":"Unternehmen &#8220;solitus&#8221; neu in Gro\u00dfenl\u00fcder"},"content":{"rendered":"<p><strong><a href=\"http:\/\/www.schoene-nachrichten.de\/wp-content\/uploads\/2010\/01\/100128_Solitus.jpg\"><img decoding=\"async\" class=\"alignleft size-thumbnail wp-image-50962\" title=\"100128_Solitus\" src=\"http:\/\/www.schoene-nachrichten.de\/wp-content\/uploads\/2010\/01\/100128_Solitus-265x176.jpg\" alt=\"100128_Solitus\" width=\"265\" height=\"176\" srcset=\"https:\/\/www.fuldaernachrichten.de\/wp-content\/uploads\/2010\/01\/100128_Solitus-265x176.jpg 265w, https:\/\/www.fuldaernachrichten.de\/wp-content\/uploads\/2010\/01\/100128_Solitus.jpg 592w\" sizes=\"(max-width: 265px) 100vw, 265px\" \/><\/a>Gro\u00dfenl\u00fcder. <\/strong>Mit der solitus GmbH ist zum Jahresbeginn ein junges und innovatives Team als Full-Service-IT-Dienstleister f\u00fcr kleine und mittelst\u00e4ndische Unternehmen gestartet. Der Firmensitz befindet sich \u201eAn der R\u00f6de\u201c in Gro\u00dfenl\u00fcder. Die Mitarbeiter der solitus sind aber keinesfalls Newcomer in ihrem Gesch\u00e4ft. Denn das Team hat nach eigenen Angaben schon viele umfangreiche IT-Projekte in der HUBTEX-Unternehmensgruppe mit insgesamt 500 Mitarbeitern erfolgreich umgesetzt.<!--more--><\/p>\n<p>\u201eAls die Mitarbeiter unseres Teams selbst nach mehreren 6-Tage-Wochen noch mit neuer Motivation und einem L\u00e4cheln zur Arbeit gekommen sind, entwickelte sich die Gesch\u00e4ftsidee\u201c, so der Gesch\u00e4ftsf\u00fchrer Christian Schreiner. \u201eMit solitus, abgeleitet von lat. solutio = L\u00f6sung, stellen wir unser Know-how ab sofort nicht nur einem Unternehmen, sondern der gesamten Region zur Verf\u00fcgung. IT ist durch unseren Einsatz kein Nerv-, sondern ein Relax-Thema.\u201c Alle Mitarbeiter der solitus sind auch gleichzeitig Partner. Dementsprechend hoch ist die Kundenorientierung und der Erfolgsanspruch des Unternehmens.<\/p>\n<p>Das Leistungsspektrum der solitus: individuelle Beratung, Projektumsetzungen, Supportdienstleistungen, Datensicherung, Kommunikationsl\u00f6sungen, Zeit- und Betriebsdatenerfassung, Arbeitsprozessoptimierungen, Vertrieb von Hard- und Software, Projektmanagement, IT-Sicherheit, Outsourcing. Neben Standard-Dienstleistungen im IT Bereich bietet solitus individuelle Flatrate- und Festpreis-Modelle an. \u201eMit uns ist IT sicher, zuverl\u00e4ssig und bezahlbar\u201c, verspricht Christian Schreiner.<\/p>\n","protected":false},"excerpt":{"rendered":"<div class=\"tmnf_excerpt\"><p>Gro\u00dfenl\u00fcder. Mit der solitus GmbH ist zum Jahresbeginn ein junges und innovatives Team als Full-Service-IT-Dienstleister f\u00fcr kleine und mittelst\u00e4ndische Unternehmen gestartet. Der Firmensitz befindet sich \u201eAn der R\u00f6de\u201c in Gro\u00dfenl\u00fcder. Die Mitarbeiter der solitus sind aber keinesfalls Newcomer in ihrem Gesch\u00e4ft. Denn das Team hat nach eigenen Angaben schon viele umfangreiche IT-Projekte in der HUBTEX-Unternehmensgruppe &hellip;<\/p>\n<\/div>","protected":false},"author":1,"featured_media":0,"comment_status":"closed","ping_status":"closed","sticky":false,"template":"","format":"standard","meta":{"footnotes":""},"categories":[1],"tags":[],"class_list":["post-50961","post","type-post","status-publish","format-standard","hentry","category-startseite"],"_links":{"self":[{"href":"https:\/\/www.fuldaernachrichten.de\/index.php?rest_route=\/wp\/v2\/posts\/50961","targetHints":{"allow":["GET"]}}],"collection":[{"href":"https:\/\/www.fuldaernachrichten.de\/index.php?rest_route=\/wp\/v2\/posts"}],"about":[{"href":"https:\/\/www.fuldaernachrichten.de\/index.php?rest_route=\/wp\/v2\/types\/post"}],"author":[{"embeddable":true,"href":"https:\/\/www.fuldaernachrichten.de\/index.php?rest_route=\/wp\/v2\/users\/1"}],"replies":[{"embeddable":true,"href":"https:\/\/www.fuldaernachrichten.de\/index.php?rest_route=%2Fwp%2Fv2%2Fcomments&post=50961"}],"version-history":[{"count":3,"href":"https:\/\/www.fuldaernachrichten.de\/index.php?rest_route=\/wp\/v2\/posts\/50961\/revisions"}],"predecessor-version":[{"id":50977,"href":"https:\/\/www.fuldaernachrichten.de\/index.php?rest_route=\/wp\/v2\/posts\/50961\/revisions\/50977"}],"wp:attachment":[{"href":"https:\/\/www.fuldaernachrichten.de\/index.php?rest_route=%2Fwp%2Fv2%2Fmedia&parent=50961"}],"wp:term":[{"taxonomy":"category","embeddable":true,"href":"https:\/\/www.fuldaernachrichten.de\/index.php?rest_route=%2Fwp%2Fv2%2Fcategories&post=50961"},{"taxonomy":"post_tag","embeddable":true,"href":"https:\/\/www.fuldaernachrichten.de\/index.php?rest_route=%2Fwp%2Fv2%2Ftags&post=50961"}],"curies":[{"name":"wp","href":"https:\/\/api.w.org\/{rel}","templated":true}]}}