{"id":50948,"date":"2010-01-28T04:46:57","date_gmt":"2010-01-28T03:46:57","guid":{"rendered":"http:\/\/www.schoene-nachrichten.de\/?p=50948"},"modified":"2010-01-28T18:47:04","modified_gmt":"2010-01-28T17:47:04","slug":"fuldaer-studienseminare-und-hochschul-und-landesbibliothek-kooperieren","status":"publish","type":"post","link":"https:\/\/www.fuldaernachrichten.de\/?p=50948","title":{"rendered":"Fuldaer Studienseminare und Hochschul- und Landesbibliothek kooperieren"},"content":{"rendered":"<p><strong>Fulda. <\/strong>Die Hochschul- und Landesbibliothek Fulda (HLB) und die Studienseminare f\u00fcr Gymnasien sowie Grund-, Haupt-, Real- und F\u00f6rderschulen haben einen Kooperationsvertrag geschlossen. Ziel ist es, den Referendarinnen und Referendaren der Studienseminare sowie auch allen anderen Nutzern der HLB ein optimiertes Medien- und Informationsangebot zur Verf\u00fcgung zu stellen.<!--more--><\/p>\n<p>Vor wenigen Tagen sind mit tatkr\u00e4ftiger Unterst\u00fctzung von jungen Lehrkr\u00e4ften im Vorbereitungsdienst sowie von Mitarbeitern aus der Bibliothek rund 5.000 B\u00fccher aus den Studienseminaren in der Josefstra\u00dfe in die HLB am Heinrich-von-Bibra-Platz umgezogen. Die bisher in sehr beengten R\u00e4umlichkeiten untergebrachten Medien werden sukzessive in den HLB-Medienbestand \u00fcberf\u00fchrt.<\/p>\n<p>Die Leiter der Studienseminare, Elfriede Huber-S\u00f6llner und Wilfried Humann freuen sich, dass ihre\u00c2\u00a0 Referendare nun bei wesentlich erweiterten \u00d6ffnungszeiten Fachliteratur und Zeitschriften effektiver nutzen k\u00f6nnen. Gleichzeitig werden die Studienseminare von aufw\u00e4ndiger Bibliotheksverwaltungsarbeit entlastet.<\/p>\n<p>Die Bibliotheksdirektorin Dr. Marianne Riethm\u00fcller begr\u00fc\u00dft es sehr, dass auf diesem Wege ein interessanter Medienbestand in die HLB kommt und die schon vorhandene Fachliteratur erg\u00e4nzt. Die Hochschul- und Landesbibliothek nutzt diese Gelegenheit, den gesamten Bestand an didaktischer Literatur zu sichten und auf den neuesten Stand zu bringen. Auch das Angebot an Zeitschriftenabonnements kann ausgeweitet werden.<\/p>\n<p>Zuk\u00fcnftig will man weiter eng miteinander zusammenarbeiten, vor allem im Bereich des Bestandaufbaus. Das Amt f\u00fcr Lehrerbildung stellt j\u00e4hrlich Finanzmittel f\u00fcr die Beschaffung aktueller Spezialliteratur f\u00fcr die Studienseminare bereit. \u00dcber die anzuschaffenden Titel werden sich die Studienseminare und die HLB absprechen, um das bestm\u00f6gliche Angebot bereitzustellen.<strong><\/strong><\/p>\n","protected":false},"excerpt":{"rendered":"<div class=\"tmnf_excerpt\"><p>Fulda. Die Hochschul- und Landesbibliothek Fulda (HLB) und die Studienseminare f\u00fcr Gymnasien sowie Grund-, Haupt-, Real- und F\u00f6rderschulen haben einen Kooperationsvertrag geschlossen. Ziel ist es, den Referendarinnen und Referendaren der Studienseminare sowie auch allen anderen Nutzern der HLB ein optimiertes Medien- und Informationsangebot zur Verf\u00fcgung zu stellen.<\/p>\n<\/div>","protected":false},"author":1,"featured_media":0,"comment_status":"closed","ping_status":"closed","sticky":false,"template":"","format":"standard","meta":{"footnotes":""},"categories":[1],"tags":[],"class_list":["post-50948","post","type-post","status-publish","format-standard","hentry","category-startseite"],"_links":{"self":[{"href":"https:\/\/www.fuldaernachrichten.de\/index.php?rest_route=\/wp\/v2\/posts\/50948","targetHints":{"allow":["GET"]}}],"collection":[{"href":"https:\/\/www.fuldaernachrichten.de\/index.php?rest_route=\/wp\/v2\/posts"}],"about":[{"href":"https:\/\/www.fuldaernachrichten.de\/index.php?rest_route=\/wp\/v2\/types\/post"}],"author":[{"embeddable":true,"href":"https:\/\/www.fuldaernachrichten.de\/index.php?rest_route=\/wp\/v2\/users\/1"}],"replies":[{"embeddable":true,"href":"https:\/\/www.fuldaernachrichten.de\/index.php?rest_route=%2Fwp%2Fv2%2Fcomments&post=50948"}],"version-history":[{"count":2,"href":"https:\/\/www.fuldaernachrichten.de\/index.php?rest_route=\/wp\/v2\/posts\/50948\/revisions"}],"predecessor-version":[{"id":50972,"href":"https:\/\/www.fuldaernachrichten.de\/index.php?rest_route=\/wp\/v2\/posts\/50948\/revisions\/50972"}],"wp:attachment":[{"href":"https:\/\/www.fuldaernachrichten.de\/index.php?rest_route=%2Fwp%2Fv2%2Fmedia&parent=50948"}],"wp:term":[{"taxonomy":"category","embeddable":true,"href":"https:\/\/www.fuldaernachrichten.de\/index.php?rest_route=%2Fwp%2Fv2%2Fcategories&post=50948"},{"taxonomy":"post_tag","embeddable":true,"href":"https:\/\/www.fuldaernachrichten.de\/index.php?rest_route=%2Fwp%2Fv2%2Ftags&post=50948"}],"curies":[{"name":"wp","href":"https:\/\/api.w.org\/{rel}","templated":true}]}}