{"id":50909,"date":"2010-01-28T04:52:01","date_gmt":"2010-01-28T03:52:01","guid":{"rendered":"http:\/\/www.schoene-nachrichten.de\/?p=50909"},"modified":"2010-01-28T18:52:19","modified_gmt":"2010-01-28T17:52:19","slug":"neujahrsempfang-der-fdp-florian-rentsch-fordert-neuordnung-des-laenderfinanzausgleiches","status":"publish","type":"post","link":"https:\/\/www.fuldaernachrichten.de\/?p=50909","title":{"rendered":"Neujahrsempfang der FDP \u2013 Florian Rentsch fordert Neuordnung des L\u00e4nderfinanzausgleiches"},"content":{"rendered":"<p><strong><a href=\"http:\/\/www.schoene-nachrichten.de\/wp-content\/uploads\/2010\/01\/100128_FDP.jpg\"><img fetchpriority=\"high\" decoding=\"async\" class=\"alignleft size-thumbnail wp-image-50910\" title=\"100128_FDP\" src=\"http:\/\/www.schoene-nachrichten.de\/wp-content\/uploads\/2010\/01\/100128_FDP-265x198.jpg\" alt=\"100128_FDP\" width=\"265\" height=\"198\" srcset=\"https:\/\/www.fuldaernachrichten.de\/wp-content\/uploads\/2010\/01\/100128_FDP-265x198.jpg 265w, https:\/\/www.fuldaernachrichten.de\/wp-content\/uploads\/2010\/01\/100128_FDP.jpg 592w\" sizes=\"(max-width: 265px) 100vw, 265px\" \/><\/a>Fulda. <\/strong>Mit Florian Rentsch war in diesem Jahr der Fraktionsvorsitzende der FDP im Hessischen Landtag Gastredner auf dem diesj\u00e4hrigen Neujahrsempfang des FDP Kreisverbandes Fulda im Propsteischloss Johannesberg. 150 G\u00e4ste folgten den Ausf\u00fchrungen der Redner und den musikalischen Facetten des Empfangs. Rentsch forderte in seiner Rede eine Neuordnung des L\u00e4nderfinanzausgleichs und droht eine Klage des Landes Hessen f\u00fcr den Fall an, dass sich in den Gespr\u00e4chen zwischen Bund und L\u00e4ndern \u00fcber diese Frage keine Einigung erzielen l\u00e4sst.<!--more--><\/p>\n<p>Zu Beginn der Veranstaltung begr\u00fc\u00dfte der Kreisvorsitzende und Landtagsabgeordnete J\u00fcrgen Lenders die G\u00e4ste. Lenders stellte die gro\u00dfen Erfolge des Kreisverbande bei den Land- und Bundestagswahlen im vergangen Jahr heraus. Mit jeweils knapp 18 Prozent erreicht die FDP hier nicht nur absolute H\u00f6chstwerte, auch im Landesvergleich liegen die Fuldaer Liberalen mit ganz vorn. \u201eNun werden wir alles daf\u00fcr tun, dass wir auch bei den Kommunalwahlen im Fr\u00fchjahr 2011 erfolgreich f\u00fcr liberale Politik bei den B\u00fcrgern werben k\u00f6nnen.\u201c, so Lenders.<\/p>\n<p>Auch der Fuldaer Oberb\u00fcrgermeister Gerhard M\u00f6ller sprach ein Gru\u00dfwort und bedankte sich f\u00fcr die konstruktive Zusammenarbeit mit der FDP. M\u00f6ller und Lenders warben f\u00fcr den Ausbau der ICE Strecke zwischen Frankfurt und Fulda und Rentsch sicherte seine volle Unterst\u00fctzung bei den anstehenden Gespr\u00e4chen zu.<\/p>\n<p>Erg\u00e4nzt wurde die interessante Veranstaltung durch ein kulturelles Intermezzo, das von der Fuldaer Musicaldarstellerin Theresa Sch\u00e4fer gestaltet wurde, und durch lukullische Gen\u00fcsse im Anschluss an Kultur und politische Worte.<\/p>\n","protected":false},"excerpt":{"rendered":"<div class=\"tmnf_excerpt\"><p>Fulda. Mit Florian Rentsch war in diesem Jahr der Fraktionsvorsitzende der FDP im Hessischen Landtag Gastredner auf dem diesj\u00e4hrigen Neujahrsempfang des FDP Kreisverbandes Fulda im Propsteischloss Johannesberg. 150 G\u00e4ste folgten den Ausf\u00fchrungen der Redner und den musikalischen Facetten des Empfangs. Rentsch forderte in seiner Rede eine Neuordnung des L\u00e4nderfinanzausgleichs und droht eine Klage des Landes &hellip;<\/p>\n<\/div>","protected":false},"author":1,"featured_media":0,"comment_status":"closed","ping_status":"closed","sticky":false,"template":"","format":"standard","meta":{"footnotes":""},"categories":[1,29],"tags":[],"class_list":["post-50909","post","type-post","status-publish","format-standard","hentry","category-startseite","category-politik"],"_links":{"self":[{"href":"https:\/\/www.fuldaernachrichten.de\/index.php?rest_route=\/wp\/v2\/posts\/50909","targetHints":{"allow":["GET"]}}],"collection":[{"href":"https:\/\/www.fuldaernachrichten.de\/index.php?rest_route=\/wp\/v2\/posts"}],"about":[{"href":"https:\/\/www.fuldaernachrichten.de\/index.php?rest_route=\/wp\/v2\/types\/post"}],"author":[{"embeddable":true,"href":"https:\/\/www.fuldaernachrichten.de\/index.php?rest_route=\/wp\/v2\/users\/1"}],"replies":[{"embeddable":true,"href":"https:\/\/www.fuldaernachrichten.de\/index.php?rest_route=%2Fwp%2Fv2%2Fcomments&post=50909"}],"version-history":[{"count":2,"href":"https:\/\/www.fuldaernachrichten.de\/index.php?rest_route=\/wp\/v2\/posts\/50909\/revisions"}],"predecessor-version":[{"id":50981,"href":"https:\/\/www.fuldaernachrichten.de\/index.php?rest_route=\/wp\/v2\/posts\/50909\/revisions\/50981"}],"wp:attachment":[{"href":"https:\/\/www.fuldaernachrichten.de\/index.php?rest_route=%2Fwp%2Fv2%2Fmedia&parent=50909"}],"wp:term":[{"taxonomy":"category","embeddable":true,"href":"https:\/\/www.fuldaernachrichten.de\/index.php?rest_route=%2Fwp%2Fv2%2Fcategories&post=50909"},{"taxonomy":"post_tag","embeddable":true,"href":"https:\/\/www.fuldaernachrichten.de\/index.php?rest_route=%2Fwp%2Fv2%2Ftags&post=50909"}],"curies":[{"name":"wp","href":"https:\/\/api.w.org\/{rel}","templated":true}]}}