{"id":50902,"date":"2010-01-28T04:54:14","date_gmt":"2010-01-28T03:54:14","guid":{"rendered":"http:\/\/www.schoene-nachrichten.de\/?p=50902"},"modified":"2010-01-28T18:54:36","modified_gmt":"2010-01-28T17:54:36","slug":"mittags-gut-betreut-betreuungsangebote-an-fuldaer-grundschulen","status":"publish","type":"post","link":"https:\/\/www.fuldaernachrichten.de\/?p=50902","title":{"rendered":"&#8220;Mittags gut betreut&#8221; &#8211; Betreuungsangebote an Fuldaer Grundschulen"},"content":{"rendered":"<p><strong><a href=\"http:\/\/www.schoene-nachrichten.de\/wp-content\/uploads\/2010\/01\/100128_Kinder.jpg\"><img decoding=\"async\" class=\"alignleft size-thumbnail wp-image-50903\" title=\"100128_Kinder\" src=\"http:\/\/www.schoene-nachrichten.de\/wp-content\/uploads\/2010\/01\/100128_Kinder-265x176.jpg\" alt=\"100128_Kinder\" width=\"265\" height=\"176\" srcset=\"https:\/\/www.fuldaernachrichten.de\/wp-content\/uploads\/2010\/01\/100128_Kinder-265x176.jpg 265w, https:\/\/www.fuldaernachrichten.de\/wp-content\/uploads\/2010\/01\/100128_Kinder.jpg 592w\" sizes=\"(max-width: 265px) 100vw, 265px\" \/><\/a>Fulda.<\/strong><strong> <\/strong>\u201eJeder sollte die Chance haben, Familie und Beruf zu vereinbaren\u201c, betont B\u00fcrgermeister Dr. Wolfgang Dippel. Deshalb freue es ihn besonders, dass ein Betreuungsangebot weiterhin fl\u00e4chendeckend an den Fuldaer Grundschulen bestehe und so gute Resonanz finde. Denn mittlerweile bieten alle 16 Grundschulen und die Br\u00fcder-Grimm-Schule eine Betreuung der Kinder auch nach Schulschluss an.<!--more--><\/p>\n<p>Je nach Wunsch der Eltern und der Ausstattung der Schulen beinhaltet dieses Angebot ein Mittagessen, Hausaufgaben-betreuung sowie ein Spiel- und Freizeitangebot. \u201eBerufst\u00e4tigen Eltern eine qualitativ hochwertige Betreuungsm\u00f6glichkeit f\u00fcr ihren Nachwuchs anzubieten, ist uns als Stadt ein gro\u00dfes Anliegen\u201c, best\u00e4tigt auch der Fuldaer Verwaltungschef Gerhard M\u00f6ller.<\/p>\n<p><strong>Die Betreuung der Kinder<\/strong><\/p>\n<p><strong> <\/strong><\/p>\n<p>Im Laufe der letzten Jahre ist das Betreuungsangebot an den Fuldaer Grundschulen stetig ausgebaut worden, wobei dies in den einzelnen Einrichtungen durch unterschiedliche Modelle realisiert worden ist. In allen Schulen erfolgt die Betreuung der Kinder nach Unterrichtsende bis mindestens 13.30 Uhr. In etwa der H\u00e4lfte der Grundschulen werden die Kinder auch nach 13.30 Uhr beaufsichtigt. Um eine optimale Betreuung gew\u00e4hrleisten zu k\u00f6nnen, befinden sich in einer Gruppe in der Regel maximal 25 Kinder. Dieses Angebot habe sich sehr bew\u00e4hrt, berichtet Jugenddezernent Dr. Dippel und dankt zugleich den vielen Eltern- und F\u00f6rdervereinen f\u00fcr ihr Engagement bei der Betreuung.<\/p>\n<p><strong>Angebote an den Schulen<\/strong><\/p>\n<p>Begonnen wurde mit den Betreuungsangeboten an der Bonifatius-schule, der Cuno-Raabe-Schule, der Sturmiusschule und der Adolf-von-Dalberg-Schule. Im Jahr 2001 kamen, getragen durch Elterninitiativen oder F\u00f6rdervereine, zu den seit dem Jahr 2000 bestehenden Betreuungsangebot an der Propst-Conrad-von-Mengersen-Schule und der Domschule weitere Betreuungsangebote an der Marquardschule, Bardoschule, Geschwister-Scholl-Schule und der Grundschule Gl\u00e4serzell hinzu. Im Jahre 2002 konnte dieses Angebot<\/p>\n<p>auf die Grundschule Lehnerz, Grundschule Haimbach, ABC-Land-Schule Maberzell und Br\u00fcder-Grimm-Schule ausgedehnt werden. Seit 2004 besteht ein Betreuungsangebot an der Grundschule Niesig und 2005 wurde auch an der Landgr\u00e4fin-Anna-Schule eine Betreuungs-m\u00f6glichkeit eingerichtet. F\u00fcnf Grundschulen &#8211; die Bonifatiusschule, die Astrid-Lindgren-Schule, die Adolf-von-Dalberg-Schule, die Sturmius-schule, Marquardschule &#8211; wurden inzwischen in ganzt\u00e4gig arbeitende Schulen umgewandelt, so dass eine Betreuung bis mindestens 14.30 Uhr garantiert ist. Am umfangreichsten ist die Betreuung in der Bonifatiusschule, die dort t\u00e4glich bis 16 Uhr dauert. (cp)<\/p>\n","protected":false},"excerpt":{"rendered":"<div class=\"tmnf_excerpt\"><p>Fulda. \u201eJeder sollte die Chance haben, Familie und Beruf zu vereinbaren\u201c, betont B\u00fcrgermeister Dr. Wolfgang Dippel. Deshalb freue es ihn besonders, dass ein Betreuungsangebot weiterhin fl\u00e4chendeckend an den Fuldaer Grundschulen bestehe und so gute Resonanz finde. Denn mittlerweile bieten alle 16 Grundschulen und die Br\u00fcder-Grimm-Schule eine Betreuung der Kinder auch nach Schulschluss an.<\/p>\n<\/div>","protected":false},"author":1,"featured_media":0,"comment_status":"closed","ping_status":"closed","sticky":false,"template":"","format":"standard","meta":{"footnotes":""},"categories":[1,72],"tags":[],"class_list":["post-50902","post","type-post","status-publish","format-standard","hentry","category-startseite","category-jugend"],"_links":{"self":[{"href":"https:\/\/www.fuldaernachrichten.de\/index.php?rest_route=\/wp\/v2\/posts\/50902","targetHints":{"allow":["GET"]}}],"collection":[{"href":"https:\/\/www.fuldaernachrichten.de\/index.php?rest_route=\/wp\/v2\/posts"}],"about":[{"href":"https:\/\/www.fuldaernachrichten.de\/index.php?rest_route=\/wp\/v2\/types\/post"}],"author":[{"embeddable":true,"href":"https:\/\/www.fuldaernachrichten.de\/index.php?rest_route=\/wp\/v2\/users\/1"}],"replies":[{"embeddable":true,"href":"https:\/\/www.fuldaernachrichten.de\/index.php?rest_route=%2Fwp%2Fv2%2Fcomments&post=50902"}],"version-history":[{"count":2,"href":"https:\/\/www.fuldaernachrichten.de\/index.php?rest_route=\/wp\/v2\/posts\/50902\/revisions"}],"predecessor-version":[{"id":50985,"href":"https:\/\/www.fuldaernachrichten.de\/index.php?rest_route=\/wp\/v2\/posts\/50902\/revisions\/50985"}],"wp:attachment":[{"href":"https:\/\/www.fuldaernachrichten.de\/index.php?rest_route=%2Fwp%2Fv2%2Fmedia&parent=50902"}],"wp:term":[{"taxonomy":"category","embeddable":true,"href":"https:\/\/www.fuldaernachrichten.de\/index.php?rest_route=%2Fwp%2Fv2%2Fcategories&post=50902"},{"taxonomy":"post_tag","embeddable":true,"href":"https:\/\/www.fuldaernachrichten.de\/index.php?rest_route=%2Fwp%2Fv2%2Ftags&post=50902"}],"curies":[{"name":"wp","href":"https:\/\/api.w.org\/{rel}","templated":true}]}}