{"id":5089,"date":"2007-09-07T00:18:34","date_gmt":"2007-09-06T22:18:34","guid":{"rendered":"http:\/\/www.schoene-nachrichten.de\/?p=5089"},"modified":"2007-09-07T00:21:51","modified_gmt":"2007-09-06T22:21:51","slug":"veranstaltungsreihe-zum-tag-der-geotope-2007","status":"publish","type":"post","link":"https:\/\/www.fuldaernachrichten.de\/?p=5089","title":{"rendered":"Veranstaltungsreihe zum &#8220;Tag der Geotope 2007&#8221;"},"content":{"rendered":"<p><strong>Termine.<\/strong> Gemeinsam mit der Diplom-Geologin Anna Leonhard bietet das Biosph\u00e4renreservat Rh\u00f6n zum \u201eTag der Geotope 2007\u201c drei zus\u00e4tzliche Veranstaltungen an. <!--more--><\/p>\n<p>Bei der ersten handelt es sich um\u00c2\u00a0\u201eVulkane, Vulkanite und Vulkanismus \u2013 eine geologische F\u00fchrung auf dem Pferdskopf\u201c und findet am kommenden Sonntag um 14 Uhr am\u00c2\u00a0Parkplatz Guckaisee statt. Die Kosten betragen 2,50 \u00e2\u201a\u00ac pro Person. Die zweite Veranstaltung\u00c2\u00a0lautet \u201eGeologie im Alltag \u2013 eine geologische F\u00fchrung rund um Abtsroda\u201c um findet am Samstag, den 15. September um 14.00 Uhr statt. Treffpunkt ist der Parkplatz in Abtsroda. Diese Veranstaltung ist\u00c2\u00a0kostenfrei.\u00c2\u00a0<\/p>\n<p>Die dritte Veranstaltung l\u00e4uft unter dem Motto \u201eDie Blockhalden am Schafstein, ein Geotop von nationaler Bedeutung\u201c und\u00c2\u00a0findet am Sonntag, den 16. September, von 13 bis 14 Uhr statt.\u00c2\u00a0Frau Leonhard informiert an einem Informationsstand \u00fcber die Blockhalden. Ab 14 Uhr erfolgt eine geologische F\u00fchrung rund um den Schafstein. Treffpunkt ist im Groenhoff-Haus auf der Wasserkuppe.<\/p>\n<p>Seit f\u00fcnf Jahren findet der bundesweite Tag der Geotope statt. Ein Geotop ist eine geologische Bildung, die wertvolle erdgeschichtliche Erkenntnisse liefert. Geotope sind herausragende Zeugnisse f\u00fcr Landschaftsformen, verschiedenartige Aufschl\u00fcsse und Quellen.<\/p>\n<p>Mit dem Tag der Geotope will Fachsektion Geotop, aber auch das Biosph\u00e4renreservat, der Bev\u00f6lkerung die geologischen Besonderheiten zeigen und Neugier sowie Verst\u00e4ndnis f\u00fcr die Zusammenh\u00e4nge vermitteln. Zu den herausragenden Geotopen der Hessischen Rh\u00f6n z\u00e4hlen die Basaltblockhalde am Schafstein sowie die Steinwand.<\/p>\n","protected":false},"excerpt":{"rendered":"<div class=\"tmnf_excerpt\"><p>Termine. Gemeinsam mit der Diplom-Geologin Anna Leonhard bietet das Biosph\u00e4renreservat Rh\u00f6n zum \u201eTag der Geotope 2007\u201c drei zus\u00e4tzliche Veranstaltungen an.<\/p>\n<\/div>","protected":false},"author":1,"featured_media":0,"comment_status":"closed","ping_status":"closed","sticky":false,"template":"","format":"standard","meta":{"footnotes":""},"categories":[1,53,52,48],"tags":[],"class_list":["post-5089","post","type-post","status-publish","format-standard","hentry","category-startseite","category-bildung","category-umwelt","category-forschung"],"_links":{"self":[{"href":"https:\/\/www.fuldaernachrichten.de\/index.php?rest_route=\/wp\/v2\/posts\/5089","targetHints":{"allow":["GET"]}}],"collection":[{"href":"https:\/\/www.fuldaernachrichten.de\/index.php?rest_route=\/wp\/v2\/posts"}],"about":[{"href":"https:\/\/www.fuldaernachrichten.de\/index.php?rest_route=\/wp\/v2\/types\/post"}],"author":[{"embeddable":true,"href":"https:\/\/www.fuldaernachrichten.de\/index.php?rest_route=\/wp\/v2\/users\/1"}],"replies":[{"embeddable":true,"href":"https:\/\/www.fuldaernachrichten.de\/index.php?rest_route=%2Fwp%2Fv2%2Fcomments&post=5089"}],"version-history":[{"count":0,"href":"https:\/\/www.fuldaernachrichten.de\/index.php?rest_route=\/wp\/v2\/posts\/5089\/revisions"}],"wp:attachment":[{"href":"https:\/\/www.fuldaernachrichten.de\/index.php?rest_route=%2Fwp%2Fv2%2Fmedia&parent=5089"}],"wp:term":[{"taxonomy":"category","embeddable":true,"href":"https:\/\/www.fuldaernachrichten.de\/index.php?rest_route=%2Fwp%2Fv2%2Fcategories&post=5089"},{"taxonomy":"post_tag","embeddable":true,"href":"https:\/\/www.fuldaernachrichten.de\/index.php?rest_route=%2Fwp%2Fv2%2Ftags&post=5089"}],"curies":[{"name":"wp","href":"https:\/\/api.w.org\/{rel}","templated":true}]}}