{"id":50871,"date":"2010-01-29T09:00:12","date_gmt":"2010-01-29T08:00:12","guid":{"rendered":"http:\/\/www.schoene-nachrichten.de\/?p=50871"},"modified":"2010-01-29T09:00:12","modified_gmt":"2010-01-29T08:00:12","slug":"zwischenseminar-der-bistumsfreiwilligen-in-uganda","status":"publish","type":"post","link":"https:\/\/www.fuldaernachrichten.de\/?p=50871","title":{"rendered":"Zwischenseminar der Bistumsfreiwilligen in Uganda"},"content":{"rendered":"<p><strong><a href=\"http:\/\/www.schoene-nachrichten.de\/wp-content\/uploads\/2010\/01\/100128_Uganda.jpg\"><img fetchpriority=\"high\" decoding=\"async\" class=\"alignleft size-thumbnail wp-image-50873\" title=\"100128_Uganda\" src=\"http:\/\/www.schoene-nachrichten.de\/wp-content\/uploads\/2010\/01\/100128_Uganda-265x198.jpg\" alt=\"100128_Uganda\" width=\"265\" height=\"198\" srcset=\"https:\/\/www.fuldaernachrichten.de\/wp-content\/uploads\/2010\/01\/100128_Uganda-265x198.jpg 265w, https:\/\/www.fuldaernachrichten.de\/wp-content\/uploads\/2010\/01\/100128_Uganda.jpg 592w\" sizes=\"(max-width: 265px) 100vw, 265px\" \/><\/a>Fulda. <\/strong>In der H\u00e4lfte ihres neunmonatigen Dienstes, den 7 junge Erwachsene des Bistums Fulda als \u201eFreiwilligen Sozialen und Missionarischen Dienst im Ausland (FSMDA)\u201c, im Partnerbistum Hoima, in Uganda leisten, fand ein Zwischenseminar statt, zu dem sich Thomas Bretz, Referent f\u00fcr Neuevangelisierung im Seelsorgeamt des Bisch\u00f6flichen Generalvikariats in Fulda und Mitinitiator des FSMDA, vor Ort mit den Freiwilligen traf.<!--more--><\/p>\n<p>Bretz: \u201eIch bin sehr froh unsere Freiwilligen wohlauf und so gut an die Umst\u00e4nde Ugandas angepasst, angetroffen zu haben. Sie bringen sich sinnvoll und mit relevanten T\u00e4tigkeitsfeldern in ihren Einsatzpfarreien ein und haben eine sehr gute Teamkultur entwickelt.\u201c Bischofsvikar Msgr. John Mary Kabyanga, einer der Mentorenpfarrer vor Ort meint: \u201eWir sind euch sehr dankbar f\u00fcr das Freiwilligenprogramm, auch dass ich eine junge Erwachsene in meiner Regionalpfarrei habe. Sie ist durch ihr lernbereites und dienendes Mitleben hier ein gutes weibliches Leiterschaftsvorbild, von denen wir in Uganda noch viel zu wenige haben.\u201c<\/p>\n<p><a href=\"http:\/\/www.schoene-nachrichten.de\/wp-content\/uploads\/2010\/01\/100128_Uganda2.jpg\"><img decoding=\"async\" class=\"alignnone size-thumbnail wp-image-50874\" title=\"100128_Uganda2\" src=\"http:\/\/www.schoene-nachrichten.de\/wp-content\/uploads\/2010\/01\/100128_Uganda2-265x198.jpg\" alt=\"100128_Uganda2\" width=\"265\" height=\"198\" srcset=\"https:\/\/www.fuldaernachrichten.de\/wp-content\/uploads\/2010\/01\/100128_Uganda2-265x198.jpg 265w, https:\/\/www.fuldaernachrichten.de\/wp-content\/uploads\/2010\/01\/100128_Uganda2.jpg 592w\" sizes=\"(max-width: 265px) 100vw, 265px\" \/><\/a> <a href=\"http:\/\/www.schoene-nachrichten.de\/wp-content\/uploads\/2010\/01\/100128_Uganda3.jpg\"><img decoding=\"async\" class=\"alignnone size-thumbnail wp-image-50881\" title=\"100128_Uganda3\" src=\"http:\/\/www.schoene-nachrichten.de\/wp-content\/uploads\/2010\/01\/100128_Uganda3-265x198.jpg\" alt=\"100128_Uganda3\" width=\"265\" height=\"198\" srcset=\"https:\/\/www.fuldaernachrichten.de\/wp-content\/uploads\/2010\/01\/100128_Uganda3-265x198.jpg 265w, https:\/\/www.fuldaernachrichten.de\/wp-content\/uploads\/2010\/01\/100128_Uganda3.jpg 592w\" sizes=\"(max-width: 265px) 100vw, 265px\" \/><\/a>Pfr. Matthias Kyaliganza bekr\u00e4ftigt: \u201eDie Freiwilligen vitalisieren unsere Pfarreien auch spirituell: Ein Wei\u00dfer, der unser Essen isst, in unserer Pfarrei mit lebt und arbeitet ist eine Attraktion und ein Glaubenszeugnis das mehr sagt als viele Worte, gerade auch f\u00fcr unsere Jugend.\u201c Bei diesem Freiwilligendienst investiert das Bistum in erster Linie nicht in Geldtransfers und gro\u00dfe Hilfsprojekte, sondern in Menschen, in Partnerschaft, Freundschaft und in die Herzensbildung aller Beteiligten. Die Glaubensorientierung ist dabei das Spezifikum im Kampf gegen die vielen Gesichter der Not, das nur die Kirche der Menschheit anbieten k\u00f6nne.<\/p>\n<p>In der Woche des Zwischenseminars fand bei Gruppendiskussionen, Einzelgespr\u00e4chen, Gottesdienst- und Gebetszeiten ein umfassender und tiefer Erfahrungsaustausch statt, sowohl mit den Jugendlichen als auch mit ihren verantwortlichen Mentoren vor Ort, die Priester sind und gro\u00dfe Pfarreien leiten. Gemeinsam wurden Zielvereinbarungen f\u00fcr die verbleibende Dienstzeit ausgelotet und ggf. neue Motivationen und Handlungsm\u00f6glichkeiten erschlossen. Der Umgang mit Armut, Krankheit und Konflikten, typisch kulturellen Unterschieden, \u201ehighlights\u201c und Entt\u00e4uschungen wurden thematisiert.<\/p>\n<p><a href=\"http:\/\/www.schoene-nachrichten.de\/wp-content\/uploads\/2010\/01\/100128_Giraffen.jpg\"><img loading=\"lazy\" decoding=\"async\" class=\"alignnone size-thumbnail wp-image-50883\" title=\"100128_Giraffen\" src=\"http:\/\/www.schoene-nachrichten.de\/wp-content\/uploads\/2010\/01\/100128_Giraffen-265x198.jpg\" alt=\"100128_Giraffen\" width=\"265\" height=\"198\" srcset=\"https:\/\/www.fuldaernachrichten.de\/wp-content\/uploads\/2010\/01\/100128_Giraffen-265x198.jpg 265w, https:\/\/www.fuldaernachrichten.de\/wp-content\/uploads\/2010\/01\/100128_Giraffen.jpg 592w\" sizes=\"(max-width: 265px) 100vw, 265px\" \/><\/a> <a href=\"http:\/\/www.schoene-nachrichten.de\/wp-content\/uploads\/2010\/01\/100128_Ausflug.jpg\"><img loading=\"lazy\" decoding=\"async\" class=\"alignnone size-thumbnail wp-image-50882\" title=\"100128_Ausflug\" src=\"http:\/\/www.schoene-nachrichten.de\/wp-content\/uploads\/2010\/01\/100128_Ausflug-265x198.jpg\" alt=\"100128_Ausflug\" width=\"265\" height=\"198\" srcset=\"https:\/\/www.fuldaernachrichten.de\/wp-content\/uploads\/2010\/01\/100128_Ausflug-265x198.jpg 265w, https:\/\/www.fuldaernachrichten.de\/wp-content\/uploads\/2010\/01\/100128_Ausflug.jpg 592w\" sizes=\"(max-width: 265px) 100vw, 265px\" \/><\/a>Beim gemeinsamen Ausflug in einem Nationalpark wurden staunend Giraffen, Elefanten, B\u00fcffel, Nilpferden und Krokodile beobachtet. Auch dabei sprach man \u00fcber pers\u00f6nliche und berufliche Perspektiven und wurde \u00fcber praktische Umsetzungsm\u00f6glichkeiten aus den Erfahrungen im Freiwilligendienst nachgedacht.<\/p>\n<p>Einige Eltern der Freiwilligen planen zu ihren Kindern nach Uganda zu reisen und auch Msgr. Dr. Roth, Regens des Fuldaer Priesterseminars wird im n\u00e4chsten Monat seine Nichte im Bisum Hoima besuchen. \u201eDiese Besuche, die R\u00fcckbindung an ihre Pfarreien, Vereine und Freundeskreise bringen die gewollte Nachhaltigkeit dieses Freiwilligendienstes\u201c, berichtet Bretz.<\/p>\n<p>Zwei ehemalige Freiwillige, die Ihren Dienst im letzten Jahr absolvierten, assistierten beim Zwischenseminar: Anna Katharina J\u00fcngst (21) aus Emsdorf bei Marburg studiert jetzt in Frankfurt Grundschullehramt, sagt: Das Unterrichten in meiner damaligen Einsatzpfarrei hat mich zu meinem Studium ermutigt und ich freue mich sehr zu sehen, das das Kinder-Entwicklungsprojekt \u201eH\u00fchnerzucht und Saatgut\u201c so gut von den Verantwortlichen weiterentwickelt wurde.<\/p>\n<p>Und Verena Storch (21) aus Kirchhasel bei Fulda studiert nun neben Sozialp\u00e4dagogik auch Afrikanistik: \u201eF\u00fcr mich ist das jetzt wie ein Nachhause kommen, mit den Fingern zu essen und auf dem Boden zu sitzen, als w\u00e4re ich gar nicht weg gewesen. Ich will immer wieder hierher kommen.\u201c<\/p>\n<p><strong>Ausblick:<\/strong><\/p>\n<p>Die Vorbereitungsphase des FSMDA-Jahrgangs 2010\/11 hat begonnen, bei der sich nach Ihrer R\u00fcckkehr auch die jetzigen Freiwilligen einbringen wollen.<\/p>\n<p><strong>Kontakt:<\/strong><\/p>\n<p>Interessenten f\u00fcr den \u201eFreiwilligen Sozialen und Missionarischen Dienst im Ausland\u201c wenden sich an Sturmius Schneider vom Referat Mission, Entwicklung und Frieden, Tel. 0661\/87-363, <a href=\"mailto:missio@bistum-fulda.de\">missio@bistum-fulda.de<\/a> und Thomas Bretz vom Referat Neuevangelisierung, Tel. 0661\/87-364, <a href=\"mailto:Thomas.Bretz@Bistum-Fulda.de\">Thomas.Bretz@Bistum-Fulda.de<\/a> .<\/p>\n<p>Der \u201eFreiwillige Soziale und Missionarische Dienst im Ausland\u201c des Bistums Fulda wird von \u201eweltw\u00e4rts\u201c gef\u00f6rdert, dem neuen entwicklungspolitischen Freiwilligendienst des Bundesministeriums f\u00fcr wirtschaftliche Zusammenarbeit und Entwicklung.<\/p>\n<p>Pr\u00e4lat Dr. Lucian Lamza, Apostolischer Protonotar und Di\u00f6zesandirektor f\u00fcr die Missionswerke, in seinem Gru\u00dfwort an die Freiwilligen zum Zwischenseminar:<\/p>\n<p>\u201eWie sch\u00f6n es gerade in Afrika sein kann, beweist das fr\u00f6hliche Kinderlachen, das Sie t\u00e4glich erleben. Papst Benedikt XVI. sagt dazu: Jedes Kind, das geboren wird, schenkt uns das L\u00e4cheln Gottes und l\u00e4dt uns ein, zu erkennen, dass das Leben ein Geschenk ist. Seien Sie sicher, dass ich Ihr Wirken im Schwarzen Kontinent mit Interesse verfolge und t\u00e4glich f\u00fcr Sie bete.\u201c<\/p>\n<p><strong>Berichte und O-T\u00f6ne der Freiwilligen:<\/strong><\/p>\n<p><strong>Teresa Muth, 20 Jahre, aus B\u00fcchenberg bei Fulda:<\/strong><\/p>\n<p><a href=\"http:\/\/www.schoene-nachrichten.de\/wp-content\/uploads\/2010\/01\/100128_Teresa.jpg\"><img loading=\"lazy\" decoding=\"async\" class=\"alignleft size-thumbnail wp-image-50877\" title=\"100128_Teresa\" src=\"http:\/\/www.schoene-nachrichten.de\/wp-content\/uploads\/2010\/01\/100128_Teresa-265x198.jpg\" alt=\"100128_Teresa\" width=\"265\" height=\"198\" srcset=\"https:\/\/www.fuldaernachrichten.de\/wp-content\/uploads\/2010\/01\/100128_Teresa-265x198.jpg 265w, https:\/\/www.fuldaernachrichten.de\/wp-content\/uploads\/2010\/01\/100128_Teresa.jpg 592w\" sizes=\"(max-width: 265px) 100vw, 265px\" \/><\/a>In meiner Einsatzpfarrei bei Pfr. George in Kigumba f\u00fchle ich mich sehr wohl und wurde von allen sehr herzlich aufgenommen. Ich habe mich entschieden an einer Primary School die j\u00fcngste Klasse in Mathematik, Musik und Englisch zu unterrichten, da mir das Zusammenarbeiten mit jungen Kindern auch schon in Deutschland riesigen Spass gemacht hat. Besonders freut die Kinder, wenn ich mit meiner Hund-handpuppe unterrichte oder Tiergeschichten vorlese.<\/p>\n<p>Solche Methoden sind den Lehrern hier kaum bekannt und deswegen sehr interessant. Auch singe ich in einem Chor der Pfarrei und treffe mich mit Kindern aus der Umgebung zum Spielen und Basteln. Insgesamt waren diese ersten 4 Monate meines Freiwilligendienstes die aufregendsten in meinem bisherigen Leben und ich bereue nicht, diesen Schritt gemacht zu haben.<\/p>\n<p><strong>Lukas Hofmann, 19 Jahre, aus Bimbach bei Fulda leistet mit dem FSMDA seinen Zivildienst:<\/strong><\/p>\n<p><a href=\"http:\/\/www.schoene-nachrichten.de\/wp-content\/uploads\/2010\/01\/100128_Lukas.jpg\"><img loading=\"lazy\" decoding=\"async\" class=\"alignleft size-thumbnail wp-image-50875\" title=\"100128_Lukas\" src=\"http:\/\/www.schoene-nachrichten.de\/wp-content\/uploads\/2010\/01\/100128_Lukas-265x198.jpg\" alt=\"100128_Lukas\" width=\"265\" height=\"198\" srcset=\"https:\/\/www.fuldaernachrichten.de\/wp-content\/uploads\/2010\/01\/100128_Lukas-265x198.jpg 265w, https:\/\/www.fuldaernachrichten.de\/wp-content\/uploads\/2010\/01\/100128_Lukas.jpg 592w\" sizes=\"(max-width: 265px) 100vw, 265px\" \/><\/a>Der Mentorpfarrer Pfr. Steven leitet an meinem Einsatzort in Hoima eine katholische Berufsschule der Fachrichtung Technik, wo ich als B\u00fcrokaufmann auch Buchf\u00fchrung unterrichte. Im Sekretariat der Schule erkl\u00e4re ich verschiedene B\u00fcrosoftware, aber auch au\u00dferhalb des Hauses habe ich schon viele Kontakte gekn\u00fcpft.<\/p>\n<p>Nach der Schule spiele ich oft mit den Jugendlichen Volleyball oder Fu\u00dfball. Pfr. Steven, mit dem ich mich sehr gut verstehe, erkl\u00e4rt mir viel von der ugandischen Kultur, k\u00fcrzlich nahm er mich zu einer Beerdigungsfeier mit, die so anders abl\u00e4uft wie bei uns in Deutschland. Insgesamt geht es mir hier sehr gut und meine T\u00e4tigkeiten machen mir Spa\u00df.<\/p>\n<p><strong>Julia Menz, 19 Jahre, aus Karben bei Frankfurt:<\/strong><\/p>\n<p>Meine Hauptt\u00e4tigkeiten sind der Englischunterricht der 6. und 7. Klasse an der Mpasana Primary School und die Leitung eines \u201eGerman-Clubs\u201c f\u00fcr den kulturellen Austausch. Au\u00dferdem helfe ich bei anfallenden Arbeiten in der Pfarrei wie Umgraben, Kochen und Waschen mit und begleite meinen Mentorpfarrer Pfr. Emmanuel bei seinen Besuchen der \u201eSubparishes\u201c im tiefen Busch, wo mich die Gottesdienste immer wieder begeistern.<\/p>\n<p>Sie zeigen den lebendigen Glauben der ugandischen Christen und die daraus resultierende Lebensfreude. Besonders wichtig ist mir der Kontakt zu den Einheimischen und das Gespr\u00e4ch mit ihnen, denn im Dialog erfahre ich st\u00e4ndig neue Dinge \u00fcber das Leben in Afrika und werde immer mehr \u201eein Teil von ihnen\u201c.<\/p>\n<p><strong>Rebecca Schmetz, 19 Jahre, aus Bruchk\u00f6bel:<\/strong><\/p>\n<p>Ich vermittele drei Schulklassen Deutsch und Franz\u00f6sischkenntnisse und w\u00e4hrend der zweimonatigen Schulferien habe ich mich mit den Pfarreiaufgaben vertraut gemacht: Seelsorge, Hochzeiten, Beerdigungen, missionarische Dienste. Gerade bei Beerdigungen begegneten mir so andere Rituale z.B. die lange Lob- und Dankesaufz\u00e4hlungen auf den Verstorbenen oder die weinend schreienden Frauen.\u00c2\u00a0 Viele Kinder auf der Stra\u00dfe laufen einem hinterher und rufen freudig \u201eMuzungu\u201c, das hei\u00dft \u201eWei\u00dfer\u201c; jetzt rufen sie mich schon bei meinem Namen, was mich total freut.\u201c<\/p>\n<p><strong>Lea Kraus, 20 Jahre, aus Nidderau bei Frankfurt:<\/strong><\/p>\n<p>Nun lebe ich seit 4 Monaten in der Pfarrei Rwemisanga, die ganz in der N\u00e4he des Albertsees im Westen Ugandas liegt. Abgeschieden von der Zivilisation und lediglich umgeben von der afrikanischen Wildnis wohne ich zusammen mit meinen Mentorpfarrern Pfr. Peter, Pfr. Davis und einer ganzen Menge Angestellter, die f\u00fcr die K\u00fcche und den Hof der Pfarrei zust\u00e4ndig sind, mitten im Busch. Mit Geduld, Kreativit\u00e4t und viel Spa\u00df versuche ich mich als Mathelehrerin in der 6. Klasse.<\/p>\n<p><a href=\"http:\/\/www.schoene-nachrichten.de\/wp-content\/uploads\/2010\/01\/100128_Uganda4.jpg\"><img loading=\"lazy\" decoding=\"async\" class=\"alignleft size-thumbnail wp-image-50884\" title=\"100128_Uganda4\" src=\"http:\/\/www.schoene-nachrichten.de\/wp-content\/uploads\/2010\/01\/100128_Uganda4-265x198.jpg\" alt=\"100128_Uganda4\" width=\"265\" height=\"198\" srcset=\"https:\/\/www.fuldaernachrichten.de\/wp-content\/uploads\/2010\/01\/100128_Uganda4-265x198.jpg 265w, https:\/\/www.fuldaernachrichten.de\/wp-content\/uploads\/2010\/01\/100128_Uganda4.jpg 592w\" sizes=\"(max-width: 265px) 100vw, 265px\" \/><\/a>Schnell habe ich gelernt, dass es hier in Uganda nicht darauf ankommt, strikt einem vorgegebenen Lehrplan zu folgen. Alles wird mit mehr Gelassenheit und Ruhe angegangen und Hektik, Stress und Eile scheinen die Ugander nicht zu kennen. Da die Pfarreimitglieder meist kilometerweit im Busch verstreut wohnen und nicht die M\u00f6glichkeit haben jeden Sonntag zum Gottesdienst zu kommen, gibt es etliche \u201eOutstations\u201c die in regelm\u00e4\u00dfigen Abst\u00e4nden von den Pfarrern besucht werden.<\/p>\n<p>Zu solchen \u201ePastoral Safaris\u201c komme ich sehr gerne mit. Dort werden dann an einem Tag Messen gehalten, Kinder getauft, Hochzeiten gefeiert und Gespr\u00e4che mit den verantwortlichen Katecheten gef\u00fchrt.<\/p>\n<p><strong>Johanna G\u00fcnther, 20 Jahre, aus Sindelfingen:<\/strong><\/p>\n<p><a href=\"http:\/\/www.schoene-nachrichten.de\/wp-content\/uploads\/2010\/01\/100128_Johanna.jpg\"><img loading=\"lazy\" decoding=\"async\" class=\"alignleft size-thumbnail wp-image-50876\" title=\"100128_Johanna\" src=\"http:\/\/www.schoene-nachrichten.de\/wp-content\/uploads\/2010\/01\/100128_Johanna-265x198.jpg\" alt=\"100128_Johanna\" width=\"265\" height=\"198\" srcset=\"https:\/\/www.fuldaernachrichten.de\/wp-content\/uploads\/2010\/01\/100128_Johanna-265x198.jpg 265w, https:\/\/www.fuldaernachrichten.de\/wp-content\/uploads\/2010\/01\/100128_Johanna.jpg 592w\" sizes=\"(max-width: 265px) 100vw, 265px\" \/><\/a>In meiner Einsatzpfarrei in Bujuni unterrichte ich an einer Secondary School in die ich auch von dem uns zur Verf\u00fcgung gestellten Projektgeld investieren m\u00f6chte. Es mangelt an Regalen, Tischen und Schulb\u00e4nken.<\/p>\n<p>Mit den Nonnen des Klosters auf dem Pfarrgel\u00e4nde verstehe ich mich sehr gut und ich bin froh mit ihnen auch immer mal ein \u201eGespr\u00e4ch unter Frauen\u201c zu f\u00fchren.<\/p>\n<p>Ich habe mir auch schon mal selbst Kaffee gemacht, die Bohnen geerntet, getrocknet und gecrasht \u2013 so viele Bohnen ergeben relativ wenig Kaffeepulver; da bekommt man erst mal ein Gef\u00fchl daf\u00fcr, wie kostbar Kaffee ist! Insgesamt f\u00fchle ich mich hier sehr wohl und habe den Eindruck wirklich angekommen zu sein.<\/p>\n<p><strong>Anastasia Erb, 20 Jahre, aus Petersberg bei Fulda:<\/strong><\/p>\n<p><a href=\"http:\/\/www.schoene-nachrichten.de\/wp-content\/uploads\/2010\/01\/100128_Anastasia.jpg\"><img loading=\"lazy\" decoding=\"async\" class=\"alignleft size-thumbnail wp-image-50880\" title=\"100128_Anastasia\" src=\"http:\/\/www.schoene-nachrichten.de\/wp-content\/uploads\/2010\/01\/100128_Anastasia-265x198.jpg\" alt=\"100128_Anastasia\" width=\"265\" height=\"198\" srcset=\"https:\/\/www.fuldaernachrichten.de\/wp-content\/uploads\/2010\/01\/100128_Anastasia-265x198.jpg 265w, https:\/\/www.fuldaernachrichten.de\/wp-content\/uploads\/2010\/01\/100128_Anastasia.jpg 592w\" sizes=\"(max-width: 265px) 100vw, 265px\" \/><\/a>In meiner Eingew\u00f6hnungsphase habe ich schnell gemerkt, dass die Initiative in Bezug auf meinen Dienst auch von mir pers\u00f6nlich erfolgen muss. In einer etwas weiter entfernten Primary\/Secondary School konnte ich eine Theatergruppe mit 35 Sch\u00fclern gr\u00fcnden, sowie eine B\u00fccherei einrichten und in den n\u00e4chsten Monaten werde ich \u201emein Angebot\u201c noch um eine Literatur und eine N\u00e4hklasse erweitern.<\/p>\n<p>Ich verkaufe selbst\u00e4ndig beim Schulkiosk, was mir viel Spa\u00df macht und treffe mich w\u00f6chentlich in meiner Einsatzpfarrei in Bukumi mit Frauen, die sich f\u00fcr das Kunsthandwerk interessieren. Dies ist eine geeignete M\u00f6glichkeit voneinander zu lernen. Bei diesen T\u00e4tigkeiten kann ich mich pers\u00f6nlich verwirklichen und bin sehr froh mit meinem Dienst nicht nur mein Weltbild zu erweitern, sondern auch zu einem guten Verst\u00e4ndnis beider Kulturen beizutragen.<\/p>\n","protected":false},"excerpt":{"rendered":"<div class=\"tmnf_excerpt\"><p>Fulda. In der H\u00e4lfte ihres neunmonatigen Dienstes, den 7 junge Erwachsene des Bistums Fulda als \u201eFreiwilligen Sozialen und Missionarischen Dienst im Ausland (FSMDA)\u201c, im Partnerbistum Hoima, in Uganda leisten, fand ein Zwischenseminar statt, zu dem sich Thomas Bretz, Referent f\u00fcr Neuevangelisierung im Seelsorgeamt des Bisch\u00f6flichen Generalvikariats in Fulda und Mitinitiator des FSMDA, vor Ort mit &hellip;<\/p>\n<\/div>","protected":false},"author":1,"featured_media":0,"comment_status":"closed","ping_status":"closed","sticky":false,"template":"","format":"standard","meta":{"footnotes":""},"categories":[1,72,50],"tags":[],"class_list":["post-50871","post","type-post","status-publish","format-standard","hentry","category-startseite","category-jugend","category-kirche"],"_links":{"self":[{"href":"https:\/\/www.fuldaernachrichten.de\/index.php?rest_route=\/wp\/v2\/posts\/50871","targetHints":{"allow":["GET"]}}],"collection":[{"href":"https:\/\/www.fuldaernachrichten.de\/index.php?rest_route=\/wp\/v2\/posts"}],"about":[{"href":"https:\/\/www.fuldaernachrichten.de\/index.php?rest_route=\/wp\/v2\/types\/post"}],"author":[{"embeddable":true,"href":"https:\/\/www.fuldaernachrichten.de\/index.php?rest_route=\/wp\/v2\/users\/1"}],"replies":[{"embeddable":true,"href":"https:\/\/www.fuldaernachrichten.de\/index.php?rest_route=%2Fwp%2Fv2%2Fcomments&post=50871"}],"version-history":[{"count":4,"href":"https:\/\/www.fuldaernachrichten.de\/index.php?rest_route=\/wp\/v2\/posts\/50871\/revisions"}],"predecessor-version":[{"id":50994,"href":"https:\/\/www.fuldaernachrichten.de\/index.php?rest_route=\/wp\/v2\/posts\/50871\/revisions\/50994"}],"wp:attachment":[{"href":"https:\/\/www.fuldaernachrichten.de\/index.php?rest_route=%2Fwp%2Fv2%2Fmedia&parent=50871"}],"wp:term":[{"taxonomy":"category","embeddable":true,"href":"https:\/\/www.fuldaernachrichten.de\/index.php?rest_route=%2Fwp%2Fv2%2Fcategories&post=50871"},{"taxonomy":"post_tag","embeddable":true,"href":"https:\/\/www.fuldaernachrichten.de\/index.php?rest_route=%2Fwp%2Fv2%2Ftags&post=50871"}],"curies":[{"name":"wp","href":"https:\/\/api.w.org\/{rel}","templated":true}]}}