{"id":50850,"date":"2010-01-28T05:35:14","date_gmt":"2010-01-28T04:35:14","guid":{"rendered":"http:\/\/www.schoene-nachrichten.de\/?p=50850"},"modified":"2010-01-28T09:36:02","modified_gmt":"2010-01-28T08:36:02","slug":"kindergelderhoehung-korrekt-bei-sgb-ii-verrechnet","status":"publish","type":"post","link":"https:\/\/www.fuldaernachrichten.de\/?p=50850","title":{"rendered":"Kindergelderh\u00f6hung korrekt bei SGB II verrechnet"},"content":{"rendered":"<p><strong>Fulda. <\/strong>Laut Mitteilung von Landrat Bernd Woide hat der Landkreis Fulda die Erh\u00f6hung des Kindergeldes zum 1. Januar 2010 im SGB II-Bereich (Grundsicherung f\u00fcr Arbeitssuchende) korrekt verrechnet. Nach der Bestimmung des Wachstumsbeschleunigungsgesetzes wird das erh\u00f6hte Kindergeld voll auf das Sozialgeld angerechnet.<!--more--><\/p>\n<p>Im Hinblick auf das beabsichtigte Wachstumsbeschleunigungsgesetz hatte der Landkreis, so Woide, bereits rechtzeitig im vergangenen Dezember seine laufenden F\u00e4lle, deren Bewilligungszeitr\u00e4ume \u00fcber den 31. Dezember 2009 hinausgingen, an die Gesetzeslage angepasst und die daf\u00fcr zugrunde liegenden Leistungsbescheide aufgehoben.<\/p>\n","protected":false},"excerpt":{"rendered":"<div class=\"tmnf_excerpt\"><p>Fulda. Laut Mitteilung von Landrat Bernd Woide hat der Landkreis Fulda die Erh\u00f6hung des Kindergeldes zum 1. Januar 2010 im SGB II-Bereich (Grundsicherung f\u00fcr Arbeitssuchende) korrekt verrechnet. Nach der Bestimmung des Wachstumsbeschleunigungsgesetzes wird das erh\u00f6hte Kindergeld voll auf das Sozialgeld angerechnet.<\/p>\n<\/div>","protected":false},"author":1,"featured_media":0,"comment_status":"closed","ping_status":"closed","sticky":false,"template":"","format":"standard","meta":{"footnotes":""},"categories":[1,72],"tags":[],"class_list":["post-50850","post","type-post","status-publish","format-standard","hentry","category-startseite","category-jugend"],"_links":{"self":[{"href":"https:\/\/www.fuldaernachrichten.de\/index.php?rest_route=\/wp\/v2\/posts\/50850","targetHints":{"allow":["GET"]}}],"collection":[{"href":"https:\/\/www.fuldaernachrichten.de\/index.php?rest_route=\/wp\/v2\/posts"}],"about":[{"href":"https:\/\/www.fuldaernachrichten.de\/index.php?rest_route=\/wp\/v2\/types\/post"}],"author":[{"embeddable":true,"href":"https:\/\/www.fuldaernachrichten.de\/index.php?rest_route=\/wp\/v2\/users\/1"}],"replies":[{"embeddable":true,"href":"https:\/\/www.fuldaernachrichten.de\/index.php?rest_route=%2Fwp%2Fv2%2Fcomments&post=50850"}],"version-history":[{"count":2,"href":"https:\/\/www.fuldaernachrichten.de\/index.php?rest_route=\/wp\/v2\/posts\/50850\/revisions"}],"predecessor-version":[{"id":50867,"href":"https:\/\/www.fuldaernachrichten.de\/index.php?rest_route=\/wp\/v2\/posts\/50850\/revisions\/50867"}],"wp:attachment":[{"href":"https:\/\/www.fuldaernachrichten.de\/index.php?rest_route=%2Fwp%2Fv2%2Fmedia&parent=50850"}],"wp:term":[{"taxonomy":"category","embeddable":true,"href":"https:\/\/www.fuldaernachrichten.de\/index.php?rest_route=%2Fwp%2Fv2%2Fcategories&post=50850"},{"taxonomy":"post_tag","embeddable":true,"href":"https:\/\/www.fuldaernachrichten.de\/index.php?rest_route=%2Fwp%2Fv2%2Ftags&post=50850"}],"curies":[{"name":"wp","href":"https:\/\/api.w.org\/{rel}","templated":true}]}}