{"id":50847,"date":"2010-01-28T05:32:58","date_gmt":"2010-01-28T04:32:58","guid":{"rendered":"http:\/\/www.schoene-nachrichten.de\/?p=50847"},"modified":"2010-01-28T09:34:25","modified_gmt":"2010-01-28T08:34:25","slug":"mit-karte-und-kompass-orienteirungsmarsch-reservisten-der-rk-hosenfeld","status":"publish","type":"post","link":"https:\/\/www.fuldaernachrichten.de\/?p=50847","title":{"rendered":"Mit Karte und Kompass &#8211; Orientierungsmarsch Reservisten der RK Hosenfeld"},"content":{"rendered":"<p><strong><a href=\"http:\/\/www.schoene-nachrichten.de\/wp-content\/uploads\/2010\/01\/100127_Hosenfeld.jpg\"><img fetchpriority=\"high\" decoding=\"async\" class=\"alignleft size-thumbnail wp-image-50848\" title=\"100127_Hosenfeld\" src=\"http:\/\/www.schoene-nachrichten.de\/wp-content\/uploads\/2010\/01\/100127_Hosenfeld-265x198.jpg\" alt=\"100127_Hosenfeld\" width=\"265\" height=\"198\" srcset=\"https:\/\/www.fuldaernachrichten.de\/wp-content\/uploads\/2010\/01\/100127_Hosenfeld-265x198.jpg 265w, https:\/\/www.fuldaernachrichten.de\/wp-content\/uploads\/2010\/01\/100127_Hosenfeld.jpg 592w\" sizes=\"(max-width: 265px) 100vw, 265px\" \/><\/a>Hosenfeld. <\/strong>Unter dem Motto \u201eOrientieren in der winterlichen Landschaft\u201c stellten sich die Reservisten der RK Hosenfeld am Samstag, 23.01.2010, der Herausforderung eines Orientierungsmarsches unter Verzicht auf GPS und bewusst nur mit Karte und Kompass ausgestattet. Leitender war Hauptfeldwebel Kurt Kl\u00fch.<\/p>\n<p>Nach Verlegung von Hosenfeld in den Gieseler Wald galt es zun\u00e4chst, den eigenen Standort zu bestimmen. Danach wurde von Koordinate zu Koordinate marschiert (f\u00fcr Ortskundige: vorbei an der \u201eHerrgottseiche\u201c, dem \u201eAlten Stollen\u201c und dem \u201eKirschb\u00e4umchen\u201c).<!--more--><\/p>\n<p>Nach Einbruch der Dunkelheit erh\u00f6hte sich aufgrund der bis dahin f\u00fcr alle deutlich bemerkbaren k\u00f6rperlichen Belastung und der stark eingeschr\u00e4nkten Sicht das Anspruchsniveau der \u00dcbung noch einmal deutlich. \u00c2\u00a0\u201eMitzulaufen\u201c gen\u00fcgte nicht &#8211; jeder Teilnehmer musste mindestens f\u00fcr ein anzulaufendes Ziel die F\u00fchrung \u00fcbernehmen.<\/p>\n<p>Gegen 19.00 Uhr erreichte der Trupp das Ziel: eine H\u00fctte in \u00c2\u00a0Hosenfeld \/ Poppenrod, wo die Teilnehmer mit Verpflegung vom Grill und k\u00fchlen Getr\u00e4nken f\u00fcr die Strapazen entlohnt wurden.<\/p>\n","protected":false},"excerpt":{"rendered":"<div class=\"tmnf_excerpt\"><p>Hosenfeld. Unter dem Motto \u201eOrientieren in der winterlichen Landschaft\u201c stellten sich die Reservisten der RK Hosenfeld am Samstag, 23.01.2010, der Herausforderung eines Orientierungsmarsches unter Verzicht auf GPS und bewusst nur mit Karte und Kompass ausgestattet. Leitender war Hauptfeldwebel Kurt Kl\u00fch. Nach Verlegung von Hosenfeld in den Gieseler Wald galt es zun\u00e4chst, den eigenen Standort zu &hellip;<\/p>\n<\/div>","protected":false},"author":1,"featured_media":0,"comment_status":"closed","ping_status":"closed","sticky":false,"template":"","format":"standard","meta":{"footnotes":""},"categories":[1],"tags":[],"class_list":["post-50847","post","type-post","status-publish","format-standard","hentry","category-startseite"],"_links":{"self":[{"href":"https:\/\/www.fuldaernachrichten.de\/index.php?rest_route=\/wp\/v2\/posts\/50847","targetHints":{"allow":["GET"]}}],"collection":[{"href":"https:\/\/www.fuldaernachrichten.de\/index.php?rest_route=\/wp\/v2\/posts"}],"about":[{"href":"https:\/\/www.fuldaernachrichten.de\/index.php?rest_route=\/wp\/v2\/types\/post"}],"author":[{"embeddable":true,"href":"https:\/\/www.fuldaernachrichten.de\/index.php?rest_route=\/wp\/v2\/users\/1"}],"replies":[{"embeddable":true,"href":"https:\/\/www.fuldaernachrichten.de\/index.php?rest_route=%2Fwp%2Fv2%2Fcomments&post=50847"}],"version-history":[{"count":3,"href":"https:\/\/www.fuldaernachrichten.de\/index.php?rest_route=\/wp\/v2\/posts\/50847\/revisions"}],"predecessor-version":[{"id":50865,"href":"https:\/\/www.fuldaernachrichten.de\/index.php?rest_route=\/wp\/v2\/posts\/50847\/revisions\/50865"}],"wp:attachment":[{"href":"https:\/\/www.fuldaernachrichten.de\/index.php?rest_route=%2Fwp%2Fv2%2Fmedia&parent=50847"}],"wp:term":[{"taxonomy":"category","embeddable":true,"href":"https:\/\/www.fuldaernachrichten.de\/index.php?rest_route=%2Fwp%2Fv2%2Fcategories&post=50847"},{"taxonomy":"post_tag","embeddable":true,"href":"https:\/\/www.fuldaernachrichten.de\/index.php?rest_route=%2Fwp%2Fv2%2Ftags&post=50847"}],"curies":[{"name":"wp","href":"https:\/\/api.w.org\/{rel}","templated":true}]}}