{"id":50845,"date":"2010-01-28T05:26:27","date_gmt":"2010-01-28T04:26:27","guid":{"rendered":"http:\/\/www.schoene-nachrichten.de\/?p=50845"},"modified":"2010-01-28T09:26:55","modified_gmt":"2010-01-28T08:26:55","slug":"behindertenverbaende-und-selbsthilfegruppen-koennen-sprechzeit-mit-buergermeister-vereinbaren","status":"publish","type":"post","link":"https:\/\/www.fuldaernachrichten.de\/?p=50845","title":{"rendered":"Behindertenverb\u00e4nde und Selbsthilfegruppen k\u00f6nnen Sprechzeit mit B\u00fcrgermeister vereinbaren"},"content":{"rendered":"<p><strong>Fulda.<\/strong> Seit letztem Oktober gibt es eine regelm\u00e4\u00dfige Sprechstunde mit dem B\u00fcrgermeister und Sozialdezernent Dr. Wolfgang Dippel f\u00fcr Menschen mit Behinderungen. Im Januar sollen sich die Vertreter der Behindertenverb\u00e4nde, Selbsthilfegruppen und einzelne Menschen mit Behinderungen zu einer \u201eSprechstunde\u201c mit Fuldas Sozialdezernent Dr. Wolfgang Dippel treffen k\u00f6nnen, um konkrete Anliegen mit dem B\u00fcrgermeister zu er\u00f6rtern. Der Termin ist f\u00fcr den 2. Februar von 14 bis 16 Uhr angesetzt. Interessierte werden gebeten, sich unter Themenbenennung f\u00fcr eine Sprechzeit telefonisch unter (0661) 102-1022 per unter Fax (0661) 102-2022 oder per E-Mail <a href=\"mailto:buergermeister@fulda.de\">buergermeister@fulda.de<\/a> anzumelden. (hk)<\/p>\n","protected":false},"excerpt":{"rendered":"<div class=\"tmnf_excerpt\"><p>Fulda. Seit letztem Oktober gibt es eine regelm\u00e4\u00dfige Sprechstunde mit dem B\u00fcrgermeister und Sozialdezernent Dr. Wolfgang Dippel f\u00fcr Menschen mit Behinderungen. Im Januar sollen sich die Vertreter der Behindertenverb\u00e4nde, Selbsthilfegruppen und einzelne Menschen mit Behinderungen zu einer \u201eSprechstunde\u201c mit Fuldas Sozialdezernent Dr. Wolfgang Dippel treffen k\u00f6nnen, um konkrete Anliegen mit dem B\u00fcrgermeister zu er\u00f6rtern. Der &hellip;<\/p>\n<\/div>","protected":false},"author":1,"featured_media":0,"comment_status":"closed","ping_status":"closed","sticky":false,"template":"","format":"standard","meta":{"footnotes":""},"categories":[1],"tags":[],"class_list":["post-50845","post","type-post","status-publish","format-standard","hentry","category-startseite"],"_links":{"self":[{"href":"https:\/\/www.fuldaernachrichten.de\/index.php?rest_route=\/wp\/v2\/posts\/50845","targetHints":{"allow":["GET"]}}],"collection":[{"href":"https:\/\/www.fuldaernachrichten.de\/index.php?rest_route=\/wp\/v2\/posts"}],"about":[{"href":"https:\/\/www.fuldaernachrichten.de\/index.php?rest_route=\/wp\/v2\/types\/post"}],"author":[{"embeddable":true,"href":"https:\/\/www.fuldaernachrichten.de\/index.php?rest_route=\/wp\/v2\/users\/1"}],"replies":[{"embeddable":true,"href":"https:\/\/www.fuldaernachrichten.de\/index.php?rest_route=%2Fwp%2Fv2%2Fcomments&post=50845"}],"version-history":[{"count":2,"href":"https:\/\/www.fuldaernachrichten.de\/index.php?rest_route=\/wp\/v2\/posts\/50845\/revisions"}],"predecessor-version":[{"id":50856,"href":"https:\/\/www.fuldaernachrichten.de\/index.php?rest_route=\/wp\/v2\/posts\/50845\/revisions\/50856"}],"wp:attachment":[{"href":"https:\/\/www.fuldaernachrichten.de\/index.php?rest_route=%2Fwp%2Fv2%2Fmedia&parent=50845"}],"wp:term":[{"taxonomy":"category","embeddable":true,"href":"https:\/\/www.fuldaernachrichten.de\/index.php?rest_route=%2Fwp%2Fv2%2Fcategories&post=50845"},{"taxonomy":"post_tag","embeddable":true,"href":"https:\/\/www.fuldaernachrichten.de\/index.php?rest_route=%2Fwp%2Fv2%2Ftags&post=50845"}],"curies":[{"name":"wp","href":"https:\/\/api.w.org\/{rel}","templated":true}]}}