{"id":50837,"date":"2010-01-28T04:27:26","date_gmt":"2010-01-28T03:27:26","guid":{"rendered":"http:\/\/www.schoene-nachrichten.de\/?p=50837"},"modified":"2010-01-28T09:37:57","modified_gmt":"2010-01-28T08:37:57","slug":"edag-praesentiert-auf-dem-80-genfer-automobilsalon-die-naechste-evolutionsstufe-des-edag-light-car-open-source","status":"publish","type":"post","link":"https:\/\/www.fuldaernachrichten.de\/?p=50837","title":{"rendered":"EDAG pr\u00e4sentiert auf 80. Genfer Automobilsalon die n\u00e4chste Evolutionsstufe des EDAG &#8220;Light Car &#8211; Open Source&#8221;"},"content":{"rendered":"<p><strong><a href=\"http:\/\/www.schoene-nachrichten.de\/wp-content\/uploads\/2010\/01\/100127_EDAG1.jpg\"><img decoding=\"async\" class=\"alignleft size-thumbnail wp-image-50841\" title=\"100127_EDAG\" src=\"http:\/\/www.schoene-nachrichten.de\/wp-content\/uploads\/2010\/01\/100127_EDAG1.jpg\" alt=\"100127_EDAG\" width=\"560\" srcset=\"https:\/\/www.fuldaernachrichten.de\/wp-content\/uploads\/2010\/01\/100127_EDAG1.jpg 592w, https:\/\/www.fuldaernachrichten.de\/wp-content\/uploads\/2010\/01\/100127_EDAG1-265x194.jpg 265w\" sizes=\"(max-width: 592px) 100vw, 592px\" \/><\/a><\/strong><\/p>\n<p><strong><br \/>\nFulda. <\/strong>Auf dem 80. internationalen Automobilsalon in Genf 2010 pr\u00e4sentiert der weltweit t\u00e4tige Entwicklungsdienstleister EDAG seine technische Weiterentwicklung des viel beachteten Concept Cars EDAG \u201eLight Car &#8211; Open Source\u201c. Das im Vorjahr als Weltpremiere vorgestellte \u201eLight Car\u201c zeigte mit seinem innovativen Exterieurdesign und neuartigen Lichtkonzept ein eigenst\u00e4ndiges Gestaltungskonzept f\u00fcr das Elektrofahrzeug von morgen. <!--more--><\/p>\n<p>Die EDAG Group stellt in Genf als Weltpremiere eine Space-Frame-Struktur vor, die neueste Leichtbauwerkstoffe, Halbzeuge und modernste F\u00fcgeverfahren vereint und die speziell f\u00fcr die Fahrzeuggattung der Elektrofahrzeuge entwickelt wurde. Das Ergebnis: Eine skalierbare Plattform f\u00fcr kleine und mittlere St\u00fcckzahlen zu entwickeln, die mit minimalsten Investitionskosten f\u00fcr Werkzeuge und Fertigungseinrichtungen auskommt und gleichzeitig\u00c2\u00a0 ein Gesamtgewicht von 1.200 kg (inkl. eines Batteriepaketes f\u00fcr 150 km Reichweite) nicht \u00fcberschreitet.<\/p>\n","protected":false},"excerpt":{"rendered":"<div class=\"tmnf_excerpt\"><p>Fulda. Auf dem 80. internationalen Automobilsalon in Genf 2010 pr\u00e4sentiert der weltweit t\u00e4tige Entwicklungsdienstleister EDAG seine technische Weiterentwicklung des viel beachteten Concept Cars EDAG \u201eLight Car &#8211; Open Source\u201c. Das im Vorjahr als Weltpremiere vorgestellte \u201eLight Car\u201c zeigte mit seinem innovativen Exterieurdesign und neuartigen Lichtkonzept ein eigenst\u00e4ndiges Gestaltungskonzept f\u00fcr das Elektrofahrzeug von morgen.<\/p>\n<\/div>","protected":false},"author":1,"featured_media":0,"comment_status":"closed","ping_status":"closed","sticky":false,"template":"","format":"standard","meta":{"footnotes":""},"categories":[1,35,78],"tags":[],"class_list":["post-50837","post","type-post","status-publish","format-standard","hentry","category-startseite","category-auto","category-topthema"],"_links":{"self":[{"href":"https:\/\/www.fuldaernachrichten.de\/index.php?rest_route=\/wp\/v2\/posts\/50837","targetHints":{"allow":["GET"]}}],"collection":[{"href":"https:\/\/www.fuldaernachrichten.de\/index.php?rest_route=\/wp\/v2\/posts"}],"about":[{"href":"https:\/\/www.fuldaernachrichten.de\/index.php?rest_route=\/wp\/v2\/types\/post"}],"author":[{"embeddable":true,"href":"https:\/\/www.fuldaernachrichten.de\/index.php?rest_route=\/wp\/v2\/users\/1"}],"replies":[{"embeddable":true,"href":"https:\/\/www.fuldaernachrichten.de\/index.php?rest_route=%2Fwp%2Fv2%2Fcomments&post=50837"}],"version-history":[{"count":7,"href":"https:\/\/www.fuldaernachrichten.de\/index.php?rest_route=\/wp\/v2\/posts\/50837\/revisions"}],"predecessor-version":[{"id":50869,"href":"https:\/\/www.fuldaernachrichten.de\/index.php?rest_route=\/wp\/v2\/posts\/50837\/revisions\/50869"}],"wp:attachment":[{"href":"https:\/\/www.fuldaernachrichten.de\/index.php?rest_route=%2Fwp%2Fv2%2Fmedia&parent=50837"}],"wp:term":[{"taxonomy":"category","embeddable":true,"href":"https:\/\/www.fuldaernachrichten.de\/index.php?rest_route=%2Fwp%2Fv2%2Fcategories&post=50837"},{"taxonomy":"post_tag","embeddable":true,"href":"https:\/\/www.fuldaernachrichten.de\/index.php?rest_route=%2Fwp%2Fv2%2Ftags&post=50837"}],"curies":[{"name":"wp","href":"https:\/\/api.w.org\/{rel}","templated":true}]}}