{"id":50760,"date":"2010-01-27T05:00:55","date_gmt":"2010-01-27T04:00:55","guid":{"rendered":"http:\/\/www.schoene-nachrichten.de\/?p=50760"},"modified":"2010-01-27T08:01:04","modified_gmt":"2010-01-27T07:01:04","slug":"haiti-soforthilfe-und-unterstutzung-bei-langfristigem-wiederaufbau","status":"publish","type":"post","link":"https:\/\/www.fuldaernachrichten.de\/?p=50760","title":{"rendered":"Haiti: Soforthilfe und Unterstu\u00cc\u02c6tzung bei langfristigem Wiederaufbau"},"content":{"rendered":"<p><strong>Europa. <\/strong>Versprochene EU-Soforthilfen m\u00fcssten schnellstm\u00f6glich bereitgestellt und verbindliche Zusagen f\u00fcr den Wiederaufbau gemacht werden, betonten Europa- Abgeordnete in einer Plenardebatte am Dienstagnachmittag. In ihrer ersten Erkl\u00e4rung vor dem Europ\u00e4ischen Parlament sagte die Hohe Vertreterin der EU f\u00fcr Au\u00dfen- und Sicherheitspolitik Catherine Ashton: &#8220;Unser Ziel ist es, das Leid zu lindern, und wir verpflichten uns zum langfristigen Wiederaufbau&#8221;.<!--more--><\/p>\n<p>Zu Beginn der Plenartagung gedachten die Abgeordneten in einer Schweigeminute der Opfer des Erdbebens in Haiti. Die Au\u00dfenminister der EU-Mitgliedstaaten hatten am Montag in einer au\u00dferordentlichen Sitzung beschlossen, 122 Millionen Euro an humanit\u00e4rer Hilfe und 100 Millionen Euro nichthumanit\u00e4re Hilfen f\u00fcr Haiti zu leisten. Die finanzielle Hilfe aus EU-Programmen f\u00fcr den langfristigen Wiederaufbau wird sich auf 200 Millionen Euro belaufen.<\/p>\n<p>&#8220;Dies ist eine gro\u00dfe Hilfestellung in k\u00fcrzester Zeit&#8221;, sagte die Hohe Vertreterin der EU f\u00fcr Au\u00dfen- und Sicherheitspolitik Catherine Ashton. &#8220;Die Mittel bereitzustellen, wird jedoch weniger schwierig sein, als die Hilfe vor Ort zu leisten&#8221;, so Ashton. Der Rat werde sich in der kommenden Woche erneut mit der Lage in Haiti befassen und wahrscheinlich eine Einheit der Europ\u00e4ischen Gendarmerie nach Port-au-Prince entsenden, erkl\u00e4rte die britische Sozialdemokratin.<\/p>\n<p>Kommissar f\u00fcr Entwicklung und humanit\u00e4re Hilfe Karel de Gucht Die Kommission stellt 130 Mio. Euro f\u00fcr humanit\u00e4re Hilfe bereit, davon sind 77 Mio. \u00e2\u201a\u00ac &#8220;frisches Geld&#8221;, erkl\u00e4rte Karel de Gucht, gegenw\u00e4rtig EU-Kommissar f\u00fcr Entwicklung und humanit\u00e4re Hilfe. Zudem betonte er, dass f\u00fcr die langfristige Wiederaufbauhilfe 200 Mio. Euro vorgesehen sind. Man m\u00fcsse mit den Mitgliedstaaten abkl\u00e4ren, ob dieser Betrag erh\u00f6ht werden k\u00f6nne.<\/p>\n<p>Linda McAvan (S&amp;D, Vereinigtes K\u00f6nigreich) lobte die \u00d6ffentlichkeit f\u00fcr gute Spendeninitiativen. Sie rief au\u00dferdem die EU auf, ihre Hilfeleistungen zu erh\u00f6hen. Eine internationale Konferenz m\u00fcsse sich mit dem Schuldenproblem Haitis besch\u00e4ftigen. Die Abgeordnete schlug vor, dass der Internationale W\u00e4hrungsfonds Haiti den Kredit von 100 Millionen Euro im Sinne von Beihilfen erl\u00e4sst.<\/p>\n","protected":false},"excerpt":{"rendered":"<div class=\"tmnf_excerpt\"><p>Europa. Versprochene EU-Soforthilfen m\u00fcssten schnellstm\u00f6glich bereitgestellt und verbindliche Zusagen f\u00fcr den Wiederaufbau gemacht werden, betonten Europa- Abgeordnete in einer Plenardebatte am Dienstagnachmittag. In ihrer ersten Erkl\u00e4rung vor dem Europ\u00e4ischen Parlament sagte die Hohe Vertreterin der EU f\u00fcr Au\u00dfen- und Sicherheitspolitik Catherine Ashton: &#8220;Unser Ziel ist es, das Leid zu lindern, und wir verpflichten uns zum &hellip;<\/p>\n<\/div>","protected":false},"author":1,"featured_media":0,"comment_status":"closed","ping_status":"closed","sticky":false,"template":"","format":"standard","meta":{"footnotes":""},"categories":[1,29],"tags":[],"class_list":["post-50760","post","type-post","status-publish","format-standard","hentry","category-startseite","category-politik"],"_links":{"self":[{"href":"https:\/\/www.fuldaernachrichten.de\/index.php?rest_route=\/wp\/v2\/posts\/50760","targetHints":{"allow":["GET"]}}],"collection":[{"href":"https:\/\/www.fuldaernachrichten.de\/index.php?rest_route=\/wp\/v2\/posts"}],"about":[{"href":"https:\/\/www.fuldaernachrichten.de\/index.php?rest_route=\/wp\/v2\/types\/post"}],"author":[{"embeddable":true,"href":"https:\/\/www.fuldaernachrichten.de\/index.php?rest_route=\/wp\/v2\/users\/1"}],"replies":[{"embeddable":true,"href":"https:\/\/www.fuldaernachrichten.de\/index.php?rest_route=%2Fwp%2Fv2%2Fcomments&post=50760"}],"version-history":[{"count":3,"href":"https:\/\/www.fuldaernachrichten.de\/index.php?rest_route=\/wp\/v2\/posts\/50760\/revisions"}],"predecessor-version":[{"id":50793,"href":"https:\/\/www.fuldaernachrichten.de\/index.php?rest_route=\/wp\/v2\/posts\/50760\/revisions\/50793"}],"wp:attachment":[{"href":"https:\/\/www.fuldaernachrichten.de\/index.php?rest_route=%2Fwp%2Fv2%2Fmedia&parent=50760"}],"wp:term":[{"taxonomy":"category","embeddable":true,"href":"https:\/\/www.fuldaernachrichten.de\/index.php?rest_route=%2Fwp%2Fv2%2Fcategories&post=50760"},{"taxonomy":"post_tag","embeddable":true,"href":"https:\/\/www.fuldaernachrichten.de\/index.php?rest_route=%2Fwp%2Fv2%2Ftags&post=50760"}],"curies":[{"name":"wp","href":"https:\/\/api.w.org\/{rel}","templated":true}]}}