{"id":50747,"date":"2010-01-27T05:03:29","date_gmt":"2010-01-27T04:03:29","guid":{"rendered":"http:\/\/www.schoene-nachrichten.de\/?p=50747"},"modified":"2010-01-27T08:03:38","modified_gmt":"2010-01-27T07:03:38","slug":"stimmungsvolles-sonntagskonzert-fuer-spirit-und-soul","status":"publish","type":"post","link":"https:\/\/www.fuldaernachrichten.de\/?p=50747","title":{"rendered":"Stimmungsvolles Sonntagskonzert f\u00fcr Spirit und Soul"},"content":{"rendered":"<p><strong><a href=\"http:\/\/www.schoene-nachrichten.de\/wp-content\/uploads\/2010\/01\/100126_Konzert.jpg\"><img fetchpriority=\"high\" decoding=\"async\" class=\"alignleft size-thumbnail wp-image-50748\" title=\"100126_Konzert\" src=\"http:\/\/www.schoene-nachrichten.de\/wp-content\/uploads\/2010\/01\/100126_Konzert-265x198.jpg\" alt=\"100126_Konzert\" width=\"265\" height=\"198\" srcset=\"https:\/\/www.fuldaernachrichten.de\/wp-content\/uploads\/2010\/01\/100126_Konzert-265x198.jpg 265w, https:\/\/www.fuldaernachrichten.de\/wp-content\/uploads\/2010\/01\/100126_Konzert.jpg 592w\" sizes=\"(max-width: 265px) 100vw, 265px\" \/><\/a>Fulda. <\/strong>Das blaue Kreuzkunstwerk an der Altarwand ist in rotes Licht getaucht. Die Kirche liegt dunkel, die vorderen Sitzreihen sind dicht besetzt. Spirit und Soul sorgen f\u00fcr Sonntagsgef\u00fchl mit G\u00e4nsehaut. So sollte sich f\u00fcr Christenmenschen ein gelungener Sonntagabend anf\u00fchlen. Christoph M\u00fcller und Dagmar Wortberg nehmen die Konzertbesucher an diesem 24. Januar mit auf eine emotionale Reise zu sich selbst. Reiseleiter dabei sind Bach und Mozart, gereist wird aber auch mit Spirituals und Gospels, meist in einer beswingten Variante.<!--more--><\/p>\n<p>Zur Er\u00f6ffnung sitzt M\u00fcller an der Kirchenorgel, um sich dann mit der Klarinette zu seinem Stammplatz am elektrischen Klavier zu spielen. Klassische Musik, die nicht schwer im Raum liegt, sondern Kl\u00e4nge, die den Zuh\u00f6rer mittragen, die bei vielen etwas zum Klingen bringen. Applaus gibt es erst am Ende des Konzertes, das haben sich die K\u00fcnstler gew\u00fcnscht, um das Erleben nicht zu st\u00f6ren. Den Beifall aber so lange aufzuheben, f\u00e4llt vielen schwer. Besonders als ab dem zweiten Drittel die S\u00e4ngerin Dagmar Wortberg den gelernten Kirchenmusiker M\u00fcller begleitet.<\/p>\n<p>Wortberg hat die Gabe, bekannte Klassiker so in ein neues Gewand zu kleiden, dass der H\u00f6rer glaubt, nun erst habe er die wirkliche Fassung entdeckt. Zum Ende des Konzertes d\u00fcrfen die weit \u00fcber hundert Besucher selber mittun, mitsingen und mitklatschen, bei \u201eHe\u00e2\u20ac\u2122s got the whole world in his hand\u201c und \u201eGo down Moses.\u201c<\/p>\n<p>Christoph M\u00fcller und Dagmar Wortberg sind im 21. M\u00e4rz wieder im Pastoralverbund Florenberg zu h\u00f6ren, bei den Erlebnis Glaubenstakten um 17 Uhr in der Kirche in Dirlos. Sie gestalten dann musikalisch einen Wortgottesdienst mit Texten von Friedrich Dietz.<\/p>\n<p>Aus dem Erl\u00f6s des Konzertes in K\u00fcnzell spendet die Pfarrei St. Antonius f\u00fcr den Bau eines Brunnens in einem Dorf in Kamerun. Die Verbindung dorthin ist Pfarrer Sebastian Mani, der zurzeit im Priesterseminar Fulda an seiner Doktorarbeit schreibt. In seinem Heimatdorf gibt es kein gesundes Trinkwasser. Der neue Brunnen soll dieses Wasser liefern.<\/p>\n","protected":false},"excerpt":{"rendered":"<div class=\"tmnf_excerpt\"><p>Fulda. Das blaue Kreuzkunstwerk an der Altarwand ist in rotes Licht getaucht. Die Kirche liegt dunkel, die vorderen Sitzreihen sind dicht besetzt. Spirit und Soul sorgen f\u00fcr Sonntagsgef\u00fchl mit G\u00e4nsehaut. So sollte sich f\u00fcr Christenmenschen ein gelungener Sonntagabend anf\u00fchlen. Christoph M\u00fcller und Dagmar Wortberg nehmen die Konzertbesucher an diesem 24. Januar mit auf eine emotionale &hellip;<\/p>\n<\/div>","protected":false},"author":1,"featured_media":0,"comment_status":"closed","ping_status":"closed","sticky":false,"template":"","format":"standard","meta":{"footnotes":""},"categories":[1,44],"tags":[],"class_list":["post-50747","post","type-post","status-publish","format-standard","hentry","category-startseite","category-kultur"],"_links":{"self":[{"href":"https:\/\/www.fuldaernachrichten.de\/index.php?rest_route=\/wp\/v2\/posts\/50747","targetHints":{"allow":["GET"]}}],"collection":[{"href":"https:\/\/www.fuldaernachrichten.de\/index.php?rest_route=\/wp\/v2\/posts"}],"about":[{"href":"https:\/\/www.fuldaernachrichten.de\/index.php?rest_route=\/wp\/v2\/types\/post"}],"author":[{"embeddable":true,"href":"https:\/\/www.fuldaernachrichten.de\/index.php?rest_route=\/wp\/v2\/users\/1"}],"replies":[{"embeddable":true,"href":"https:\/\/www.fuldaernachrichten.de\/index.php?rest_route=%2Fwp%2Fv2%2Fcomments&post=50747"}],"version-history":[{"count":2,"href":"https:\/\/www.fuldaernachrichten.de\/index.php?rest_route=\/wp\/v2\/posts\/50747\/revisions"}],"predecessor-version":[{"id":50798,"href":"https:\/\/www.fuldaernachrichten.de\/index.php?rest_route=\/wp\/v2\/posts\/50747\/revisions\/50798"}],"wp:attachment":[{"href":"https:\/\/www.fuldaernachrichten.de\/index.php?rest_route=%2Fwp%2Fv2%2Fmedia&parent=50747"}],"wp:term":[{"taxonomy":"category","embeddable":true,"href":"https:\/\/www.fuldaernachrichten.de\/index.php?rest_route=%2Fwp%2Fv2%2Fcategories&post=50747"},{"taxonomy":"post_tag","embeddable":true,"href":"https:\/\/www.fuldaernachrichten.de\/index.php?rest_route=%2Fwp%2Fv2%2Ftags&post=50747"}],"curies":[{"name":"wp","href":"https:\/\/api.w.org\/{rel}","templated":true}]}}