{"id":50731,"date":"2010-01-27T06:05:04","date_gmt":"2010-01-27T05:05:04","guid":{"rendered":"http:\/\/www.schoene-nachrichten.de\/?p=50731"},"modified":"2010-01-27T08:05:12","modified_gmt":"2010-01-27T07:05:12","slug":"47-regionalwettbewerb-jugend-musiziert","status":"publish","type":"post","link":"https:\/\/www.fuldaernachrichten.de\/?p=50731","title":{"rendered":"47. Regionalwettbewerb \u201eJugend musiziert\u201c"},"content":{"rendered":"<p><strong>Fulda. <\/strong>Der 47. Regional Wettbewerb \u201eJugend musiziert\u201c findet am Samstag, dem 30. Januar 2010, ab 9.30 Uhr in den R\u00e4umen der Musikschule Fulda, Buseckstra\u00dfe 4, statt. Der diesj\u00e4hrige Wettbewerb bietet Solo-Streichinstrumentenspielern mit Klavierbegleitung (also Violine, Cello und Kontrabass) die M\u00f6glichkeit, unter Wettbewerbsbedingungen ihr K\u00f6nnen zu messen. Die Vorspiele sind \u00f6ffentlich. Der Eintritt ist frei. Genauere Informationen im Sekretariat der Musikschule Fulda, Telefon: 0661\/722 87.<\/p>\n","protected":false},"excerpt":{"rendered":"<div class=\"tmnf_excerpt\"><p>Fulda. Der 47. Regional Wettbewerb \u201eJugend musiziert\u201c findet am Samstag, dem 30. Januar 2010, ab 9.30 Uhr in den R\u00e4umen der Musikschule Fulda, Buseckstra\u00dfe 4, statt. Der diesj\u00e4hrige Wettbewerb bietet Solo-Streichinstrumentenspielern mit Klavierbegleitung (also Violine, Cello und Kontrabass) die M\u00f6glichkeit, unter Wettbewerbsbedingungen ihr K\u00f6nnen zu messen. Die Vorspiele sind \u00f6ffentlich. Der Eintritt ist frei. Genauere &hellip;<\/p>\n<\/div>","protected":false},"author":1,"featured_media":0,"comment_status":"closed","ping_status":"closed","sticky":false,"template":"","format":"standard","meta":{"footnotes":""},"categories":[1],"tags":[],"class_list":["post-50731","post","type-post","status-publish","format-standard","hentry","category-startseite"],"_links":{"self":[{"href":"https:\/\/www.fuldaernachrichten.de\/index.php?rest_route=\/wp\/v2\/posts\/50731","targetHints":{"allow":["GET"]}}],"collection":[{"href":"https:\/\/www.fuldaernachrichten.de\/index.php?rest_route=\/wp\/v2\/posts"}],"about":[{"href":"https:\/\/www.fuldaernachrichten.de\/index.php?rest_route=\/wp\/v2\/types\/post"}],"author":[{"embeddable":true,"href":"https:\/\/www.fuldaernachrichten.de\/index.php?rest_route=\/wp\/v2\/users\/1"}],"replies":[{"embeddable":true,"href":"https:\/\/www.fuldaernachrichten.de\/index.php?rest_route=%2Fwp%2Fv2%2Fcomments&post=50731"}],"version-history":[{"count":2,"href":"https:\/\/www.fuldaernachrichten.de\/index.php?rest_route=\/wp\/v2\/posts\/50731\/revisions"}],"predecessor-version":[{"id":50801,"href":"https:\/\/www.fuldaernachrichten.de\/index.php?rest_route=\/wp\/v2\/posts\/50731\/revisions\/50801"}],"wp:attachment":[{"href":"https:\/\/www.fuldaernachrichten.de\/index.php?rest_route=%2Fwp%2Fv2%2Fmedia&parent=50731"}],"wp:term":[{"taxonomy":"category","embeddable":true,"href":"https:\/\/www.fuldaernachrichten.de\/index.php?rest_route=%2Fwp%2Fv2%2Fcategories&post=50731"},{"taxonomy":"post_tag","embeddable":true,"href":"https:\/\/www.fuldaernachrichten.de\/index.php?rest_route=%2Fwp%2Fv2%2Ftags&post=50731"}],"curies":[{"name":"wp","href":"https:\/\/api.w.org\/{rel}","templated":true}]}}