{"id":50729,"date":"2010-01-27T05:04:33","date_gmt":"2010-01-27T04:04:33","guid":{"rendered":"http:\/\/www.schoene-nachrichten.de\/?p=50729"},"modified":"2010-01-27T08:04:50","modified_gmt":"2010-01-27T07:04:50","slug":"gedenken-zum-65-todestag-von-nikolaus-gross","status":"publish","type":"post","link":"https:\/\/www.fuldaernachrichten.de\/?p=50729","title":{"rendered":"Gedenken zum 65. Todestag von Nikolaus Gro\u00df"},"content":{"rendered":"<p><strong>Kleinl\u00fcder. <\/strong>Mit einer Heiligen Messe in der Wallfahrtskirche Kleinheiligkreuz gedachte die Katholische Arbeitnehmer-Bewegung (KAB) Di\u00f6zesanverband Fulda dem ehemaligen Schriftleiter der bundesweiten Westdeutschen Arbeiterzeitung Nikolaus Gro\u00df. Am 23. Januar 2010 war dieser von den Nationalsozialisten in Berlin-Pl\u00f6tzensee ermordet worden. F\u00fcr seinen Mut, trotz der Todesgefahr f\u00fcr seinen Glauben einzustehen sprach Papst Johannes Paul II. ihn am 7. Oktober 2001 selig.<!--more--><\/p>\n<p>Den Gottesdienst zelebrierte KAB Di\u00f6zesanpr\u00e4ses Pfarrer Christian Sack aus Bad Hersfeld. In seiner Predigt ging er auf die wichtigsten Lebens-Stationen von Nikolaus Gro\u00df ein. Als Arbeiter im Blechwalzwerk und mit seiner T\u00e4tigkeit als Kohlenhauer im Bergbau machte er wichtige Erfahrungen, die ihn schnell dazu brachten, sich im christlichen Gewerkverein f\u00fcr Arbeiterfragen zu engagieren.<\/p>\n<p>So stie\u00df er im Rahmen seines gewerkschaftlichen Engagements zur KAB und wurde Schriftleiter der deutschlandweit verbreiteten \u201eWestdeutschen Arbeiterzeitung\u201c die trotz Umbenennung in \u201eKetteler Wacht\u201c als KAB Zeitung sp\u00e4ter von den Nationalsozialisten verboten wurde. Seine gelebte christliche \u00dcberzeugung brachte ihn unter dem Unrechtsregime schnell mit Menschen des Widerstands zusammen und er publizierte ungeachtet der Gefahr f\u00fcr seine Frau und sieben Kinder christliches Gedankengut gegen die Nazis.<\/p>\n<p>Als Zugeh\u00f6riger zum \u201eK\u00f6lner Kreis\u201c verhaftete ihn die Gestapo 1944 und verbrachte ihn \u00fcber das Konzentrationslager Ravensbr\u00fcck nach Berlin wo ihm vor dem Volksgerichtshof unter Leitung von Roland Freisler der Prozess gemacht wurde. Verurteilt zum Tode wurde er am 23. Januar 1945 in Pl\u00f6tzensee bestialisch ermordet.<\/p>\n<p>KAB Di\u00f6zesanpr\u00e4ses Sack stellte den zahlreichen Gottesdienstbesuchern Nikolaus Gro\u00df neben anderen christlich-sozial engagierten Menschen wie Bernhard Letterhaus, Otto M\u00fcller, Gottfried K\u00f6nzgen, Joseph Joos, Hans Adlhoch und Rupert Mayer, als Vorbild in Bekennermut vor. \u201eUm wie viel leichter ist es heute, sich f\u00fcr christliche Werte und Gerechtigkeit zu engagieren, niemand muss irgendwelche Nachteile bef\u00fcrchten und dennoch f\u00e4llt es uns heute so schwer zu \u00dcberzeugungen zu stehen\u201c regte Sack zum Nachdenken an.<\/p>\n<p>Allein seinem Gewissen verpflichtet habe Gro\u00df einen \u00e4hnlichen Bekennermut gezeigt wie Thomas Morus und Nikolaus von der Flue. Er sprach die Hoffnung aus, dass sich viele Menschen in der KAB, die sich als Kirche in der Arbeiterbewegung und als politische Bewegung sieht, engagieren und das Ziel einer gerechteren Gesellschaftsordnung verfolgen.<\/p>\n<p>\u201eWie unsere Vorfahren auch, d\u00fcrfen wir uns dabei nicht nur in einem engen geschlossenen Kreis bewegen, sondern wir sind aufgerufen mit vielen gleichgesinnten Menschen den Austausch zu pflegen und gemeinsam unsere Ziele zu verfolgen\u201c rief Sack zur Kontaktaufnahme und\u00c2\u00a0 Zusammenarbeit mit Gewerkschaften und anderen Organisationen auf.<\/p>\n","protected":false},"excerpt":{"rendered":"<div class=\"tmnf_excerpt\"><p>Kleinl\u00fcder. Mit einer Heiligen Messe in der Wallfahrtskirche Kleinheiligkreuz gedachte die Katholische Arbeitnehmer-Bewegung (KAB) Di\u00f6zesanverband Fulda dem ehemaligen Schriftleiter der bundesweiten Westdeutschen Arbeiterzeitung Nikolaus Gro\u00df. Am 23. Januar 2010 war dieser von den Nationalsozialisten in Berlin-Pl\u00f6tzensee ermordet worden. F\u00fcr seinen Mut, trotz der Todesgefahr f\u00fcr seinen Glauben einzustehen sprach Papst Johannes Paul II. ihn am &hellip;<\/p>\n<\/div>","protected":false},"author":1,"featured_media":0,"comment_status":"closed","ping_status":"closed","sticky":false,"template":"","format":"standard","meta":{"footnotes":""},"categories":[1,50],"tags":[],"class_list":["post-50729","post","type-post","status-publish","format-standard","hentry","category-startseite","category-kirche"],"_links":{"self":[{"href":"https:\/\/www.fuldaernachrichten.de\/index.php?rest_route=\/wp\/v2\/posts\/50729","targetHints":{"allow":["GET"]}}],"collection":[{"href":"https:\/\/www.fuldaernachrichten.de\/index.php?rest_route=\/wp\/v2\/posts"}],"about":[{"href":"https:\/\/www.fuldaernachrichten.de\/index.php?rest_route=\/wp\/v2\/types\/post"}],"author":[{"embeddable":true,"href":"https:\/\/www.fuldaernachrichten.de\/index.php?rest_route=\/wp\/v2\/users\/1"}],"replies":[{"embeddable":true,"href":"https:\/\/www.fuldaernachrichten.de\/index.php?rest_route=%2Fwp%2Fv2%2Fcomments&post=50729"}],"version-history":[{"count":2,"href":"https:\/\/www.fuldaernachrichten.de\/index.php?rest_route=\/wp\/v2\/posts\/50729\/revisions"}],"predecessor-version":[{"id":50800,"href":"https:\/\/www.fuldaernachrichten.de\/index.php?rest_route=\/wp\/v2\/posts\/50729\/revisions\/50800"}],"wp:attachment":[{"href":"https:\/\/www.fuldaernachrichten.de\/index.php?rest_route=%2Fwp%2Fv2%2Fmedia&parent=50729"}],"wp:term":[{"taxonomy":"category","embeddable":true,"href":"https:\/\/www.fuldaernachrichten.de\/index.php?rest_route=%2Fwp%2Fv2%2Fcategories&post=50729"},{"taxonomy":"post_tag","embeddable":true,"href":"https:\/\/www.fuldaernachrichten.de\/index.php?rest_route=%2Fwp%2Fv2%2Ftags&post=50729"}],"curies":[{"name":"wp","href":"https:\/\/api.w.org\/{rel}","templated":true}]}}