{"id":50675,"date":"2010-01-26T06:03:25","date_gmt":"2010-01-26T05:03:25","guid":{"rendered":"http:\/\/www.schoene-nachrichten.de\/?p=50675"},"modified":"2010-01-26T08:03:32","modified_gmt":"2010-01-26T07:03:32","slug":"flohmarkt-rund-um-s-kind-in-eichenzell","status":"publish","type":"post","link":"https:\/\/www.fuldaernachrichten.de\/?p=50675","title":{"rendered":"FLOHMARKT \u201eRund um \u00cc\u0081s Kind\u201c in Eichenzell"},"content":{"rendered":"<p><strong>Eichenzell. <\/strong>Am Samstag, 6. M\u00e4rz 2010 von 14 bis 16 Uhr findet in der Kulturscheune in Eichenzell ein Flohmarkt &#8220;Rund ums Kind&#8221; statt. Organisiert wurde das Event von den Kitas Sternschnuppe und Generationenhaus in Eichenzell. Die Tischvergabe beginnt am Samstag, 6.2.10 ab 10 Uhr bei Frau Jest\u00e4dt, Tel: 06659 \/ 4820. Teilnehmer k\u00f6nnen ihre Tische am 6.3.2010 ab 13 Uhr aufbauen. Die Standgeb\u00fchr pro Tisch (wird gestellt) betr\u00e4gt 7,00 Euro und pro Kleiderst\u00e4nder (bitte selbst mitbringen) 3,00 Euro. Bei trockenem Wetter stehen zus\u00e4tzliche Pl\u00e4tze im Hof der Kulturscheune zur Verf\u00fcgung. Es erwarten Sie neben Kleidung, Spielsachen, N\u00fctzlichem &amp; Sch\u00f6nem auch Kaffee und Kuchen. Der Gewinn kommt den Kindern der beiden Kitas zugute.<\/p>\n","protected":false},"excerpt":{"rendered":"<div class=\"tmnf_excerpt\"><p>Eichenzell. Am Samstag, 6. M\u00e4rz 2010 von 14 bis 16 Uhr findet in der Kulturscheune in Eichenzell ein Flohmarkt &#8220;Rund ums Kind&#8221; statt. Organisiert wurde das Event von den Kitas Sternschnuppe und Generationenhaus in Eichenzell. Die Tischvergabe beginnt am Samstag, 6.2.10 ab 10 Uhr bei Frau Jest\u00e4dt, Tel: 06659 \/ 4820. Teilnehmer k\u00f6nnen ihre Tische &hellip;<\/p>\n<\/div>","protected":false},"author":1,"featured_media":0,"comment_status":"closed","ping_status":"closed","sticky":false,"template":"","format":"standard","meta":{"footnotes":""},"categories":[1,72,44],"tags":[],"class_list":["post-50675","post","type-post","status-publish","format-standard","hentry","category-startseite","category-jugend","category-kultur"],"_links":{"self":[{"href":"https:\/\/www.fuldaernachrichten.de\/index.php?rest_route=\/wp\/v2\/posts\/50675","targetHints":{"allow":["GET"]}}],"collection":[{"href":"https:\/\/www.fuldaernachrichten.de\/index.php?rest_route=\/wp\/v2\/posts"}],"about":[{"href":"https:\/\/www.fuldaernachrichten.de\/index.php?rest_route=\/wp\/v2\/types\/post"}],"author":[{"embeddable":true,"href":"https:\/\/www.fuldaernachrichten.de\/index.php?rest_route=\/wp\/v2\/users\/1"}],"replies":[{"embeddable":true,"href":"https:\/\/www.fuldaernachrichten.de\/index.php?rest_route=%2Fwp%2Fv2%2Fcomments&post=50675"}],"version-history":[{"count":4,"href":"https:\/\/www.fuldaernachrichten.de\/index.php?rest_route=\/wp\/v2\/posts\/50675\/revisions"}],"predecessor-version":[{"id":50692,"href":"https:\/\/www.fuldaernachrichten.de\/index.php?rest_route=\/wp\/v2\/posts\/50675\/revisions\/50692"}],"wp:attachment":[{"href":"https:\/\/www.fuldaernachrichten.de\/index.php?rest_route=%2Fwp%2Fv2%2Fmedia&parent=50675"}],"wp:term":[{"taxonomy":"category","embeddable":true,"href":"https:\/\/www.fuldaernachrichten.de\/index.php?rest_route=%2Fwp%2Fv2%2Fcategories&post=50675"},{"taxonomy":"post_tag","embeddable":true,"href":"https:\/\/www.fuldaernachrichten.de\/index.php?rest_route=%2Fwp%2Fv2%2Ftags&post=50675"}],"curies":[{"name":"wp","href":"https:\/\/api.w.org\/{rel}","templated":true}]}}